{"id":592132,"date":"2025-12-11T05:30:40","date_gmt":"2025-12-11T05:30:40","guid":{"rendered":"https:\/\/www.europesays.com\/fr\/592132\/"},"modified":"2025-12-11T05:30:40","modified_gmt":"2025-12-11T05:30:40","slug":"pronostic-nancy-clermont-ligue-2","status":"publish","type":"post","link":"https:\/\/www.europesays.com\/fr\/592132\/","title":{"rendered":"Pronostic Nancy Clermont &#8211; Ligue 2"},"content":{"rendered":"<p class=\"text-xs leading-5 text-gray-400 mb-2\">\n                        Publi\u00e9 le 10\/12\/2025 13:00<br \/>\n                        \u00a0par<br \/>\n                                                            <a href=\"https:\/\/www.sportytrader.com\/auteur\/steeven-occhipinti-1\/\" target=\"_blank\" rel=\"noopener\">Steeven Occhipinti<\/a><\/p>\n<p>                                                                                                            dans<br \/>\n                                <a data-trans=\"tips.published.competition %competition%\" href=\"https:\/\/www.sportytrader.com\/pronostics\/football\/france\/ligue-2-124\/\" target=\"_blank\" rel=\"noopener\"><br \/>\n                                    Pronostic Ligue 2<br \/>\n                                <\/a><\/p>\n<p style=\"text-align: justify;\">Pour la 17e journ\u00e9e de la Ligue 2, l&rsquo;AS Nancy-Lorraine va d\u00e9fier le Clermont Foot, ce vendredi \u00e0 20h00 au Stade Marcel-Picot. Promus en d\u00e9but d&rsquo;exercice, les locaux pourraient bien trembler jusqu&rsquo;au bout dans la course au maintien. Ils traversent une p\u00e9riode \u00f4 combien compliqu\u00e9e en deuxi\u00e8me division tricolore. Le club nanc\u00e9ien a perdu 6 fois lors de ses 7 pr\u00e9c\u00e9dentes journ\u00e9es. D\u00e9sormais, l&rsquo;\u00e9quipe entra\u00een\u00e9e par Pablo Correa est dans la zone rouge, \u00e0 la 17e place. Pour sa derni\u00e8re affiche en championnat en 2025, elle va tout faire pour relancer une spirale positive. Ce ne sera cependant pas si simple de le faire.<\/p>\n<p style=\"text-align: justify;\">Le Clermont Foot est un peu plus haut au classement de la Ligue 2. Il se trouve \u00e0 la 12e position du classement, avec 4 longueurs d&rsquo;avance sur le premier rel\u00e9gable. M\u00eame si le club clermontois est sorti tr\u00e8s t\u00f4t en Coupe de France, il reste difficile \u00e0 faire tomber lors des derni\u00e8res semaines. Les hommes de\u00a0Gr\u00e9gory Proment n&rsquo;ont pas perdu lors de leurs 3 pr\u00e9c\u00e9dentes journ\u00e9es. Apr\u00e8s une victoire contre l&rsquo;Amiens SC (2-1), ils ont su aller chercher 2 scores de parit\u00e9 contre le Red Star (2-2) et l&rsquo;US Boulogne (1-1). Ils n&rsquo;auront pas l&rsquo;intention de baisser le pied sur la pelouse d&rsquo;une \u00e9curie en grande difficult\u00e9.<\/p>\n","protected":false},"excerpt":{"rendered":"Publi\u00e9 le 10\/12\/2025 13:00 \u00a0par Steeven Occhipinti dans Pronostic Ligue 2 Pour la 17e journ\u00e9e de la Ligue&hellip;\n","protected":false},"author":2,"featured_media":592133,"comment_status":"","ping_status":"","sticky":false,"template":"","format":"standard","meta":{"footnotes":""},"categories":[9635],"tags":[1111,11,2313,1777,674,1011,27,775,446,1702,12,1817,1821,25],"class_list":{"0":"post-592132","1":"post","2":"type-post","3":"status-publish","4":"format-standard","5":"has-post-thumbnail","7":"category-nancy","8":"tag-actu","9":"tag-actualites","10":"tag-clermont","11":"tag-eu","12":"tag-europe","13":"tag-fr","14":"tag-france","15":"tag-grand-est","16":"tag-ligue-2","17":"tag-nancy","18":"tag-news","19":"tag-pronostic","20":"tag-pronostics","21":"tag-republique-francaise"},"share_on_mastodon":{"url":"https:\/\/pubeurope.com\/@fr\/115699294086945890","error":""},"_links":{"self":[{"href":"https:\/\/www.europesays.com\/fr\/wp-json\/wp\/v2\/posts\/592132","targetHints":{"allow":["GET"]}}],"collection":[{"href":"https:\/\/www.europesays.com\/fr\/wp-json\/wp\/v2\/posts"}],"about":[{"href":"https:\/\/www.europesays.com\/fr\/wp-json\/wp\/v2\/types\/post"}],"author":[{"embeddable":true,"href":"https:\/\/www.europesays.com\/fr\/wp-json\/wp\/v2\/users\/2"}],"replies":[{"embeddable":true,"href":"https:\/\/www.europesays.com\/fr\/wp-json\/wp\/v2\/comments?post=592132"}],"version-history":[{"count":0,"href":"https:\/\/www.europesays.com\/fr\/wp-json\/wp\/v2\/posts\/592132\/revisions"}],"wp:featuredmedia":[{"embeddable":true,"href":"https:\/\/www.europesays.com\/fr\/wp-json\/wp\/v2\/media\/592133"}],"wp:attachment":[{"href":"https:\/\/www.europesays.com\/fr\/wp-json\/wp\/v2\/media?parent=592132"}],"wp:term":[{"taxonomy":"category","embeddable":true,"href":"https:\/\/www.europesays.com\/fr\/wp-json\/wp\/v2\/categories?post=592132"},{"taxonomy":"post_tag","embeddable":true,"href":"https:\/\/www.europesays.com\/fr\/wp-json\/wp\/v2\/tags?post=592132"}],"curies":[{"name":"wp","href":"https:\/\/api.w.org\/{rel}","templated":true}]}}