{"id":592138,"date":"2025-12-11T05:35:14","date_gmt":"2025-12-11T05:35:14","guid":{"rendered":"https:\/\/www.europesays.com\/fr\/592138\/"},"modified":"2025-12-11T05:35:14","modified_gmt":"2025-12-11T05:35:14","slug":"aux-abords-de-la-future-ligne-5-a-montpellier-une-oeuvre-dart-apparait-lavez-vous-reperee","status":"publish","type":"post","link":"https:\/\/www.europesays.com\/fr\/592138\/","title":{"rendered":"Aux abords de la future ligne 5 \u00e0 Montpellier, une \u0153uvre d&rsquo;art appara\u00eet : l&rsquo;avez-vous rep\u00e9r\u00e9e\u00a0?"},"content":{"rendered":"<p>                    Par<br \/>\n        <strong><br \/>\n            <a href=\"https:\/\/actu.fr\/auteur\/lea-pippinato\" title=\"Consulter tous les articles de L\u00e9a Pippinato\" target=\"_blank\" rel=\"noopener\">L\u00e9a Pippinato<\/a><br \/>\n                    <\/strong><\/p>\n<p>        Publi\u00e9 le<\/p>\n<p>            11 d\u00e9c. 2025 \u00e0 6h10        <\/p>\n<p>Le r\u00e9am\u00e9nagement et l\u2019art public ont transform\u00e9 un carrefour longtemps domin\u00e9 par la voiture. La municipalit\u00e9 a inaugur\u00e9 <strong>ce mercredi 10 d\u00e9cembre 2025<\/strong> la place du 8 Mai 1945. Ce site strat\u00e9gique relie les avenues de Toulouse, Clemenceau et Lepic. Il se situe sous le viaduc de l\u2019avenue de la Libert\u00e9. Le chantier lanc\u00e9 en 2021 a modifi\u00e9 toute la zone et pr\u00e9pare l\u2019arriv\u00e9e de <a href=\"https:\/\/actu.fr\/occitanie\/montpellier_34172\/j-7-pour-l-inauguration-de-la-ligne-5-de-tram-a-montpellier-quel-est-le-programme-des-festivites_63506916.html\" target=\"_blank\" rel=\"noopener\">la ligne 5 du tramway qui entrera en service le 20 d\u00e9cembre.<\/a><\/p>\n<p>    <a href=\"https:\/\/www.google.com\/maps\/embed?pb=!1m18!1m12!1m3!1d23115.34922865283!2d3.8404096!3d43.597823999999996!2m3!1f0!2f0!3f0!3m2!1i1024!2i768!4f13.1!3m3!1m2!1s0x12b6afb281c92881%3A0x54a336dbddf3d374!2sPl.%20du%208%20Mai%201945%2C%20Montpellier!5e0!3m2!1sfr!2sfr!4v1765396318556!5m2!1sfr!2sfr\" title=\"Ouvrie le lien\" target=\"_blank\" rel=\"noopener\">Cliquez ici pour visualiser le contenu<\/a><\/p>\n<p class=\" wall-content\">Le maire, Micha\u00ebl Delafosse, a salu\u00e9 le travail des urbanistes de l\u2019agence Gau et \u00e9voqu\u00e9 l\u2019ancienne ambiance \u00ab\u00a0ultra routi\u00e8re\u00a0\u00bb du carrefour. Selon lui, la requalification ouvre une nouvelle \u00e9tape. Les sols se montrent perm\u00e9ables. Les abords des \u00e9coles Alphonse-Daudet et Marie-Curie gagnent des bancs. Une v\u00e9g\u00e9tation jeune s\u2019installe et doit, \u00e0 terme, rafra\u00eechir le quartier. Un \u00e9tudiant crois\u00e9 pr\u00e8s de la station \u00e9voque un tournant : \u00ab\u00a0Je passe tous les jours. Le changement est net. On voit enfin autre chose que le flux des voitures.\u00a0\u00bb<\/p>\n<p>Un secteur r\u00e9organis\u00e9 en profondeur<\/p>\n<p class=\" wall-content\">La cr\u00e9ation d\u2019un v\u00e9lo-parc pr\u00e9vue<strong> d\u00e9but 2026<\/strong> compl\u00e8te le dispositif. Les cheminements se structurent avec un rev\u00eatement homog\u00e8ne et prolongent ceux de l\u2019avenue Clemenceau et du centre historique. L\u2019\u00e9clairage nocturne mettra en valeur la station et les circulations sous l\u2019ouvrage. Le maire a rappel\u00e9 l\u2019\u00e9volution du plan de circulation. \u00ab Gr\u00e2ce \u00e0 un travail fin, nous avons r\u00e9pondu \u00e0 une demande du collectif citoyen. Une partie des v\u00e9hicules sera d\u00e9tourn\u00e9e. 60 % de bus en moins passeront ici\u00a0\u00bb, a-t-il annonc\u00e9. <a href=\"https:\/\/actu.fr\/occitanie\/montpellier_34172\/montpellier-decouvrez-la-nouvelle-carte-des-transports-en-commun-de-la-metropole_63436509.html\" target=\"_blank\" rel=\"noopener\">Le lancement du nouveau r\u00e9seau de bus accompagnera l\u2019ouverture de la ligne 5.<\/a><\/p>\n<p>Une \u0153uvre qui devient lieu de vie<\/p>\n<p class=\" wall-content\">Apr\u00e8s le discours urbain, place \u00e0 la culture. La ville a d\u00e9voil\u00e9 l\u2019un des deux bas-reliefs cr\u00e9\u00e9s <a href=\"https:\/\/actu.fr\/occitanie\/montpellier_34172\/montpellier-un-design-et-des-animations-main-verte-pour-la-ligne-5-de-tramway_56713107.html\" target=\"_blank\" rel=\"noopener\">par Barth\u00e9l\u00e9my Toguo pour la ligne 5<\/a>. Le second prendra place face \u00e0 l\u2019universit\u00e9 Paul-Val\u00e9ry. Ces \u0153uvres, intitul\u00e9es Feuille de vie, incarnent la rencontre entre humanit\u00e9 et univers v\u00e9g\u00e9tal. \u00a0Numa Hambursin, directeur du MO.CO. et des Beaux-Arts, a port\u00e9 la parole de l\u2019artiste, actuellement au Br\u00e9sil. \u00ab\u00a0Barth\u00e9l\u00e9my Toguo ne veut pas d\u2019une sculpture pos\u00e9e au milieu d\u2019un rond-point. Il veut des \u0153uvres proches des gens, qu\u2019elles fassent partie du quotidien.\u00a0\u00bb L\u2019artiste a choisi la technique de <strong>la fonderie au sable d\u2019aluminium<\/strong>. Le bas-relief se lit recto verso. Il oscille entre dessin et sculpture, dans un esprit inspir\u00e9 de Donatello et des portes Yoruba.<\/p>\n<p>Vid\u00e9os : en ce moment sur Actu<br \/>\n    <img   decoding=\"async\" loading=\"lazy\" src=\"https:\/\/www.europesays.com\/fr\/wp-content\/uploads\/2025\/12\/tempimagepeyyaf-960x640.jpg\" alt=\"La place du 8 Mai 1945, enti\u00e8rement r\u00e9am\u00e9nag\u00e9e, a \u00e9t\u00e9 inaugur\u00e9e ce mercredi \u00e0 Montpellier.\" width=\"960\" height=\"640\"\/><br \/>\n    La place du 8 Mai 1945, enti\u00e8rement r\u00e9am\u00e9nag\u00e9e, a \u00e9t\u00e9 inaugur\u00e9e ce mercredi \u00e0 Montpellier. (\u00a9M\u00e9tropolitain \/ LP)<\/p>\n<p class=\" wall-content\">La ville d\u00e9veloppe une ligne 5 ponctu\u00e9e d\u2019\u0153uvres. Une fresque de Paul Rousseau et Pauline Pag\u00e8s Lloberas rejoindra le dispositif. Les deux artistes, dipl\u00f4m\u00e9s des Beaux-Arts de Montpellier, ont travaill\u00e9 en r\u00e9sidence \u00e0 Bandjoun Station au Cameroun. Leur cr\u00e9ation s\u2019inspire de l\u2019agro\u00e9cologie et de la biodiversit\u00e9. Elle sera inaugur\u00e9e<strong> le 19 d\u00e9cembre<\/strong> sur le mur du Cirad et compl\u00e9tera un parcours culturel associ\u00e9 au nouveau tramway.<\/p>\n<p class=\" wall-content\">Personnalisez votre actualit\u00e9 en ajoutant vos villes et m\u00e9dias en favori avec <a href=\"https:\/\/moncompte.actu.fr\" title=\"D\u00e9couvez Mon Actu\" rel=\"nofollow noopener\" data-trk=\"{&quot;cta&quot;:{&quot;action&quot;:&quot;https:\\\/\\\/moncompte.actu.fr&quot;,&quot;category&quot;:&quot;mon compte&quot;,&quot;from&quot;:&quot;article footer&quot;,&quot;name&quot;:&quot;Mon actu&quot;,&quot;type&quot;:&quot;cta&quot;}}\" target=\"_blank\">Mon Actu<\/a>.<\/p>\n","protected":false},"excerpt":{"rendered":"Par L\u00e9a Pippinato Publi\u00e9 le 11 d\u00e9c. 2025 \u00e0 6h10 Le r\u00e9am\u00e9nagement et l\u2019art public ont transform\u00e9 un&hellip;\n","protected":false},"author":2,"featured_media":592139,"comment_status":"","ping_status":"","sticky":false,"template":"","format":"standard","meta":{"footnotes":""},"categories":[9599],"tags":[1111,11,1777,674,1011,27,2208,12,2680,25,104,59623,2803,2086],"class_list":{"0":"post-592138","1":"post","2":"type-post","3":"status-publish","4":"format-standard","5":"has-post-thumbnail","7":"category-montpellier","8":"tag-actu","9":"tag-actualites","10":"tag-eu","11":"tag-europe","12":"tag-fr","13":"tag-france","14":"tag-montpellier","15":"tag-news","16":"tag-occitanie","17":"tag-republique-francaise","18":"tag-societe","19":"tag-tam","20":"tag-transport","21":"tag-travaux"},"share_on_mastodon":{"url":"","error":""},"_links":{"self":[{"href":"https:\/\/www.europesays.com\/fr\/wp-json\/wp\/v2\/posts\/592138","targetHints":{"allow":["GET"]}}],"collection":[{"href":"https:\/\/www.europesays.com\/fr\/wp-json\/wp\/v2\/posts"}],"about":[{"href":"https:\/\/www.europesays.com\/fr\/wp-json\/wp\/v2\/types\/post"}],"author":[{"embeddable":true,"href":"https:\/\/www.europesays.com\/fr\/wp-json\/wp\/v2\/users\/2"}],"replies":[{"embeddable":true,"href":"https:\/\/www.europesays.com\/fr\/wp-json\/wp\/v2\/comments?post=592138"}],"version-history":[{"count":0,"href":"https:\/\/www.europesays.com\/fr\/wp-json\/wp\/v2\/posts\/592138\/revisions"}],"wp:featuredmedia":[{"embeddable":true,"href":"https:\/\/www.europesays.com\/fr\/wp-json\/wp\/v2\/media\/592139"}],"wp:attachment":[{"href":"https:\/\/www.europesays.com\/fr\/wp-json\/wp\/v2\/media?parent=592138"}],"wp:term":[{"taxonomy":"category","embeddable":true,"href":"https:\/\/www.europesays.com\/fr\/wp-json\/wp\/v2\/categories?post=592138"},{"taxonomy":"post_tag","embeddable":true,"href":"https:\/\/www.europesays.com\/fr\/wp-json\/wp\/v2\/tags?post=592138"}],"curies":[{"name":"wp","href":"https:\/\/api.w.org\/{rel}","templated":true}]}}