{"id":592146,"date":"2025-12-11T05:40:17","date_gmt":"2025-12-11T05:40:17","guid":{"rendered":"https:\/\/www.europesays.com\/fr\/592146\/"},"modified":"2025-12-11T05:40:17","modified_gmt":"2025-12-11T05:40:17","slug":"commerces-ouverts-le-dimanche-transports-gratuits-parade-le-noel-des-commercants-de-retour-a-rennes","status":"publish","type":"post","link":"https:\/\/www.europesays.com\/fr\/592146\/","title":{"rendered":"Commerces ouverts le dimanche, transports gratuits, parade&#8230; Le No\u00ebl des commer\u00e7ants de retour \u00e0 Rennes"},"content":{"rendered":"<p>                    Par<br \/>\n        <strong><br \/>\n            <a href=\"https:\/\/actu.fr\/auteur\/clemence-pays02-actu-fr\" title=\"Consulter tous les articles de Cl\u00e9mence Pays\" target=\"_blank\" rel=\"noopener\">Cl\u00e9mence Pays<\/a><br \/>\n                    <\/strong><\/p>\n<p>        Publi\u00e9 le<\/p>\n<p>            11 d\u00e9c. 2025 \u00e0 6h02        <\/p>\n<p>L\u2019association des commer\u00e7ants du centre-ville de Rennes se met \u00e0 l\u2019heure de <a href=\"https:\/\/actu.fr\/tag\/noel-a-rennes\" target=\"_blank\" rel=\"noopener\">No\u00ebl<\/a> et d\u00e9voile un <strong>programme d\u2019animations,<\/strong> qui viennent s\u2019ajouter <a href=\"https:\/\/actu.fr\/bretagne\/rennes_35238\/noel-a-rennes-les-decorations-commencent-deja-a-etre-installees-voici-quand-debuteront-les-illuminations_63263743.html\" target=\"_blank\" rel=\"noopener\">aux d\u00e9corations d\u00e9j\u00e0 pr\u00e9sentes<\/a> et au <a href=\"https:\/\/actu.fr\/bretagne\/rennes_35238\/le-marche-de-noel-s-installe-sur-le-mail-francois-mitterrand-date-horaires-ce-qu-il-faut-retenir_63445545.html\" target=\"_blank\" rel=\"noopener\">march\u00e9 de No\u00ebl<\/a>. Les festivit\u00e9s organis\u00e9es par le Carr\u00e9 rennais se tiendront <strong>du samedi\u00a013 au samedi 27\u00a0d\u00e9cembre 2025.<\/strong><\/p>\n<p class=\" wall-content\">Voici ce qui est pr\u00e9vu.<\/p>\n<p>Deux dimanches ouvr\u00e9s<\/p>\n<p class=\" wall-content\">Pour permettre \u00e0 chacune et chacun de faire ses achats de No\u00ebl, les commerces adh\u00e9rents au Carr\u00e9 rennais resteront <strong>ouverts les dimanches 14 et 21\u00a0d\u00e9cembre.<\/strong><\/p>\n<p class=\" wall-content\">\u00c0 noter \u00e9galement, les <strong>transports en commun seront gratuits<\/strong> dimanche 21\u00a0d\u00e9cembre.<\/p>\n<p>Des bons d&rsquo;achat Carr\u00e9 rennais<\/p>\n<p>En panne d&rsquo;id\u00e9e cadeaux pour vos proches ? Le Carr\u00e9 rennais propose des bons d&rsquo;achat \u00e0 d\u00e9penser dans plus de 180 boutiques du centre-ville. D&rsquo;une valeur unitaire de 10 euros, ils sont valables un an. <br \/>Pour se les procurer, il suffit de les acheter sur le site du Carr\u00e9 rennais, ou de les commander par mail \u00e0 <a href=\"https:\/\/actu.fr\/cdn-cgi\/l\/email-protection\" class=\"__cf_email__\" data-cfemail=\"385b57564c595b4c785b594a4a5d4a5d565659514b165e4a\" target=\"_blank\" rel=\"noopener\">[email\u00a0protected]<\/a>, par t\u00e9l\u00e9phone au 02 99 64 36 93 ou directement au bureau de l&rsquo;association (4, rue Ch\u00e2teaurenault \u00e0 Rennes).<\/p>\n<p>Un circuit en sulkys<\/p>\n<p class=\" wall-content\">C\u2019est la nouveaut\u00e9 du No\u00ebl des commer\u00e7ants\u2009: le<strong> circuit en sulkys.<\/strong> \u00ab\u2009Remontez le temps et d\u00e9placez-vous \u00e0 dos de votre sulky sur un circuit ludique install\u00e9 place Saint-Germain\u2009\u00bb, annonce le Carr\u00e9 rennais.<\/p>\n<p class=\" wall-content\">Petits et grands pourront profiter de ces <strong>balades en libre acc\u00e8s<\/strong> \u00e0 bord de ces petites voitures hippomobiles \u00e0 deux roues, du mercredi\u00a017 au samedi 27\u00a0d\u00e9cembre, de 14h \u00e0 19h.<\/p>\n<p>Votre r\u00e9gion, votre actu !<\/p>\n<p>Recevez chaque jour les infos qui comptent pour vous.<\/p>\n<p>\t<a href=\"https:\/\/actu.fr\/newsletter\" class=\"ac-btn ac-btn--corner ac-btn--medium ac-btn--blue800\" target=\"_blank\" rel=\"noopener\">S&rsquo;incrire<\/a><br \/>\nLa Grande Parade<\/p>\n<p class=\" wall-content\">Rendez-vous incontournable des f\u00eates de fin d\u2019ann\u00e9e, la <strong>Grande Parade<\/strong> est pr\u00e9vue samedi 13\u00a0d\u00e9cembre. Le d\u00e9part du cort\u00e8ge est programm\u00e9 \u00e0 16h30, place Saint-Germain.<\/p>\n<p class=\" wall-content\">La compagnie <strong>Remue M\u00e9nage<\/strong> pr\u00e9sentera <strong>L\u2019Envol.<\/strong> Les spectateurs pourront admirer les danses a\u00e9riennes de cr\u00e9atures lumineuses et d\u2019oiseaux scintillants.<\/p>\n<p class=\" wall-content\">La parade s\u2019\u00e9lancera de la place Saint-Germain, direction rue Edith-Cavell, place du Parlement, rue Nationale, rue de la Fayette, rue de Toulouse, rue de Clisson, rue de Montfort, rue Beaumanoir, rue Co\u00ebtquen, place Saint-Germain.<\/p>\n<p>Les promenades en cal\u00e8che<\/p>\n<p class=\" wall-content\">Attraction tr\u00e8s appr\u00e9ci\u00e9e, <strong>les cal\u00e8ches<\/strong> seront de retour pour embarquer ceux qui le souhaitent dans une <strong>promenade gratuite<\/strong> dans les rues de Rennes.<\/p>\n<p>    <img   decoding=\"async\" loading=\"lazy\" src=\"https:\/\/www.europesays.com\/fr\/wp-content\/uploads\/2025\/12\/2-carre-rennais-rennes-place-saint-germain-caleche-cheveaux-animations-de-noel-960x640.jpg\" alt=\"cal\u00e8che No\u00ebl\" width=\"960\" height=\"640\"\/><br \/>\n    Des balades gratuites en cal\u00e8che sont organis\u00e9es dans le centre-ville de Rennes par le Carr\u00e9 rennais. (\u00a9Archives Cl\u00e9mence Pays\/actu Rennes)<\/p>\n<p class=\" wall-content\">Attention, il faut<strong> r\u00e9server<\/strong> par t\u00e9l\u00e9phone, au 02\u200999\u200936\u200964\u200993 ou directement au chalet du Carr\u00e9 rennais, place Saint-Germain. Les cr\u00e9neaux sont ouverts<strong> de 17h \u00e0 19h,<\/strong> mercredi\u00a017, samedi\u00a020, dimanche\u00a021, mardi\u00a023, mercredi\u00a024, vendredi\u00a026 et samedi 27\u00a0d\u00e9cembre.<\/p>\n<p>Chorale et jazz<\/p>\n<p class=\" wall-content\">Des<strong> d\u00e9ambulations musicales<\/strong> sont annonc\u00e9es pour les mercredi\u00a017, samedi\u00a020, dimanche\u00a021, mardi\u00a023, mercredi\u00a024, vendredi\u00a026 et samedi 27\u00a0d\u00e9cembre, de 15h \u00e0 17h30. Un <strong>concert<\/strong> sera ensuite donn\u00e9 place Saint-Germain, de 17h30 \u00e0 18h.<\/p>\n<p class=\" wall-content\">C\u2019est le trio <strong>Chauffe Marcel<\/strong> qui sera aux commandes pour apporter \u00ab\u2009une touche jazzy aux rues du centre-ville\u2009\u00bb.<\/p>\n<p class=\" wall-content\">Plusieurs <strong>chorales<\/strong> auront \u00e9galement l\u2019occasion de donner de la voix\u2009:<\/p>\n<ul class=\" wall-content\">\n<li>mercredi 17\u00a0d\u00e9cembre, \u00e0 20h, place Saint-Germain, chorale d\u2019\u00e9tudiants Exultemus\u2009;<\/li>\n<li>samedi 20\u00a0d\u00e9cembre, \u00e0 14h30, place de la Mairie, puis \u00e0 16h, place Saint-Germain, chorale Les F\u00e9l\u00e9s du Vocal\u2009;<\/li>\n<li>dimanche 21\u00a0d\u00e9cembre, \u00e0 16h30, place Saint-Germain, chorale Uniisson.<\/li>\n<\/ul>\n<p class=\" wall-content\">Personnalisez votre actualit\u00e9 en ajoutant vos villes et m\u00e9dias en favori avec <a href=\"https:\/\/moncompte.actu.fr\" title=\"D\u00e9couvez Mon Actu\" rel=\"nofollow noopener\" data-trk=\"{&quot;cta&quot;:{&quot;action&quot;:&quot;https:\\\/\\\/moncompte.actu.fr&quot;,&quot;category&quot;:&quot;mon compte&quot;,&quot;from&quot;:&quot;article footer&quot;,&quot;name&quot;:&quot;Mon actu&quot;,&quot;type&quot;:&quot;cta&quot;}}\" target=\"_blank\">Mon Actu<\/a>.<\/p>\n","protected":false},"excerpt":{"rendered":"Par Cl\u00e9mence Pays Publi\u00e9 le 11 d\u00e9c. 2025 \u00e0 6h02 L\u2019association des commer\u00e7ants du centre-ville de Rennes se&hellip;\n","protected":false},"author":2,"featured_media":592147,"comment_status":"","ping_status":"","sticky":false,"template":"","format":"standard","meta":{"footnotes":""},"categories":[2821],"tags":[1111,11,1063,829,1777,674,1011,27,1652,12,57084,584,25],"class_list":{"0":"post-592146","1":"post","2":"type-post","3":"status-publish","4":"format-standard","5":"has-post-thumbnail","7":"category-rennes","8":"tag-actu","9":"tag-actualites","10":"tag-animations","11":"tag-bretagne","12":"tag-eu","13":"tag-europe","14":"tag-fr","15":"tag-france","16":"tag-loisirs-culture","17":"tag-news","18":"tag-noel-a-rennes","19":"tag-rennes","20":"tag-republique-francaise"},"share_on_mastodon":{"url":"https:\/\/pubeurope.com\/@fr\/115699334514958621","error":""},"_links":{"self":[{"href":"https:\/\/www.europesays.com\/fr\/wp-json\/wp\/v2\/posts\/592146","targetHints":{"allow":["GET"]}}],"collection":[{"href":"https:\/\/www.europesays.com\/fr\/wp-json\/wp\/v2\/posts"}],"about":[{"href":"https:\/\/www.europesays.com\/fr\/wp-json\/wp\/v2\/types\/post"}],"author":[{"embeddable":true,"href":"https:\/\/www.europesays.com\/fr\/wp-json\/wp\/v2\/users\/2"}],"replies":[{"embeddable":true,"href":"https:\/\/www.europesays.com\/fr\/wp-json\/wp\/v2\/comments?post=592146"}],"version-history":[{"count":0,"href":"https:\/\/www.europesays.com\/fr\/wp-json\/wp\/v2\/posts\/592146\/revisions"}],"wp:featuredmedia":[{"embeddable":true,"href":"https:\/\/www.europesays.com\/fr\/wp-json\/wp\/v2\/media\/592147"}],"wp:attachment":[{"href":"https:\/\/www.europesays.com\/fr\/wp-json\/wp\/v2\/media?parent=592146"}],"wp:term":[{"taxonomy":"category","embeddable":true,"href":"https:\/\/www.europesays.com\/fr\/wp-json\/wp\/v2\/categories?post=592146"},{"taxonomy":"post_tag","embeddable":true,"href":"https:\/\/www.europesays.com\/fr\/wp-json\/wp\/v2\/tags?post=592146"}],"curies":[{"name":"wp","href":"https:\/\/api.w.org\/{rel}","templated":true}]}}