{"id":592158,"date":"2025-12-11T05:46:20","date_gmt":"2025-12-11T05:46:20","guid":{"rendered":"https:\/\/www.europesays.com\/fr\/592158\/"},"modified":"2025-12-11T05:46:20","modified_gmt":"2025-12-11T05:46:20","slug":"cinema-avant-premiere-la-bande-a-fifi-et-lequipe-du-marsupilami-au-pathe-de-nantes-ce-2","status":"publish","type":"post","link":"https:\/\/www.europesays.com\/fr\/592158\/","title":{"rendered":"CIN\u00c9MA. Avant-premi\u00e8re : la Bande \u00e0 Fifi et l\u2019\u00e9quipe du Marsupilami au Path\u00e9 de Nantes ce"},"content":{"rendered":"<p>Se pr\u00e9sentant comme une com\u00e9die survitamin\u00e9e s\u2019adressant \u00e0 toute la famille, le film s\u2019inspire tr\u00e8s librement du mythique marsupial n\u00e9 sous le crayon d\u2019Andr\u00e9 Franquin. Cette nouvelle aventure qui entend allier l\u2019humour potache de Lacheau<strong>\u00a0<\/strong>et de ses complices, \u00e0 l\u2019esprit rafra\u00eechissant de la BD, conte les tribulations d\u2019un gardien de zoo calamiteux. Il devra, lors d\u2019une croisi\u00e8re mouvement\u00e9e, prot\u00e9ger un b\u00e9b\u00e9 Marsupilami des nombreux trafiquants d\u2019animaux pr\u00eats \u00e0 tout pour s\u2019en emparer. Il va de soi que la bondissante\u00a0cr\u00e9ature s\u2019av\u00e9rera aussi pleine de ressources que de malices. Rappelons qu\u2019un pr\u00e9c\u00e9dent film, r\u00e9alis\u00e9 par Alain Chabat en 2012 s\u2019\u00e9tait d\u00e9j\u00e0 inspir\u00e9 du m\u00eame personnage. \u00c0 noter que le film, qui compte \u00e9galement Jamel Debbouze et Jean Reno au g\u00e9n\u00e9rique, sera sur tous les \u00e9crans \u00e0 partir du 4\u00a0f\u00e9vrier 2026<\/p>\n<p>Avant-premi\u00e8re de\u00a0Marsupilami, en pr\u00e9sence de l\u2019\u00e9quipe, le vendredi 12\u00a0d\u00e9cembre au Path\u00e9 Nantes, 12, place du Commerce, \u00e0 20\u00a0h\u00a030.<\/p>\n<p>\u00a0<\/p>\n","protected":false},"excerpt":{"rendered":"Se pr\u00e9sentant comme une com\u00e9die survitamin\u00e9e s\u2019adressant \u00e0 toute la famille, le film s\u2019inspire tr\u00e8s librement du mythique&hellip;\n","protected":false},"author":2,"featured_media":592045,"comment_status":"","ping_status":"","sticky":false,"template":"","format":"standard","meta":{"footnotes":""},"categories":[2818],"tags":[6888,1111,11,10903,26062,650,49832,2263,1777,674,70510,1011,27,69784,766,12,16641,2636,25,6949],"class_list":{"0":"post-592158","1":"post","2":"type-post","3":"status-publish","4":"format-standard","5":"has-post-thumbnail","7":"category-nantes","8":"tag-6888","9":"tag-actu","10":"tag-actualites","11":"tag-avant-premiere","12":"tag-bande","13":"tag-cinema","14":"tag-decembre","15":"tag-equipe","16":"tag-eu","17":"tag-europe","18":"tag-fifi","19":"tag-fr","20":"tag-france","21":"tag-marsupilami","22":"tag-nantes","23":"tag-news","24":"tag-pathe","25":"tag-pays-de-la-loire","26":"tag-republique-francaise","27":"tag-vendredi"},"share_on_mastodon":{"url":"https:\/\/pubeurope.com\/@fr\/115699357219466171","error":""},"_links":{"self":[{"href":"https:\/\/www.europesays.com\/fr\/wp-json\/wp\/v2\/posts\/592158","targetHints":{"allow":["GET"]}}],"collection":[{"href":"https:\/\/www.europesays.com\/fr\/wp-json\/wp\/v2\/posts"}],"about":[{"href":"https:\/\/www.europesays.com\/fr\/wp-json\/wp\/v2\/types\/post"}],"author":[{"embeddable":true,"href":"https:\/\/www.europesays.com\/fr\/wp-json\/wp\/v2\/users\/2"}],"replies":[{"embeddable":true,"href":"https:\/\/www.europesays.com\/fr\/wp-json\/wp\/v2\/comments?post=592158"}],"version-history":[{"count":0,"href":"https:\/\/www.europesays.com\/fr\/wp-json\/wp\/v2\/posts\/592158\/revisions"}],"wp:featuredmedia":[{"embeddable":true,"href":"https:\/\/www.europesays.com\/fr\/wp-json\/wp\/v2\/media\/592045"}],"wp:attachment":[{"href":"https:\/\/www.europesays.com\/fr\/wp-json\/wp\/v2\/media?parent=592158"}],"wp:term":[{"taxonomy":"category","embeddable":true,"href":"https:\/\/www.europesays.com\/fr\/wp-json\/wp\/v2\/categories?post=592158"},{"taxonomy":"post_tag","embeddable":true,"href":"https:\/\/www.europesays.com\/fr\/wp-json\/wp\/v2\/tags?post=592158"}],"curies":[{"name":"wp","href":"https:\/\/api.w.org\/{rel}","templated":true}]}}