{"id":592167,"date":"2025-12-11T05:51:11","date_gmt":"2025-12-11T05:51:11","guid":{"rendered":"https:\/\/www.europesays.com\/fr\/592167\/"},"modified":"2025-12-11T05:51:11","modified_gmt":"2025-12-11T05:51:11","slug":"les-artistes-meridionaux-exposes-au-capitole","status":"publish","type":"post","link":"https:\/\/www.europesays.com\/fr\/592167\/","title":{"rendered":"Les artistes m\u00e9ridionaux expos\u00e9s au Capitole"},"content":{"rendered":"<p>\n                                                                    l&rsquo;essentiel<br \/>\n                                                                Pour son 120e anniversaire, la Soci\u00e9t\u00e9 des artistes m\u00e9ridionaux propose l\u2019exposition \u00ab\u00a0Noir \u00a7\u00a0Blanc\u00a0\u00bb \u00e0 l\u2019accueil g\u00e9n\u00e9ral de l\u2019h\u00f4tel de ville. L\u2019occasion de d\u00e9couvrir 23 artistes au trait original, jusqu\u2019au 28\u00a0d\u00e9cembre, place du Capitole.\n                            <\/p>\n<p>\u00ab\u00a0Colonnes\u00a0\u00bb, \u00ab\u00a0Brisons le silence\u00a0\u00bb, \u00ab\u00a0Volupt\u00e9 aquatique\u00a0\u00bb, \u00ab\u00a0Passage\u00a0\u00bb, \u00ab\u00a0La verdine oubli\u00e9e\u00a0\u00bb, \u00ab\u00a0Humus\u00a0\u00bb\u2026 Vous entrez au march\u00e9 de No\u00ebl et vous pouvez d\u00e9couvrir une autre f\u00e9erie o\u00f9 rien n\u2019est \u00e0 acheter, celle des tableaux d\u2019Alcaline, Alsemo, Aragon, B\u00e9reng\u00e8re, Dion, Dorne, Essa, Goerlinger, Guillou, Larrieu, Maligoy, Mazzia, Pascal, Pedro, Penin, Puel, Rouget, Teysseyre, Vehil, Vercellotti, Viaud, Voisin et Welter, les 23 artistes regroup\u00e9s dans des techniques mixtes autour du noir et blanc.<\/p>\n<p>Chaque exposition de la soci\u00e9t\u00e9 est sp\u00e9cifique\u00a0: en 2025, f\u00e9vrier a vu la Biblioth\u00e8que universitaire de l\u2019Arsenal accueillir de tr\u00e8s grands formats. Puis la Manufacture des Tabacs des petits formats\u00a0; \u00e0 Villeneuve-Tolosane, l\u2019ancien a c\u00f4toy\u00e9 le nouveau. Et \u00e0 Shanghai m\u00eame une grosse exposition a rassembl\u00e9 26 soci\u00e9taires qui ont pu profiter d\u2019un accueil extraordinaire.<\/p>\n<p>Un livre \u00ab\u00a0Artistes m\u00e9ridionaux, 120 ans de passion\u00a0\u00bb retrace la trajectoire d\u2019une soci\u00e9t\u00e9 men\u00e9e aujourd\u2019hui par Alain Casado. Le mois dernier, l\u2019un des soci\u00e9taires a remport\u00e9 le prix de la Ville de Toulouse. C\u2019est dire l\u2019importance de ce comit\u00e9, qui inaugurera jeudi 11\u00a0d\u00e9cembre le 95e salon des artistes m\u00e9ridionaux au Centre d\u2019Art Vitry agrandi de trois nouvelles salles \u00e0 l\u2019\u00e9tage.<\/p>\n<p>\u00ab\u00a0On est en parall\u00e8le avec ce qui se fait \u00e0 Bruxelles\u00a0\u00bb r\u00e9v\u00e8le fi\u00e8rement Alain Casado. Dans le sens de transformer une salle des ventes en salle des arts. \u00ab\u00a0Mon objectif \u00e0 Toulouse est de cr\u00e9er une soci\u00e9t\u00e9 d\u2019artistes int\u00e9ressants, contemporains et de cr\u00e9er un lieu pour eux\u00a0\u00bb.<\/p>\n<p>Jusqu\u2019au 28\u00a0d\u00e9cembre \u00e0 l\u2019accueil g\u00e9n\u00e9ral de l\u2019h\u00f4tel de ville (place du Capitole) \u00e0 Toulouse. Ouverture aux heures d\u2019accueil du public. Entr\u00e9e libre.<\/p>\n","protected":false},"excerpt":{"rendered":"l&rsquo;essentiel Pour son 120e anniversaire, la Soci\u00e9t\u00e9 des artistes m\u00e9ridionaux propose l\u2019exposition \u00ab\u00a0Noir \u00a7\u00a0Blanc\u00a0\u00bb \u00e0 l\u2019accueil g\u00e9n\u00e9ral de&hellip;\n","protected":false},"author":2,"featured_media":592168,"comment_status":"","ping_status":"","sticky":false,"template":"","format":"standard","meta":{"footnotes":""},"categories":[2816],"tags":[1111,11,872,1777,674,1349,1011,27,2722,12,2680,25,2312],"class_list":{"0":"post-592167","1":"post","2":"type-post","3":"status-publish","4":"format-standard","5":"has-post-thumbnail","7":"category-toulouse","8":"tag-actu","9":"tag-actualites","10":"tag-culture-et-loisirs","11":"tag-eu","12":"tag-europe","13":"tag-expositions","14":"tag-fr","15":"tag-france","16":"tag-haute-garonne","17":"tag-news","18":"tag-occitanie","19":"tag-republique-francaise","20":"tag-toulouse"},"share_on_mastodon":{"url":"https:\/\/pubeurope.com\/@fr\/115699376653389454","error":""},"_links":{"self":[{"href":"https:\/\/www.europesays.com\/fr\/wp-json\/wp\/v2\/posts\/592167","targetHints":{"allow":["GET"]}}],"collection":[{"href":"https:\/\/www.europesays.com\/fr\/wp-json\/wp\/v2\/posts"}],"about":[{"href":"https:\/\/www.europesays.com\/fr\/wp-json\/wp\/v2\/types\/post"}],"author":[{"embeddable":true,"href":"https:\/\/www.europesays.com\/fr\/wp-json\/wp\/v2\/users\/2"}],"replies":[{"embeddable":true,"href":"https:\/\/www.europesays.com\/fr\/wp-json\/wp\/v2\/comments?post=592167"}],"version-history":[{"count":0,"href":"https:\/\/www.europesays.com\/fr\/wp-json\/wp\/v2\/posts\/592167\/revisions"}],"wp:featuredmedia":[{"embeddable":true,"href":"https:\/\/www.europesays.com\/fr\/wp-json\/wp\/v2\/media\/592168"}],"wp:attachment":[{"href":"https:\/\/www.europesays.com\/fr\/wp-json\/wp\/v2\/media?parent=592167"}],"wp:term":[{"taxonomy":"category","embeddable":true,"href":"https:\/\/www.europesays.com\/fr\/wp-json\/wp\/v2\/categories?post=592167"},{"taxonomy":"post_tag","embeddable":true,"href":"https:\/\/www.europesays.com\/fr\/wp-json\/wp\/v2\/tags?post=592167"}],"curies":[{"name":"wp","href":"https:\/\/api.w.org\/{rel}","templated":true}]}}