{"id":592171,"date":"2025-12-11T05:54:11","date_gmt":"2025-12-11T05:54:11","guid":{"rendered":"https:\/\/www.europesays.com\/fr\/592171\/"},"modified":"2025-12-11T05:54:11","modified_gmt":"2025-12-11T05:54:11","slug":"le-nouveau-prefet-ne-dit-pas-non-a-une-halte-soins-addictions-a-marseille","status":"publish","type":"post","link":"https:\/\/www.europesays.com\/fr\/592171\/","title":{"rendered":"Le nouveau pr\u00e9fet ne dit pas non \u00e0 une halte soins addictions \u00e0 Marseille"},"content":{"rendered":"<p>\t    Le nouveau pr\u00e9fet ne dit pas non \u00e0 une halte soins addictions \u00e0 Marseille &#8211; Marsactu<\/p>\n<p>&#13;<br \/>\n\t\t&#13;<\/p>\n<p>Nous utilisons des cookies pour vous garantir la meilleure exp\u00e9rience sur notre site. Vous pouvez choisir de refuser les cookies.J&rsquo;accepteNonEn savoir plus<\/p>\n<p>\t\t&#13;<\/p>\n","protected":false},"excerpt":{"rendered":"Le nouveau pr\u00e9fet ne dit pas non \u00e0 une halte soins addictions \u00e0 Marseille &#8211; Marsactu &#13; &#13;&hellip;\n","protected":false},"author":2,"featured_media":592172,"comment_status":"","ping_status":"","sticky":false,"template":"","format":"standard","meta":{"footnotes":""},"categories":[2814],"tags":[1111,11,1777,674,1011,27,70529,9138,70381,884,10337,12,882,25,4772],"class_list":{"0":"post-592171","1":"post","2":"type-post","3":"status-publish","4":"format-standard","5":"has-post-thumbnail","7":"category-marseille","8":"tag-actu","9":"tag-actualites","10":"tag-eu","11":"tag-europe","12":"tag-fr","13":"tag-france","14":"tag-haltesoinsaddictions","15":"tag-hsa","16":"tag-jacqueswitkowski","17":"tag-marseille","18":"tag-michele-rubirola","19":"tag-news","20":"tag-provence-alpes-cote-dazur","21":"tag-republique-francaise","22":"tag-zalu"},"share_on_mastodon":{"url":"https:\/\/pubeurope.com\/@fr\/115699388534321053","error":""},"_links":{"self":[{"href":"https:\/\/www.europesays.com\/fr\/wp-json\/wp\/v2\/posts\/592171","targetHints":{"allow":["GET"]}}],"collection":[{"href":"https:\/\/www.europesays.com\/fr\/wp-json\/wp\/v2\/posts"}],"about":[{"href":"https:\/\/www.europesays.com\/fr\/wp-json\/wp\/v2\/types\/post"}],"author":[{"embeddable":true,"href":"https:\/\/www.europesays.com\/fr\/wp-json\/wp\/v2\/users\/2"}],"replies":[{"embeddable":true,"href":"https:\/\/www.europesays.com\/fr\/wp-json\/wp\/v2\/comments?post=592171"}],"version-history":[{"count":0,"href":"https:\/\/www.europesays.com\/fr\/wp-json\/wp\/v2\/posts\/592171\/revisions"}],"wp:featuredmedia":[{"embeddable":true,"href":"https:\/\/www.europesays.com\/fr\/wp-json\/wp\/v2\/media\/592172"}],"wp:attachment":[{"href":"https:\/\/www.europesays.com\/fr\/wp-json\/wp\/v2\/media?parent=592171"}],"wp:term":[{"taxonomy":"category","embeddable":true,"href":"https:\/\/www.europesays.com\/fr\/wp-json\/wp\/v2\/categories?post=592171"},{"taxonomy":"post_tag","embeddable":true,"href":"https:\/\/www.europesays.com\/fr\/wp-json\/wp\/v2\/tags?post=592171"}],"curies":[{"name":"wp","href":"https:\/\/api.w.org\/{rel}","templated":true}]}}