{"id":592175,"date":"2025-12-11T05:56:16","date_gmt":"2025-12-11T05:56:16","guid":{"rendered":"https:\/\/www.europesays.com\/fr\/592175\/"},"modified":"2025-12-11T05:56:16","modified_gmt":"2025-12-11T05:56:16","slug":"aroma-zone-debarque-au-centre-commercial-de-la-part-dieu-photos","status":"publish","type":"post","link":"https:\/\/www.europesays.com\/fr\/592175\/","title":{"rendered":"Aroma-Zone d\u00e9barque au centre commercial de la Part-Dieu (PHOTOS)"},"content":{"rendered":"<p itemprop=\"description\"><strong>Du nouveau du c\u00f4t\u00e9 du centre commercial de la Part-Dieu de Lyon.<\/strong><\/p>\n<p>Voil\u00e0 une boutique qui devrait attirer de nombreux visiteurs \u00e0 l\u2019approche de No\u00ebl. L\u2019enseigne de cosm\u00e9tiques et d\u2019huiles essentielles Aroma-Zone ouvre un nouveau magasin du c\u00f4t\u00e9 du centre commercial Westfield La Part-Dieu dans le 3e arrondissement de Lyon. Le rendez-vous est donn\u00e9 au niveau z\u00e9ro juste \u00e0 c\u00f4t\u00e9 des Galeries Lafayette.<\/p>\n<p><img loading=\"lazy\" decoding=\"async\" style=\"display: block; margin-left: auto; margin-right: auto;\" src=\"https:\/\/www.europesays.com\/fr\/wp-content\/uploads\/2025\/12\/aroma3-55490.jpg\" alt=\"\" width=\"500\" height=\"375\"\/><\/p>\n<p><img loading=\"lazy\" decoding=\"async\" style=\"display: block; margin-left: auto; margin-right: auto;\" src=\"https:\/\/www.europesays.com\/fr\/wp-content\/uploads\/2025\/12\/aroma1-359.jpg\" alt=\"\" width=\"500\" height=\"375\"\/><\/p>\n<p>Aroma-Zone a d\u00e9j\u00e0 une boutique dans le centre-ville de Lyon au niveau du Grand H\u00f4tel-Dieu dans le 2e arrondissement qui rencontre un certain succ\u00e8s. Les clients devraient donc \u00eatre nombreux d\u00e8s ce jeudi matin. L\u2019ouverture officielle est fix\u00e9e \u00e0 9h30.<\/p>\n<p><img loading=\"lazy\" decoding=\"async\" style=\"display: block; margin-left: auto; margin-right: auto;\" src=\"https:\/\/www.europesays.com\/fr\/wp-content\/uploads\/2025\/12\/aroma2-8299.jpg\" alt=\"\" width=\"500\" height=\"375\"\/><\/p>\n<p><img loading=\"lazy\" decoding=\"async\" style=\"display: block; margin-left: auto; margin-right: auto;\" src=\"https:\/\/www.europesays.com\/fr\/wp-content\/uploads\/2025\/12\/aroma5-24754.jpg\" alt=\"\" width=\"500\" height=\"375\"\/><\/p>\n<p>Il y avait d\u00e9j\u00e0 de nombreux curieux ce mercredi \u00e0 l\u2019occasion de la soir\u00e9e d\u2019inauguration de la boutique \u00e0 laquelle la r\u00e9daction de Lyon Femmes a particip\u00e9. L\u2019occasion de d\u00e9couvrir un magasin particuli\u00e8rement spacieux et lumineux proposant les produits qui font aujourd\u2019hui la popularit\u00e9 de l\u2019enseigne : des baumes, des s\u00e9rums, des huiles essentielles, des cosm\u00e9tiques solides, des tisanes, des accessoires de beaut\u00e9 pour les cheveux, le visage ou encore le corps. Certains devraient sans surprise trouver leur bonheur \u00e0 l\u2019approche des f\u00eates de fin d\u2019ann\u00e9e.<\/p>\n<p><img loading=\"lazy\" decoding=\"async\" style=\"display: block; margin-left: auto; margin-right: auto;\" src=\"https:\/\/www.europesays.com\/fr\/wp-content\/uploads\/2025\/12\/aroma6-87288.jpg\" alt=\"\" width=\"500\" height=\"375\"\/><\/p>\n","protected":false},"excerpt":{"rendered":"Du nouveau du c\u00f4t\u00e9 du centre commercial de la Part-Dieu de Lyon. Voil\u00e0 une boutique qui devrait attirer&hellip;\n","protected":false},"author":2,"featured_media":592176,"comment_status":"","ping_status":"","sticky":false,"template":"","format":"standard","meta":{"footnotes":""},"categories":[1889],"tags":[1111,11,2813,2190,2430,1109,251,1112,2811,1777,674,118,1294,4651,1011,27,1922,1110,1114,2428,4903,4902,12,241,316,25,2812,517,800],"class_list":{"0":"post-592175","1":"post","2":"type-post","3":"status-publish","4":"format-standard","5":"has-post-thumbnail","7":"category-lyon","8":"tag-actu","9":"tag-actualites","10":"tag-article","11":"tag-asvel","12":"tag-auvergne-rhone-alpes","13":"tag-breves","14":"tag-culture","15":"tag-depeches","16":"tag-economique","17":"tag-eu","18":"tag-europe","19":"tag-faits-divers","20":"tag-femme","21":"tag-femmes","22":"tag-fr","23":"tag-france","24":"tag-info","25":"tag-informations","26":"tag-infos","27":"tag-lyon","28":"tag-lyonfemme","29":"tag-lyonfemmes","30":"tag-news","31":"tag-ol","32":"tag-politique","33":"tag-republique-francaise","34":"tag-sociale","35":"tag-sport","36":"tag-transports"},"share_on_mastodon":{"url":"https:\/\/pubeurope.com\/@fr\/115699397368239899","error":""},"_links":{"self":[{"href":"https:\/\/www.europesays.com\/fr\/wp-json\/wp\/v2\/posts\/592175","targetHints":{"allow":["GET"]}}],"collection":[{"href":"https:\/\/www.europesays.com\/fr\/wp-json\/wp\/v2\/posts"}],"about":[{"href":"https:\/\/www.europesays.com\/fr\/wp-json\/wp\/v2\/types\/post"}],"author":[{"embeddable":true,"href":"https:\/\/www.europesays.com\/fr\/wp-json\/wp\/v2\/users\/2"}],"replies":[{"embeddable":true,"href":"https:\/\/www.europesays.com\/fr\/wp-json\/wp\/v2\/comments?post=592175"}],"version-history":[{"count":0,"href":"https:\/\/www.europesays.com\/fr\/wp-json\/wp\/v2\/posts\/592175\/revisions"}],"wp:featuredmedia":[{"embeddable":true,"href":"https:\/\/www.europesays.com\/fr\/wp-json\/wp\/v2\/media\/592176"}],"wp:attachment":[{"href":"https:\/\/www.europesays.com\/fr\/wp-json\/wp\/v2\/media?parent=592175"}],"wp:term":[{"taxonomy":"category","embeddable":true,"href":"https:\/\/www.europesays.com\/fr\/wp-json\/wp\/v2\/categories?post=592175"},{"taxonomy":"post_tag","embeddable":true,"href":"https:\/\/www.europesays.com\/fr\/wp-json\/wp\/v2\/tags?post=592175"}],"curies":[{"name":"wp","href":"https:\/\/api.w.org\/{rel}","templated":true}]}}