{"id":592177,"date":"2025-12-11T05:57:19","date_gmt":"2025-12-11T05:57:19","guid":{"rendered":"https:\/\/www.europesays.com\/fr\/592177\/"},"modified":"2025-12-11T05:57:19","modified_gmt":"2025-12-11T05:57:19","slug":"sncf-encore-des-perturbations-entre-lyon-et-bourg-en-bresse","status":"publish","type":"post","link":"https:\/\/www.europesays.com\/fr\/592177\/","title":{"rendered":"SNCF : encore des perturbations entre Lyon et Bourg-en-Bresse !"},"content":{"rendered":"<p>Un incident perturbe une nouvelle fois le trafic TER entre Lyon et Bourg-en-Bresse, ce jeudi 11 d\u00e9cembre.<\/p>\n<p>La semaine noire se poursuit sur la ligne TER entre <b>Lyon et Bourg-en-Bresse.<\/b><\/p>\n<p>Comme quasiment quotidiennement depuis lundi, elle est perturb\u00e9e ce jeudi matin.<\/p>\n<p>C&rsquo;est \u00e0 cause d&rsquo;un incident sur les voies entre Bourg-en-Bresse et <b>Saint-Paul-de-Varax<\/b>. <\/p>\n<p>Le retour \u00e0 la normale est estim\u00e9 \u00e0 midi.<\/p>\n<p><img loading=\"lazy\" decoding=\"async\" src=\"https:\/\/www.europesays.com\/fr\/wp-content\/uploads\/2025\/12\/1765432639_11_img\" width=\"350\" height=\"200\" border=\"0\" title=\"Un train TER\"\/><\/p>\n<p>\u25baTransport<\/p>\n<p style=\"font-size: 22px;\"><b>[M\u00c0J] Reprise compl\u00e8te du trafic sur la ligne TER Lyon-Bourg-en-Bresse<\/b><\/p>\n<p>Le trafic a repris normalement sur la ligne Lyon-Bourg-en-Bresse,&#8230;<\/p>\n<p><\/p>\n","protected":false},"excerpt":{"rendered":"Un incident perturbe une nouvelle fois le trafic TER entre Lyon et Bourg-en-Bresse, ce jeudi 11 d\u00e9cembre. La&hellip;\n","protected":false},"author":2,"featured_media":384698,"comment_status":"","ping_status":"","sticky":false,"template":"","format":"standard","meta":{"footnotes":""},"categories":[1889],"tags":[1111,11,2430,6749,1777,674,1011,27,2428,12,7854,25,70530,2215,6472,1097,926,800],"class_list":{"0":"post-592177","1":"post","2":"type-post","3":"status-publish","4":"format-standard","5":"has-post-thumbnail","7":"category-lyon","8":"tag-actu","9":"tag-actualites","10":"tag-auvergne-rhone-alpes","11":"tag-bourg-en-bresse","12":"tag-eu","13":"tag-europe","14":"tag-fr","15":"tag-france","16":"tag-lyon","17":"tag-news","18":"tag-perturbations","19":"tag-republique-francaise","20":"tag-saint-paul-de-varax","21":"tag-sncf","22":"tag-ter","23":"tag-trafic","24":"tag-train","25":"tag-transports"},"share_on_mastodon":{"url":"https:\/\/pubeurope.com\/@fr\/115699400421419953","error":""},"_links":{"self":[{"href":"https:\/\/www.europesays.com\/fr\/wp-json\/wp\/v2\/posts\/592177","targetHints":{"allow":["GET"]}}],"collection":[{"href":"https:\/\/www.europesays.com\/fr\/wp-json\/wp\/v2\/posts"}],"about":[{"href":"https:\/\/www.europesays.com\/fr\/wp-json\/wp\/v2\/types\/post"}],"author":[{"embeddable":true,"href":"https:\/\/www.europesays.com\/fr\/wp-json\/wp\/v2\/users\/2"}],"replies":[{"embeddable":true,"href":"https:\/\/www.europesays.com\/fr\/wp-json\/wp\/v2\/comments?post=592177"}],"version-history":[{"count":0,"href":"https:\/\/www.europesays.com\/fr\/wp-json\/wp\/v2\/posts\/592177\/revisions"}],"wp:featuredmedia":[{"embeddable":true,"href":"https:\/\/www.europesays.com\/fr\/wp-json\/wp\/v2\/media\/384698"}],"wp:attachment":[{"href":"https:\/\/www.europesays.com\/fr\/wp-json\/wp\/v2\/media?parent=592177"}],"wp:term":[{"taxonomy":"category","embeddable":true,"href":"https:\/\/www.europesays.com\/fr\/wp-json\/wp\/v2\/categories?post=592177"},{"taxonomy":"post_tag","embeddable":true,"href":"https:\/\/www.europesays.com\/fr\/wp-json\/wp\/v2\/tags?post=592177"}],"curies":[{"name":"wp","href":"https:\/\/api.w.org\/{rel}","templated":true}]}}