{"id":592178,"date":"2025-12-11T05:59:12","date_gmt":"2025-12-11T05:59:12","guid":{"rendered":"https:\/\/www.europesays.com\/fr\/592178\/"},"modified":"2025-12-11T05:59:12","modified_gmt":"2025-12-11T05:59:12","slug":"la-ratp-compense-la-perte-de-ses-lignes-de-bus-et-investit-massivement-dans-limmobilier-en-ile-de-france","status":"publish","type":"post","link":"https:\/\/www.europesays.com\/fr\/592178\/","title":{"rendered":"La RATP compense la perte de ses lignes de bus et investit massivement dans l&rsquo;immobilier en \u00cele-de-France"},"content":{"rendered":"<p>                    Par<br \/>\n        <strong><br \/>\n            <a href=\"https:\/\/actu.fr\/auteur\/ines-cussac-actu-fr\" title=\"Consulter tous les articles de In\u00e8s Cussac\" target=\"_blank\" rel=\"noopener\">In\u00e8s Cussac<\/a><br \/>\n                    <\/strong><\/p>\n<p>        Publi\u00e9 le<\/p>\n<p>            11 d\u00e9c. 2025 \u00e0 6h44        <\/p>\n<p>Au c\u0153ur du quartier du Petit Nanterre en pleine mutation, le nouvel ensemble d\u2019immeubles tout juste livr\u00e9 par RATP Habitat, le 1er\u00a0d\u00e9cembre 2025, ne d\u00e9tonne pas. Il est \u00e0 l\u2019image de ce morceau des Hauts-de-Seine \u00e0 deux pas de l\u2019A86 et dont le nouveau programme de renouvellement urbain (NPRU) vise \u00e0 en faire un \u00eelot de fra\u00eecheur. Il est aussi le reflet de <strong>la politique immobili\u00e8re de la RATP<\/strong> qui s\u2019est intensifi\u00e9e sous l\u2019\u00e8re Castex, dans un contexte d\u2019<a href=\"https:\/\/actu.fr\/ile-de-france\/paris_75056\/transports-en-ile-de-france-la-ratp-perd-de-nouvelles-lignes-de-bus-attribuees-a-des-concurrents-par-idfm_62419331.html\" target=\"_blank\" rel=\"noopener\">ouverture \u00e0 la concurrence des transports en commun en \u00cele-de-France<\/a>. \u00ab\u2009La RATP fait de l\u2019immobilier social depuis pr\u00e8s de 100\u00a0ans mais l\u2019ambition est renforc\u00e9e depuis trois ans\u2009\u00bb, souligne Claire Goudineau, directrice g\u00e9n\u00e9rale de la filiale immobili\u00e8re sociale de la R\u00e9gie.<\/p>\n<p class=\" wall-content\">Les 91 nouveaux logements aux fa\u00e7ades \u00e0 ossature bois qui ont remplac\u00e9 l\u2019historique cit\u00e9 des Potagers \u00e0 Nanterre, constituent l\u2019une des 156 r\u00e9sidences dont dispose la RATP Habitat. Pour l\u2019heure, elles se situent toutes \u00e0 Paris et en petite couronne mais <a href=\"https:\/\/actu.fr\/societe\/avec-l-arrivee-du-grand-paris-express-la-ratp-prevoit-la-construction-de-1-000-logements-dans-le-val-de-marne_62809874.html\" target=\"_blank\" rel=\"noopener\">le parc devrait s\u2019\u00e9largir afin d\u2019accompagner le d\u00e9veloppement des nouvelles lignes de m\u00e9tro et tramway<\/a>. \u00ab\u2009Nous avons pour ambition de construire <strong>2\u2009450 logements sociaux d\u2019ici dix ans<\/strong> pour accro\u00eetre l\u2019offre de logements notamment au profit des agents de la RATP\u2009\u00bb, pr\u00e9cise aussi Claire Goudineau. Pour accompagner cette volont\u00e9, les investissements devraient passer de 60 \u00e0 130\u00a0millions d\u2019euros.<\/p>\n<p>S\u2019installer l\u00e0 o\u00f9 travaillent les agents<\/p>\n<p class=\" wall-content\">Avec cette r\u00e9sidence nanterrienne baptis\u00e9e Olympe de Gouges, la RATP Habitat s\u2019installe pr\u00e8s du RER A, du T2 et du futur T1, dont le prolongement est encore en phase d\u2019\u00e9tude. Au total, pr\u00e8s de 5\u2009000 agents de la R\u00e9gie travaillent \u00e0 Nanterre et notamment au centre bus RATP D\u00e9fense Ouest. Certains d\u2019entre eux ont d\u2019ailleurs pu emm\u00e9nager d\u00e9but d\u00e9cembre dans les nouveaux appartements r\u00e9partis en 21 logements sociaux, 35 logements interm\u00e9diaires et 35 logements en accession en Bail R\u00e9el Solidaire.<\/p>\n<p class=\" wall-content\">\u00ab\u2009Aujourd\u2019hui, le groupe construit des logements pour 867\u00a0familles de salari\u00e9s par an et l\u2019objectif est d\u2019<strong>en loger 1\u2009200 en 2027<\/strong>\u2009\u00bb, fait savoir Claire Goudineau, ajoutant que 93\u2009% des agents de la RATP demandeurs de logements ne sont pas \u00e0 des postes o\u00f9 le t\u00e9l\u00e9travail est envisageable. Un \u00e9l\u00e9ment que la RATP Habitat tente de prendre en compte lorsqu\u2019elle cr\u00e9e des logements afin de les localiser \u00e0 proximit\u00e9 du lieu de travail.<\/p>\n<p>Un large panel de diversification<\/p>\n<p class=\" wall-content\">Outre la construction de logements sociaux et interm\u00e9diaires, la filiale de <a href=\"https:\/\/actu.fr\/ile-de-france\/paris_75056\/ile-de-france-apres-la-perte-de-l-exploitation-de-plusieurs-lignes-de-bus-la-ratp-cherche-a-se-diversifier_63387748.html\" target=\"_blank\" rel=\"noopener\">la RATP promeut sa diversification<\/a> gr\u00e2ce \u00e0 la vente de logements priv\u00e9s. La cr\u00e9ation des huit nouveaux immeubles de trois \u00e0 six \u00e9tages du Petit Nanterre, sortis de terre gr\u00e2ce \u00e0 Paris-Ouest Construction avec la collaboration du cabinet Badia Berger Architectes, veut ainsi \u00ab\u2009d\u00e9montrer la qualit\u00e9 de la ma\u00eetrise d\u2019ouvrage sur des op\u00e9rations complexes\u2009\u00bb de la RATP Habitat. Les certifications garantissant une qualit\u00e9 \u00e9lev\u00e9e de la construction ou encore l\u2019attention port\u00e9e aux logements avec des double et triple orientations par exemple sont brandies comme gage de savoir faire.<\/p>\n<p class=\" wall-content\">En 2021, la R\u00e9gie avait lanc\u00e9 sa filiale RATP Solutions notamment pour compenser <strong>la perte de l\u2019exploitation de 30\u2009% des lignes<\/strong> de bus dans le cadre de l\u2019ouverture \u00e0 la concurrence des transports en commun en \u00cele-de-France. Comme l\u2019habitat, elle a aussi renforc\u00e9 ses activit\u00e9s li\u00e9es aux nouvelles mobilit\u00e9s, \u00e0 la t\u00e9l\u00e9communication, au patrimoine immobilier et \u00e0 l\u2019\u00e9nergie. Du 16 au 19\u00a0d\u00e9cembre d\u2019ailleurs, le Conseil de Paris doit valider la d\u00e9cision de la Ville d\u2019attribuer la gestion de son r\u00e9seau de chaleur \u00e0 Dalkia, une filiale d\u2019EDF, qui s\u2019est associ\u00e9e avec Eiffage et la RATP. Selon <a href=\"https:\/\/www.challenges.fr\/entreprise\/la-ville-de-paris-choisit-edf-et-a-la-ratp-pour-le-contrat-du-siecle-un-coup-dur-pour-engie_631802\" target=\"_blank\" rel=\"noopener\">Challenges<\/a>, de ce contrat \u00e0 3,4\u00a0milliards d\u2019euros d\u2019investissements pourrait d\u00e9couler 15\u00a0milliards d\u2019euros de chiffre d\u2019affaires sur 25\u00a0ans, refl\u00e9tant un autre aspect de la diversification de la R\u00e9gie.<\/p>\n<p class=\" wall-content\">Personnalisez votre actualit\u00e9 en ajoutant vos villes et m\u00e9dias en favori avec <a href=\"https:\/\/moncompte.actu.fr\" title=\"D\u00e9couvez Mon Actu\" rel=\"nofollow noopener\" data-trk=\"{&quot;cta&quot;:{&quot;action&quot;:&quot;https:\\\/\\\/moncompte.actu.fr&quot;,&quot;category&quot;:&quot;mon compte&quot;,&quot;from&quot;:&quot;article footer&quot;,&quot;name&quot;:&quot;Mon actu&quot;,&quot;type&quot;:&quot;cta&quot;}}\" target=\"_blank\">Mon Actu<\/a>.<\/p>\n","protected":false},"excerpt":{"rendered":"Par In\u00e8s Cussac Publi\u00e9 le 11 d\u00e9c. 2025 \u00e0 6h44 Au c\u0153ur du quartier du Petit Nanterre en&hellip;\n","protected":false},"author":2,"featured_media":592179,"comment_status":"","ping_status":"","sticky":false,"template":"","format":"standard","meta":{"footnotes":""},"categories":[1592],"tags":[1111,11,33,1777,674,1011,27,662,1116,6459,12,626,625,25],"class_list":{"0":"post-592178","1":"post","2":"type-post","3":"status-publish","4":"format-standard","5":"has-post-thumbnail","7":"category-ile-de-france","8":"tag-actu","9":"tag-actualites","10":"tag-economie","11":"tag-eu","12":"tag-europe","13":"tag-fr","14":"tag-france","15":"tag-ile-de-france","16":"tag-immobilier","17":"tag-logements-sociaux","18":"tag-news","19":"tag-paris","20":"tag-ratp","21":"tag-republique-francaise"},"share_on_mastodon":{"url":"https:\/\/pubeurope.com\/@fr\/115699408234952557","error":""},"_links":{"self":[{"href":"https:\/\/www.europesays.com\/fr\/wp-json\/wp\/v2\/posts\/592178","targetHints":{"allow":["GET"]}}],"collection":[{"href":"https:\/\/www.europesays.com\/fr\/wp-json\/wp\/v2\/posts"}],"about":[{"href":"https:\/\/www.europesays.com\/fr\/wp-json\/wp\/v2\/types\/post"}],"author":[{"embeddable":true,"href":"https:\/\/www.europesays.com\/fr\/wp-json\/wp\/v2\/users\/2"}],"replies":[{"embeddable":true,"href":"https:\/\/www.europesays.com\/fr\/wp-json\/wp\/v2\/comments?post=592178"}],"version-history":[{"count":0,"href":"https:\/\/www.europesays.com\/fr\/wp-json\/wp\/v2\/posts\/592178\/revisions"}],"wp:featuredmedia":[{"embeddable":true,"href":"https:\/\/www.europesays.com\/fr\/wp-json\/wp\/v2\/media\/592179"}],"wp:attachment":[{"href":"https:\/\/www.europesays.com\/fr\/wp-json\/wp\/v2\/media?parent=592178"}],"wp:term":[{"taxonomy":"category","embeddable":true,"href":"https:\/\/www.europesays.com\/fr\/wp-json\/wp\/v2\/categories?post=592178"},{"taxonomy":"post_tag","embeddable":true,"href":"https:\/\/www.europesays.com\/fr\/wp-json\/wp\/v2\/tags?post=592178"}],"curies":[{"name":"wp","href":"https:\/\/api.w.org\/{rel}","templated":true}]}}