{"id":592184,"date":"2025-12-11T06:03:18","date_gmt":"2025-12-11T06:03:18","guid":{"rendered":"https:\/\/www.europesays.com\/fr\/592184\/"},"modified":"2025-12-11T06:03:18","modified_gmt":"2025-12-11T06:03:18","slug":"casse-du-siecle-au-louvre-des-images-exclusives-devoilees-les-voleurs-auraient-pu-etre-stoppes-a-30-secondes-pres","status":"publish","type":"post","link":"https:\/\/www.europesays.com\/fr\/592184\/","title":{"rendered":"Casse du si\u00e8cle au Louvre\u00a0: des images \u00ab\u00a0exclusives\u00a0\u00bb d\u00e9voil\u00e9es, les voleurs auraient pu \u00eatre stopp\u00e9s \u00ab\u00a0\u00e0 30 secondes pr\u00e8s\u00a0\u00bb"},"content":{"rendered":"<p class=\"ap-StoryElement ap-StoryElement--mb ap-StoryText\">Car une cam\u00e9ra ext\u00e9rieure a \u00ab\u00a0bien film\u00e9 l&rsquo;arriv\u00e9e des voleurs, l&rsquo;installation de la nacelle, la mont\u00e9e des deux voleurs jusqu&rsquo;au balcon et, quelques minutes plus tard, leur d\u00e9part pr\u00e9cipit\u00e9\u00a0\u00bb, selon l&rsquo;autre rapporteur de l&rsquo;enqu\u00eate, Pascal Mignerey, de la Mission s\u00e9curit\u00e9, s\u00fbret\u00e9 et d&rsquo;audit (Missa) au minist\u00e8re de la Culture.<\/p>\n<p><a href=\"https:\/\/www.lavenir.net\/buzz\/2025\/11\/10\/casse-du-siecle-au-louvre-on-a-retrouve-le-mysterieux-jeune-homme-au-fedora-et-il-nest-pas-du-tout-enqueteur-ou-detective-prive-JG7RLHA5OVBNZN4ZEG3SAMJQFE\/\" target=\"_self\" class=\"ap-StoryInterstitialLink ap-StoryElement ap-StoryElement--mb\" rel=\"noopener\">Casse du si\u00e8cle au Louvre\u00a0: on a retrouv\u00e9 le myst\u00e9rieux jeune \u00ab\u00a0homme au Fedora\u00a0\u00bb et il n&rsquo;est pas du tout enqu\u00eateur ou d\u00e9tective priv\u00e9\u2026<\/a><\/p>\n<p class=\"ap-StoryElement ap-StoryElement--mb ap-StoryText\">Mais ces images n&rsquo;ont pas \u00e9t\u00e9 regard\u00e9es en direct et lorsqu&rsquo;un agent de la s\u00e9curit\u00e9 les a activ\u00e9es, \u00ab\u00a0il \u00e9tait alors trop tard puisque les voleurs avaient quitt\u00e9 la galerie d&rsquo;Apollon\u00a0\u00bb o\u00f9 \u00e9taient expos\u00e9s des joyaux de la Couronne, a pr\u00e9cis\u00e9 M. Corbin devant la commission de la culture du S\u00e9nat.<\/p>\n<p class=\"ap-StoryElement ap-StoryElement--mb ap-StoryText\">Les policiers pr\u00e9venus ont, de plus, \u00e9t\u00e9 dirig\u00e9s vers le Carrousel du Louvre, dans la mauvaise direction.<\/p>\n<p class=\"ap-StoryElement ap-StoryElement--mb ap-StoryText\">Les circonstances de ce casse, qui a stup\u00e9fi\u00e9 le monde, illustrent \u00ab\u00a0la d\u00e9faillance g\u00e9n\u00e9rale du mus\u00e9e comme de sa tutelle dans la prise en compte des enjeux de s\u00fbret\u00e9\u00a0\u00bb, a jug\u00e9 le pr\u00e9sident de la commission, le s\u00e9nateur centriste Laurent Lafon.<\/p>\n<p class=\"ap-StoryElement ap-StoryElement--mb ap-StoryText\">Les auditions au S\u00e9nat surviennent dans un contexte toujours sombre pour le Louvre, contraint de fermer une galerie en raison d&rsquo;avaries et confront\u00e9 \u00e0 un appel \u00e0 la gr\u00e8ve reconductible la semaine prochaine. Les syndicats, qui ont \u00e9t\u00e9 re\u00e7us par la ministre de la Culture Rachida Dati, appellent les agents \u00e0 se prononcer sur ce mouvement au cours d&rsquo;une assembl\u00e9e g\u00e9n\u00e9rale lundi \u00e0 09H00.<\/p>\n<p>\u00ab\u00a0Dysfonctionnements successifs\u00a0\u00bb<\/p>\n<p class=\"ap-StoryElement ap-StoryElement--mb ap-StoryText\">En menant l&rsquo;enqu\u00eate administrative, No\u00ebl Corbin a \u00e9t\u00e9 \u00ab\u00a0tr\u00e8s fortement surpris\u00a0\u00bb de constater qu&rsquo;un mus\u00e9e \u00ab\u00a0gigantesque\u00a0\u00bb et \u00ab\u00a0iconique\u00a0\u00bb comme le Louvre \u00ab\u00a0puisse \u00eatre aussi fragile\u00a0\u00bb.<\/p>\n<p class=\"ap-StoryElement ap-StoryElement--mb ap-StoryText\">\u00ab\u00a0Ce sont des dysfonctionnements successifs qui am\u00e8nent la catastrophe mais je n&rsquo;aurais jamais cru que le Louvre puisse avoir tellement de dysfonctionnements\u00a0\u00bb, a ajout\u00e9 le commissaire de police Guy Tubiana, un expert de la s\u00e9curit\u00e9 des mus\u00e9es ayant particip\u00e9 \u00e0 l&rsquo;enqu\u00eate.<\/p>\n<p class=\"ap-StoryElement ap-StoryElement--mb ap-StoryText\">M.\u00a0Corbin a en particulier point\u00e9 \u00ab\u00a0le probl\u00e8me de transmission des audits de s\u00fbret\u00e9\u00a0\u00bb au sein du mus\u00e9e, notamment lors du changement \u00e0 sa pr\u00e9sidence en 2021 et l&rsquo;arriv\u00e9e de Laurence des Cars.<\/p>\n<p class=\"ap-StoryElement ap-StoryElement--mb ap-StoryText\">Symbole de ce manque de \u00ab\u00a0m\u00e9moire\u00a0\u00bb, un audit r\u00e9alis\u00e9 en 2019 par le joaillier Van Cleef and Arpels, qui avait identifi\u00e9 les faiblesses de la galerie d&rsquo;Apollon, n&rsquo;avait ainsi pas \u00e9t\u00e9 port\u00e9 \u00e0 la connaissance de la nouvelle direction.<\/p>\n<p class=\"ap-StoryElement ap-StoryElement--mb ap-StoryText\">Or ses recommandations, qui concernaient notamment le balcon et la fen\u00eatre par lesquels sont entr\u00e9s les voleurs, \u00ab\u00a0auraient pu permettre de prendre les mesures susceptibles d&rsquo;\u00e9viter l&rsquo;intrusion par l&rsquo;ext\u00e9rieur\u00a0\u00bb, selon M. Corbin.<\/p>\n<p class=\"ap-StoryElement ap-StoryElement--mb ap-StoryText\">L&rsquo;ancien pr\u00e9sident du Louvre entre\u00a02013 et\u00a02021, Jean-Luc Martinez, silencieux jusqu&rsquo;\u00e0 pr\u00e9sent, aura l&rsquo;occasion de s&rsquo;expliquer sur ces mises en cause devant la m\u00eame commission mardi prochain.<\/p>\n<p class=\"ap-StoryElement ap-StoryElement--mb ap-StoryText\">Le lendemain, les s\u00e9nateurs interrogeront de nouveau Laurence des Cars, sous forte pression depuis le casse mais dont l&rsquo;offre de d\u00e9mission a \u00e9t\u00e9 rejet\u00e9e par le gouvernement.<\/p>\n<p class=\"ap-StoryElement ap-StoryElement--mb ap-StoryText\">Sans attendre le rapport confidentiel, Rachida Dati avait d\u00e9voil\u00e9 fin octobre les premi\u00e8res conclusions de l&rsquo;enqu\u00eate et point\u00e9 \u00ab\u00a0une sous-estimation\u00a0\u00bb des risques depuis \u00ab\u00a0plus de 20 ans\u00a0\u00bb au Louvre.<\/p>\n<p class=\"ap-StoryElement ap-StoryElement--mb ap-StoryText\">Elle avait annonc\u00e9 dans la foul\u00e9e plusieurs \u00ab\u00a0mesures d&rsquo;urgence\u00a0\u00bb, dont l&rsquo;installation de dispositifs \u00ab\u00a0anti-intrusion\u00a0\u00bb sur le b\u00e2timent et dans ses alentours. Lors d&rsquo;un conseil d&rsquo;administration d&rsquo;urgence, le Louvre a approuv\u00e9 ces mesures qui ont, faute de nouveaux recrutements, laiss\u00e9 les syndicats sur leur faim.<\/p>\n<p class=\"ap-StoryElement ap-StoryElement--mb ap-StoryText\">D&rsquo;autres actions pour renforcer l&rsquo;organisation et la s\u00e9curit\u00e9 du mus\u00e9e devraient \u00eatre annonc\u00e9es d&rsquo;ici la fin de l&rsquo;ann\u00e9e, selon des sources syndicales.<\/p>\n<p class=\"ap-StoryElement ap-StoryElement--mb ap-StoryText\">Par ailleurs, la maison d&rsquo;\u00e9dition Flammarion a annonc\u00e9 mercredi la sortie au printemps 2026 d&rsquo;une \u00ab\u00a0enqu\u00eate fouill\u00e9e\u00a0\u00bb sur le cambriolage, \u00e9crite par deux journalistes du Parisien\/Aujourd&rsquo;hui en France, Jean-Michel D\u00e9cugis et J\u00e9r\u00e9mie Pham-L\u00ea, avec Nicolas Torrent de Paris Match.<\/p>\n","protected":false},"excerpt":{"rendered":"Car une cam\u00e9ra ext\u00e9rieure a \u00ab\u00a0bien film\u00e9 l&rsquo;arriv\u00e9e des voleurs, l&rsquo;installation de la nacelle, la mont\u00e9e des deux&hellip;\n","protected":false},"author":2,"featured_media":592185,"comment_status":"","ping_status":"","sticky":false,"template":"","format":"standard","meta":{"footnotes":""},"categories":[1888],"tags":[11,1067,1777,674,1011,27,418,70533,70534,49532,70532,3048,12,626,1050,70531,417,25,1175],"class_list":{"0":"post-592184","1":"post","2":"type-post","3":"status-publish","4":"format-standard","5":"has-post-thumbnail","7":"category-paris","8":"tag-actualites","9":"tag-enquete","10":"tag-eu","11":"tag-europe","12":"tag-fr","13":"tag-france","14":"tag-gouvernement","15":"tag-jean-luc-martinez","16":"tag-jean-michel-decugis","17":"tag-laurence-des-cars","18":"tag-laurent-lafon","19":"tag-musee","20":"tag-news","21":"tag-paris","22":"tag-parlement","23":"tag-pascal-mignerey","24":"tag-rachida-dati","25":"tag-republique-francaise","26":"tag-vol"},"share_on_mastodon":{"url":"https:\/\/pubeurope.com\/@fr\/115699424108139225","error":""},"_links":{"self":[{"href":"https:\/\/www.europesays.com\/fr\/wp-json\/wp\/v2\/posts\/592184","targetHints":{"allow":["GET"]}}],"collection":[{"href":"https:\/\/www.europesays.com\/fr\/wp-json\/wp\/v2\/posts"}],"about":[{"href":"https:\/\/www.europesays.com\/fr\/wp-json\/wp\/v2\/types\/post"}],"author":[{"embeddable":true,"href":"https:\/\/www.europesays.com\/fr\/wp-json\/wp\/v2\/users\/2"}],"replies":[{"embeddable":true,"href":"https:\/\/www.europesays.com\/fr\/wp-json\/wp\/v2\/comments?post=592184"}],"version-history":[{"count":0,"href":"https:\/\/www.europesays.com\/fr\/wp-json\/wp\/v2\/posts\/592184\/revisions"}],"wp:featuredmedia":[{"embeddable":true,"href":"https:\/\/www.europesays.com\/fr\/wp-json\/wp\/v2\/media\/592185"}],"wp:attachment":[{"href":"https:\/\/www.europesays.com\/fr\/wp-json\/wp\/v2\/media?parent=592184"}],"wp:term":[{"taxonomy":"category","embeddable":true,"href":"https:\/\/www.europesays.com\/fr\/wp-json\/wp\/v2\/categories?post=592184"},{"taxonomy":"post_tag","embeddable":true,"href":"https:\/\/www.europesays.com\/fr\/wp-json\/wp\/v2\/tags?post=592184"}],"curies":[{"name":"wp","href":"https:\/\/api.w.org\/{rel}","templated":true}]}}