{"id":592190,"date":"2025-12-11T06:06:20","date_gmt":"2025-12-11T06:06:20","guid":{"rendered":"https:\/\/www.europesays.com\/fr\/592190\/"},"modified":"2025-12-11T06:06:20","modified_gmt":"2025-12-11T06:06:20","slug":"volodymyr-zelensky-est-pret-pour-une-election-mais-face-a-qui","status":"publish","type":"post","link":"https:\/\/www.europesays.com\/fr\/592190\/","title":{"rendered":"Volodymyr Zelensky est \u00ab\u00a0pr\u00eat\u00a0\u00bb pour une \u00e9lection, mais face \u00e0 qui\u00a0?"},"content":{"rendered":"<p>        <img decoding=\"async\" loading=\"lazy\" src=\"https:\/\/www.europesays.com\/fr\/wp-content\/uploads\/2025\/12\/dde2ce5_sirius-fs-upload-1-s09skadwbrxq-1745176646321-000-42jg9wd.jpg\"  width=\"728\" height=\"409\" alt=\"Zelensky \u00ab\u00a0pr\u00eat\u00a0\u00bb pour une \u00e9lection pr\u00e9sidentielle, mais qui pour lui succ\u00e9der\u00a0?\"\/>  <\/p>\n<p>HANDOUT \/ AFP<\/p>\n<p>Zelensky \u00ab\u00a0pr\u00eat\u00a0\u00bb pour une \u00e9lection pr\u00e9sidentielle, mais qui pour lui succ\u00e9der\u00a0?<\/p>\n<p>      <strong>EN BREF<\/strong> <strong>\u2022 <\/strong>Volodymyr Zelensky est pr\u00eat pour une \u00e9lection pr\u00e9sidentielle en Ukraine, malgr\u00e9 la guerre, si les \u00c9tats-Unis garantissent la s\u00e9curit\u00e9 du scrutin.<br \/><strong>\u2022 <\/strong>Personne n\u2019est officiellement candidats mais plusieurs personnalit\u00e9s ont fait savoir qu\u2019elles se pr\u00e9senteront le jour o\u00f9 une \u00e9lection aura lieu.<br \/><strong>\u2022 <\/strong>L\u2019ambassadeur d\u2019Ukraine \u00e0 Londres et l\u2019ancien pr\u00e9sident Petro Poroshenko sont tent\u00e9s d\u2019y aller.                         <\/p>\n<p class=\"asset asset-text\">En temps de paix, le scrutin aurait d\u00fb se tenir en 2024, mais la loi martiale en vigueur depuis 2022\u00a0l\u2019a emp\u00each\u00e9. Alors, pour prouver que <a href=\"https:\/\/www.huffingtonpost.fr\/international\/article\/pour-trump-c-est-le-moment-d-organiser-des-elections-en-ukraine_258038.html\" target=\"_blank\" rel=\"noopener\">l\u2019Ukraine est toujours une d\u00e9mocratie,<\/a> contrairement \u00e0 ce qu\u2019affirme Donald Trump, <a href=\"https:\/\/www.huffingtonpost.fr\/international\/article\/ukraine-zelensky-presse-par-trump-est-pret-pour-des-elections-mais-demande-l-aide-de-washington_258050.html\" target=\"_blank\" rel=\"noopener\">Volodymyr Zelensky se dit \u00ab\u00a0pr\u00eat\u00a0\u00bb \u00e0 une nouvelle \u00e9lection pr\u00e9sidentielle<\/a> \u00e0 condition que les \u00c9tats-Unis garantissent la s\u00e9curit\u00e9 du scrutin.<\/p>\n<p class=\"asset asset-text\">Une entreprise qui n\u2019aurait rien de simple alors que le pays est en guerre depuis quatre ans, soumis aux bombardements incessants de Moscou et que 20\u00a0% de son territoire est sous occupation russe. <a href=\"https:\/\/www.huffingtonpost.fr\/international\/article\/la-demission-d-andrii-iermak-tombe-extremement-mal-pour-zelensky-et-pas-que-pour-les-negociations-de-paix_257676.html\" target=\"_blank\" rel=\"noopener\">Au-del\u00e0 des aspects s\u00e9curitaires et organisationnels<\/a>, une autre grande question\u00a0se pose\u00a0: qui pourrait affronter Volodymyr Zelensky, vainqueur avec 73\u00a0% des voix en 2019\u00a0? Plusieurs noms circulent depuis plusieurs mois pour prendre la place du pr\u00e9sident ukrainien. Le HuffPost fait les pr\u00e9sentations.<\/p>\n<p>    Valery Zaluzhny, le \u00ab\u00a0G\u00e9n\u00e9ral de fer\u00a0\u00bb en pole position         <img decoding=\"async\" loading=\"lazy\" src=\"https:\/\/www.europesays.com\/fr\/wp-content\/uploads\/2025\/12\/8cab653_upload-1-5aj80w6iduam-afp-20250403-2208288219-v3-highres-ukrainearmouredwarfareexhibitionatb.jpeg\"  width=\"728\" height=\"409\" alt=\"Valery Zaluzhny, le \u00ab\u00a0G\u00e9n\u00e9ral de fer\u00a0\u00bb en pole position\"\/>  <\/p>\n<p>FINNBARR WEBSTER \/ Getty Images via AFP<\/p>\n<p>Valery Zaluzhny, le \u00ab\u00a0G\u00e9n\u00e9ral de fer\u00a0\u00bb en pole position<\/p>\n<p class=\"asset asset-text\"><a href=\"https:\/\/www.huffingtonpost.fr\/international\/article\/qui-est-valery-zaloujny-l-ambassadeur-ukrainien-a-londres-bien-place-pour-succeder-a-volodymyr-zelensky_254010.html\" target=\"_blank\" rel=\"noopener\" title=\"Nouvelle fen\u00eatre\">Valery Zaloujny<\/a> est actuellement l\u2019ambassadeur de Kiev \u00e0 Londres et est en tr\u00e8s bonne place, selon une enqu\u00eate du <a href=\"https:\/\/www.theguardian.com\/world\/ng-interactive\/2025\/aug\/25\/general-envoy-future-ukraine-president-valerii-zaluzhnyi-london-waiting-game\" target=\"_blank\" rel=\"noopener\" title=\"Nouvelle fen\u00eatre\">Guardian<\/a> publi\u00e9e en ao\u00fbt. Car avant d\u2019\u00eatre diplomate, il a surtout \u00e9t\u00e9 commandant en chef de l\u2019arm\u00e9e ukrainienne de 2021\u00a0\u00e0 2024. \u00c0 48\u00a0ans, ce militaire avait \u00e9t\u00e9 nomm\u00e9 \u00e0 ce poste par Zelensky, avant d\u2019\u00eatre vite \u00e9rig\u00e9 dans l\u2019opinion publique en h\u00e9ros de guerre. Certains m\u00e9dias rapportent \u00e9galement que le pr\u00e9sident a vu d\u2019un mauvais \u0153il la popularit\u00e9 grandissante de son chef de guerre. Ce qui est toujours le cas depuis l\u2019an dernier. En effet, selon un sondage publi\u00e9 le 9\u00a0juillet par le Rating Sociological Group, 73\u00a0% des Ukrainiens disent avoir confiance en Valery Zaloujny, ce qui le pla\u00e7ait devant le pr\u00e9sident (67\u00a0%).<\/p>\n<p class=\"asset asset-text\">Ses multiples entretiens avec des figures politiques et des militants ont fait dire \u00e0 certains commentateurs qu\u2019il pr\u00e9parait son \u00e9quipe politique, ce que ses proches ont ni\u00e9. Son profil pourrait int\u00e9resser Washington alors que selon les informations du\u00a0Guardian, J.D Vance a tent\u00e9 d\u2019entrer en contact avec lui en mars, dans l\u2019espoir de contourner le pr\u00e9sident ukrainien. L\u2019ambassadeur aurait d\u00e9clin\u00e9 cette proposition par loyaut\u00e9 envers son chef d\u2019\u00c9tat.<\/p>\n<p class=\"asset asset-text\">Toujours selon le Guardian, l\u2019ancien conseiller de Trump Paul Manafort lui aurait \u00e9galement propos\u00e9 ses services de consultant pour une future campagne pr\u00e9sidentielle. Une offre, l\u00e0 encore, \u00e9cart\u00e9e. Malgr\u00e9 ces incitations, il nie pour l\u2019heure pr\u00e9parer la campagne pr\u00e9sidentielle. \u00ab\u00a0Il a r\u00e9p\u00e9t\u00e9 \u00e0 maintes reprises que, pendant la guerre, nous devons \u0153uvrer pour sauver le pays et ne pas penser aux \u00e9lections, et cela n\u2019a pas chang\u00e9\u00a0\u00bb, a d\u00e9clar\u00e9 sa conseill\u00e8re m\u00e9dia Oksana Torop. Mais qu\u2019en serait-il si un scrutin est organis\u00e9\u00a0?<\/p>\n<p>    L\u2019ancien pr\u00e9sident ukrainien Petro Poroshenko\u00a0ou l\u2019heure de la revanche\u00a0?         <img decoding=\"async\" loading=\"lazy\" src=\"https:\/\/www.europesays.com\/fr\/wp-content\/uploads\/2025\/12\/82394a3_1658682957455-5c934f4524000086064e799b.jpeg\"  width=\"728\" height=\"501\" alt=\"L\u2019ancien pr\u00e9sident ukrainien Petro Poroshenko\u00a0ou l\u2019heure de la revanche\u00a0?\"\/>  <\/p>\n<p>AFP<\/p>\n<p>L\u2019ancien pr\u00e9sident ukrainien Petro Poroshenko\u00a0ou l\u2019heure de la revanche\u00a0?<\/p>\n<p class=\"asset asset-text\"><a href=\"https:\/\/www.huffingtonpost.fr\/international\/article\/les-vacances-luxueuses-de-petro-porochenko-indignent-l-ukraine_116821.html\" target=\"_blank\" rel=\"noopener\">L\u2019ancien pr\u00e9sident Petro Porochenko<\/a>, vaincu par Volodymyr Zelensky en 2019, avait d\u00e9clar\u00e9 le 2\u00a0avril\u00a02024\u00a0qu\u2019il pr\u00e9voyait de se repr\u00e9senter \u00e0 la pr\u00e9sidence, mais seulement une fois la guerre avec la Russie termin\u00e9e.<\/p>\n<p class=\"asset asset-text\">\u00ab\u00a0Si vous me demandez si j\u2019ai l\u2019intention de participer aux prochaines \u00e9lections, (alors) oui\u00a0\u00bb, avait-il d\u00e9clar\u00e9 Porochenko \u00e0 Al Jazeera, ajoutant \u00ab\u00a0mais avant tout, pour ces \u00e9lections, il nous faut une victoire\u00a0\u00bb. Toutefois, si une \u00e9lection \u00e9tait bel et bien lanc\u00e9e, il est peu probable qu\u2019il laisse passer cette occasion de prendre sa revanche.<\/p>\n<p>    Le maire de Kiev Vitali Klitschko, pr\u00eat \u00e0 l\u00e2cher des territoires         <img decoding=\"async\" loading=\"lazy\" src=\"https:\/\/www.europesays.com\/fr\/wp-content\/uploads\/2025\/12\/f282d7b_1658620636008-629c50cd2500004500472ef2.jpg\"  width=\"728\" height=\"486\" alt=\"Le maire de Kiev Vitali Klitschko, pr\u00eat \u00e0 l\u00e2cher des territoires (photo d'archive prise \u00e0 Kiev).\"\/>  <\/p>\n<p>Chris McGrath \/ Getty Images<\/p>\n<p>Le maire de Kiev Vitali Klitschko, pr\u00eat \u00e0 l\u00e2cher des territoires (photo d&rsquo;archive prise \u00e0 Kiev).<\/p>\n<p class=\"asset asset-text\"><a href=\"https:\/\/www.huffingtonpost.fr\/actualites\/article\/ukraine-le-boxeur-vitali-klitschko-leader-de-l-opposition-et-candidat-a-la-presidentielle-2015_28468.html\" target=\"_blank\" rel=\"noopener\" title=\"Nouvelle fen\u00eatre\">Vitali Klitschko<\/a>, maire de Kiev depuis 2014, est devenu un puissant symbole de la r\u00e9sistance d\u00e8s l\u2019invasion en 2022. L\u2019ancien boxeur n\u2019a \u00e9galement pas masqu\u00e9 ses critiques envers Volodymyr Zelensky pendant le conflit. Selon <a href=\"https:\/\/www.independent.co.uk\/news\/world\/europe\/trump-zelensky-ukraine-president-putin-b2710118.html\" target=\"_blank\" rel=\"noopener\" title=\"Nouvelle fen\u00eatre\">The Independent<\/a>, cet <a href=\"https:\/\/www.huffingtonpost.fr\/actualites\/article\/ukraine-qui-est-petro-porochenko-recu-avec-vitali-klitschko-par-francois-hollande-et-favori-des-sondages-a-l-election-presidentielle_33636.html\" target=\"_blank\" rel=\"noopener\" title=\"Nouvelle fen\u00eatre\">alli\u00e9 de Porochenko <\/a>avait \u00e9galement accus\u00e9 le dirigeant ukrainien d\u2019abuser de la loi martiale pour usurper les pouvoirs du conseil municipal de la capitale.<\/p>\n<p class=\"asset asset-text\">Toutefois, lorsque les Am\u00e9ricains ont appel\u00e9 \u00e0 des \u00e9lections, l\u2019ex-champion de boxe lui a apport\u00e9 son soutien, estimant que le pr\u00e9sident doit \u00eatre soutenu \u00ab\u00a0jusqu\u2019\u00e0 la fin de la guerre\u00a0\u00bb. Il a toutefois ajout\u00e9\u00a0: \u00ab\u00a0Mais \u00e0 la fin de cette guerre, chaque homme politique devra r\u00e9pondre de ses succ\u00e8s ou de ses \u00e9checs.\u00a0\u00bb<\/p>\n<p class=\"asset asset-text\">Selon <a href=\"https:\/\/www.telegraph.co.uk\/news\/2025\/02\/19\/who-could-replace-zelensky\/\" target=\"_blank\" rel=\"noopener\" title=\"Nouvelle fen\u00eatre\">The Telegraph<\/a>, l\u2019influence de Klitschko, tant nationale qu\u2019internationale, est telle que beaucoup s\u2019attendent \u00e0 ce qu\u2019il brigue un jour le si\u00e8ge pr\u00e9sidentiel. Mais pour l\u2019instant, il ne semble pas avoir l\u2019intention de se pr\u00e9senter. Cela dit, s\u2019il le faisait et \u00e9tait \u00e9lu, cela arrangerait les affaires de Poutine et Trump puisqu\u2019il a admis en mai dernier que l\u2019abandon de certains territoires ukrainiens pourrait \u00eatre le prix \u00e0 payer. C\u2019est injuste, mais pour la paix, une paix temporaire, peut-\u00eatre que c\u2019est une solution, temporaire\u00a0\u00bb, a-t-il dit.<\/p>\n<p> La lecture de ce contenu est susceptible d\u2019entra\u00eener un d\u00e9p\u00f4t de cookies de la part de l\u2019op\u00e9rateur tiers qui l\u2019h\u00e9berge. Compte-tenu des choix que vous avez exprim\u00e9s en mati\u00e8re de d\u00e9p\u00f4t de cookies, nous avons bloqu\u00e9 l\u2019affichage de ce contenu. Si vous souhaitez y acc\u00e9der, vous devez accepter la cat\u00e9gorie de cookies \u201cContenus tiers\u201d en cliquant sur le bouton ci-dessous. <\/p>\n<p> Lire la Vid\u00e9o        Viktor Medvedchuk, l\u2019oligarque ukrainien et tra\u00eetre du Kremlin         <img decoding=\"async\" loading=\"lazy\" src=\"https:\/\/www.europesays.com\/fr\/wp-content\/uploads\/2025\/12\/34b2318_upload-1-twd4pm55qslp-afp-20201105-kharchenko-notitle201105-npfeb-v1-midres-ukraineparliamen.jpeg\"  width=\"728\" height=\"485\" alt=\"Viktor Medvedchuk, l\u2019oligarque ukrainien et tra\u00eetre du Kremlin\"\/>  <\/p>\n<p>SERGII KHARCHENKO \/ NurPhoto via AFP<\/p>\n<p>Viktor Medvedchuk, l\u2019oligarque ukrainien et tra\u00eetre du Kremlin<\/p>\n<p class=\"asset asset-text\">Voil\u00e0 un profil qui ferait sauter de joie Vladimir Poutine. Viktor Medvedchuk est un oligarque ukrainien et un ami proche du pr\u00e9sident russe. Si proche que ce dernier est le parrain de l\u2019une de ses filles. Si pendant des ann\u00e9es ce partisan d\u2019un parti politique pro-russe a \u00e9t\u00e9 un acteur cl\u00e9 entre Kiev et Moscou, il a finalement \u00e9t\u00e9 arr\u00eat\u00e9 en 2021, accus\u00e9 de soutenir les s\u00e9paratistes russes et de faire de la propagande avec ses cha\u00eenes de t\u00e9l\u00e9vision. Il a finalement \u00e9t\u00e9 d\u00e9chu de sa nationalit\u00e9, envoy\u00e9 en Russie en exile lors d\u2019un \u00e9change de prisonniers avec le Kremlin.<\/p>\n<p class=\"asset asset-text\">Selon The Telegraph, Poutine pourrait bien insister pour qu\u2019il soit autoris\u00e9 \u00e0 se pr\u00e9senter \u00e0 toute \u00e9lection en Ukraine. Kiev serait alors bloqu\u00e9e car s\u2019il acceptait Moscou pourrait avoir une nouvelle emprise sur la politique ukrainienne. Si elle refusait cette candidature, le Kremlin pourrait remettre en cause la cr\u00e9dibilit\u00e9 de l\u2019\u00e9lection.<\/p>\n<p>                     Ioulia Tymochenko, ancienne Premi\u00e8re ministre pugnace         <img decoding=\"async\" loading=\"lazy\" src=\"https:\/\/www.europesays.com\/fr\/wp-content\/uploads\/2025\/12\/70fcaeb_upload-1-a10it16hvinn-afp-20250429-43wf7mj-v1-midres-spainpoliticseuepp.jpg\"  width=\"728\" height=\"485\" alt=\"Ioulia Tymochenko, ancienne Premi\u00e8re ministre pugnace\"\/>  <\/p>\n<p>JOSE JORDAN \/ AFP<\/p>\n<p>Ioulia Tymochenko, ancienne Premi\u00e8re ministre pugnace<\/p>\n<p class=\"asset asset-text\">Premi\u00e8re ministre sous le mandat de Viktor Iouchtchenko (2005-2010), Ioulia Tymochenko a \u00e9t\u00e9 la premi\u00e8re \u00e0 occuper cette fonction. Elle n\u2019a eu de cesse depuis de tenter d\u2019acc\u00e9der au si\u00e8ge pr\u00e9sidentiel.<\/p>\n<p class=\"asset asset-text\">En 2010, elle arrive au second tour avant de perdre face \u00e0\u00a0Viktor Ianoukovytch, et prendre la t\u00eate de l\u2019opposition. En 2011, elle a \u00e9t\u00e9 condamn\u00e9e \u00e0 7\u00a0ans de prison pour\u00a0abus de pouvoir dans le cadre de\u00a0contrats gaziers avec la Russie. Lib\u00e9r\u00e9e lors de la\u00a0r\u00e9volution de 2014, elle s\u2019est pr\u00e9sent\u00e9e \u00e0 la pr\u00e9sidentielle anticip\u00e9e\u00a0face \u00e0\u00a0Petro Porochenko, qui a \u00e9t\u00e9 \u00e9lu. Redevenue d\u00e9put\u00e9e, elle a longtemps \u00e9t\u00e9 donn\u00e9e favorite pour celle de 2019, avant finalement de finir troisi\u00e8me. \u00c2g\u00e9e de 65\u00a0ans, elle pourrait retenter sa chance si un scrutin \u00e9tait \u00e0 nouveau ouvert.<\/p>\n","protected":false},"excerpt":{"rendered":"HANDOUT \/ AFP Zelensky \u00ab\u00a0pr\u00eat\u00a0\u00bb pour une \u00e9lection pr\u00e9sidentielle, mais qui pour lui succ\u00e9der\u00a0? EN BREF \u2022 Volodymyr&hellip;\n","protected":false},"author":2,"featured_media":592191,"comment_status":"","ping_status":"","sticky":false,"template":"","format":"standard","meta":{"footnotes":""},"categories":[1590],"tags":[11,1777,674,131,14,70536,12,70535,220,134],"class_list":{"0":"post-592190","1":"post","2":"type-post","3":"status-publish","4":"format-standard","5":"has-post-thumbnail","7":"category-ukraine","8":"tag-actualites","9":"tag-eu","10":"tag-europe","11":"tag-guerre-en-ukraine","12":"tag-international","13":"tag-ioulia-timochenko","14":"tag-news","15":"tag-petro-porochenko","16":"tag-ukraine","17":"tag-volodymyr-zelensky"},"share_on_mastodon":{"url":"https:\/\/pubeurope.com\/@fr\/115699436282370164","error":""},"_links":{"self":[{"href":"https:\/\/www.europesays.com\/fr\/wp-json\/wp\/v2\/posts\/592190","targetHints":{"allow":["GET"]}}],"collection":[{"href":"https:\/\/www.europesays.com\/fr\/wp-json\/wp\/v2\/posts"}],"about":[{"href":"https:\/\/www.europesays.com\/fr\/wp-json\/wp\/v2\/types\/post"}],"author":[{"embeddable":true,"href":"https:\/\/www.europesays.com\/fr\/wp-json\/wp\/v2\/users\/2"}],"replies":[{"embeddable":true,"href":"https:\/\/www.europesays.com\/fr\/wp-json\/wp\/v2\/comments?post=592190"}],"version-history":[{"count":0,"href":"https:\/\/www.europesays.com\/fr\/wp-json\/wp\/v2\/posts\/592190\/revisions"}],"wp:featuredmedia":[{"embeddable":true,"href":"https:\/\/www.europesays.com\/fr\/wp-json\/wp\/v2\/media\/592191"}],"wp:attachment":[{"href":"https:\/\/www.europesays.com\/fr\/wp-json\/wp\/v2\/media?parent=592190"}],"wp:term":[{"taxonomy":"category","embeddable":true,"href":"https:\/\/www.europesays.com\/fr\/wp-json\/wp\/v2\/categories?post=592190"},{"taxonomy":"post_tag","embeddable":true,"href":"https:\/\/www.europesays.com\/fr\/wp-json\/wp\/v2\/tags?post=592190"}],"curies":[{"name":"wp","href":"https:\/\/api.w.org\/{rel}","templated":true}]}}