{"id":592205,"date":"2025-12-11T06:15:28","date_gmt":"2025-12-11T06:15:28","guid":{"rendered":"https:\/\/www.europesays.com\/fr\/592205\/"},"modified":"2025-12-11T06:15:28","modified_gmt":"2025-12-11T06:15:28","slug":"la-region-ile-de-france-labelise-trois-nouveaux-quartiers-innovants-et-ecologiques","status":"publish","type":"post","link":"https:\/\/www.europesays.com\/fr\/592205\/","title":{"rendered":"la R\u00e9gion \u00cele-de-France lab\u00e9lise trois nouveaux \u00ab\u00a0quartiers innovants et \u00e9cologiques\u00a0\u00bb"},"content":{"rendered":"<p>                    Par<br \/>\n        <strong><br \/>\n            <a href=\"https:\/\/actu.fr\/auteur\/thibaut-faussabry\" title=\"Consulter tous les articles de Thibaut Faussabry\" target=\"_blank\" rel=\"noopener\">Thibaut Faussabry<\/a><br \/>\n                    <\/strong><\/p>\n<p>        Publi\u00e9 le<\/p>\n<p>            11 d\u00e9c. 2025 \u00e0 6h40        <\/p>\n<p><a href=\"https:\/\/actu.fr\/essonne\/\" target=\"_blank\" rel=\"noopener\">L\u2019Essonne<\/a> compte <strong>trois<\/strong> <strong>nouveaux<\/strong> <strong>\u00ab\u2009quartiers innovants et \u00e9cologiques\u2009\u00bb<\/strong> labellis\u00e9s par la <strong>R\u00e9gion \u00cele-de-France.<\/strong> Lors de la commission permanente du 20\u00a0novembre 2025, les \u00e9lus ont approuv\u00e9 l\u2019entr\u00e9e dans ce dispositif de neuf nouveaux quartiers, parmi lesquels\u2009: les <strong>Tarter\u00eats<\/strong> \u00e0 Corbeil-Essonnes, <strong>Grand-Vaux Grand-Val<\/strong> \u00e0 Savigny-sur-Orge et la<strong> Croix Blanche<\/strong> \u00e0 Vigneux-sur-Seine.<\/p>\n<p>Un peu plus de 3\u00a0millions d\u2019euros pour chacun de ces quartiers<\/p>\n<p class=\" wall-content\">Ces quartiers b\u00e9n\u00e9ficieront d\u2019un accompagnement pour \u00ab\u2009acc\u00e9l\u00e9rer la production de <a href=\"https:\/\/actu.fr\/tag\/logement\" target=\"_blank\" rel=\"noopener\">logements<\/a>, requalifier leurs espaces publics, moderniser les \u00e9quipements, renaturer les espaces min\u00e9ralis\u00e9s et <strong>am\u00e9liorer durablement le cadre de vie\u2009\u00bb<\/strong>, pr\u00e9cise la R\u00e9gion \u00cele-de-France.<\/p>\n<p class=\" wall-content\">Avec cette 15\u1d49 et derni\u00e8re vague de labellisation, la collectivit\u00e9 atteint le cap des<strong> 100 quartiers accompagn\u00e9s<\/strong> depuis la cr\u00e9ation du dispositif en 2016.<\/p>\n<p class=\" wall-content\">Ainsi, les neuf quartiers retenus se verront attribuer au total la somme de 28\u00a0millions d\u2019euros. Sur cette somme, les trois quartiers essonniens vont chacun percevoir une dotation de <strong>3,15\u00a0millions d\u2019euros<\/strong> d\u2019apr\u00e8s la d\u00e9lib\u00e9ration approuv\u00e9e par les \u00e9lus.<\/p>\n<p>Aux Tarter\u00eats, des am\u00e9nagements pour favoriser la mixit\u00e9 sociale<\/p>\n<p class=\" wall-content\">Dans le d\u00e9tail, le projet <strong>NPNRU<\/strong> (Nouveau programme national de renouvellement urbain) des Tarter\u00eats, port\u00e9 par l\u2019agglom\u00e9ration Grand Paris Sud s\u2019articule autour de plusieurs axes.<\/p>\n<p class=\" wall-content\">Tout d\u2019abord, il s\u2019agit de la diversification et de l\u2019am\u00e9lioration de la qualit\u00e9 de l\u2019habitat, mat\u00e9rialis\u00e9es par la <strong>d\u00e9molition de 485 logements<\/strong> (tours Haut Blum et C\u00e9zanne Renoir) et des 288 chambres du foyer de travailleurs migrants Adoma.<\/p>\n<p class=\" wall-content\">\u00c0 ces d\u00e9molitions succ\u00e9dera la cr\u00e9ation de 530 logements en accession \u00e0 la propri\u00e9t\u00e9, 205 logements locatifs libres, 129 logements sociaux pour 1001 Vies Habitat, et 150 logements pour ADOMA ainsi que des<strong> r\u00e9novations \u00e9nerg\u00e9tiques<\/strong> sur les b\u00e2timents non r\u00e9habilit\u00e9s dans le cadre de l\u2019Anru 1.<\/p>\n<p>Votre r\u00e9gion, votre actu !<\/p>\n<p>Recevez chaque jour les infos qui comptent pour vous.<\/p>\n<p>\t<a href=\"https:\/\/actu.fr\/newsletter\" class=\"ac-btn ac-btn--corner ac-btn--medium ac-btn--blue800\" target=\"_blank\" rel=\"noopener\">S&rsquo;incrire<\/a><\/p>\n<p class=\" wall-content\">En parall\u00e8le, les espaces publics seront requalifi\u00e9s afin de fluidifier les circulations et de renforcer les liaisons douces \u00e0 travers la<strong> cr\u00e9ation d\u2019une trame verte<\/strong> reliant les principaux p\u00f4les du quartier, notamment les futurs services de proximit\u00e9 qui seront cr\u00e9\u00e9s.<\/p>\n<p class=\" wall-content\">En effet, il est pr\u00e9vu d\u2019ici \u00e0 la fin du projet en 2032 la construction d\u2019un<strong> nouveau gymnase<\/strong>, la cr\u00e9ation d\u2019un garage solidaire, d\u2019un p\u00f4le associatif et d\u2019un \u00e9quipement culturel <a href=\"https:\/\/actu.fr\/ile-de-france\/corbeil-essonnes_91174\/corbeil-essonnes-nouvelle-etape-dans-la-transformation-de-l-ancienne-chaufferie-en-mediatheque_63520748.html\" target=\"_blank\" rel=\"noopener\">dans l\u2019ancienne chaufferie.<\/a><\/p>\n<p>Un d\u00e9senclavement du quartier Grand-Vaux Grand-Val<\/p>\n<p class=\" wall-content\">De son c\u00f4t\u00e9, le quartier Grand-Vaux Grand-Val \u00e0 Savigny-sur-Orge va \u00eatre <strong>d\u00e9senclav\u00e9<\/strong> d\u2019ici 2033, dans le cadre d\u2019un projet port\u00e9 par l\u2019EPT Grand Orly Seine Bi\u00e8vre et de la d\u00e9marche \u00ab\u2009quartiers r\u00e9silients\u2009\u00bb de l\u2019Anru (Agence nationale pour la <a href=\"https:\/\/actu.fr\/tag\/renovation-urbaine\" target=\"_blank\" rel=\"noopener\">r\u00e9novation urbaine<\/a>).<\/p>\n<p class=\" wall-content\">Concr\u00e8tement, il est pr\u00e9vu les d\u00e9constructions cibl\u00e9es de 583 logements sociaux qui lib\u00e9reront les emprises n\u00e9cessaires \u00e0 la construction de 970 nouveaux logements, dont 550 logements en accession libre, 30 logements en <strong>accession sociale<\/strong>, 120 logements interm\u00e9diaires et 270 logements sociaux.<\/p>\n<p class=\" wall-content\">Dans le m\u00eame temps, deux r\u00e9sidences sociales (223 logements) et quatre copropri\u00e9t\u00e9s (843 logements) seront r\u00e9habilit\u00e9es. Sur le volet \u00e9conomique, un <strong>immobilier d\u2019entreprises <\/strong>devrait voir le jour, \u00e0 l\u2019ouest du quartier.<\/p>\n<p class=\" wall-content\">Surtout, le centre commercial sur la dalle, aujourd\u2019hui en d\u00e9sh\u00e9rence, sera<strong> remplac\u00e9 par une offre \u00e0 hauteur de rue,<\/strong> sur une place publique situ\u00e9e sur le mail central ou \u00e0 proximit\u00e9 de l\u2019Yvette qui sera renatur\u00e9e.<\/p>\n<p class=\" wall-content\">Enfin, la ville portera la r\u00e9habilitation et l\u2019extension de la maison de quartier et de l\u2019\u00e9cole Saint-Exup\u00e9ry ainsi que la cr\u00e9ation d\u2019une maison de sant\u00e9 int\u00e9gr\u00e9e au centre de protection maternelle infantile et d\u2019une <strong>nouvelle cr\u00e8che<\/strong> avec 60 berceaux pour remplacer l\u2019actuelle de 40 places.<\/p>\n<p>Renforcement des commerces et des services \u00e0 la Croix Blanche<\/p>\n<p class=\" wall-content\">Enfin, \u00e0 Vigneux-sur-Seine, la R\u00e9gion a choisi de soutenir le projet de la<strong> ZAC du 8\u00a0mai 1945<\/strong> du quartier de la Croix Blanche, port\u00e9 par l\u2019agglom\u00e9ration Val d\u2019Yerres Val de Seine dans le cadre du NPNRU et dont l\u2019ach\u00e8vement est attendu en 2030.<\/p>\n<p class=\" wall-content\">En cinq ans, il est ainsi pr\u00e9vu la d\u00e9molition de la tour du 18 avenue Charon (76 logements sociaux), la r\u00e9habilitation et la r\u00e9sidentialisation de 200 autres et enfin la construction de 198 logements diversifi\u00e9s en accession avec des <strong>mat\u00e9riaux biosourc\u00e9s<\/strong> et qui seront raccord\u00e9s \u00e0 la g\u00e9othermie.<\/p>\n<p class=\" wall-content\">En mati\u00e8re de d\u00e9veloppement \u00e9conomique, les op\u00e9rations seront nombreuses. Parmi elles, il y aura la d\u00e9molition du<strong> march\u00e9 couvert<\/strong>, du foyer Ambroise Croizat ainsi que du centre commercial et de sa dalle.<\/p>\n<p class=\" wall-content\">\u00c0 l\u2019image des autres quartiers laur\u00e9ats, des <a href=\"https:\/\/actu.fr\/tag\/travaux\" target=\"_blank\" rel=\"noopener\">travaux<\/a> d\u2019am\u00e9nagement sont pr\u00e9vus de sorte \u00e0 d\u00e9senclaver le quartier et \u00e0 am\u00e9liorer le cadre de vie avec notamment le renforcement de la trame verte via des<strong> squares et des jardins paysagers.<\/strong><\/p>\n<p class=\" wall-content\">Personnalisez votre actualit\u00e9 en ajoutant vos villes et m\u00e9dias en favori avec <a href=\"https:\/\/moncompte.actu.fr\" title=\"D\u00e9couvez Mon Actu\" rel=\"nofollow noopener\" data-trk=\"{&quot;cta&quot;:{&quot;action&quot;:&quot;https:\\\/\\\/moncompte.actu.fr&quot;,&quot;category&quot;:&quot;mon compte&quot;,&quot;from&quot;:&quot;article footer&quot;,&quot;name&quot;:&quot;Mon actu&quot;,&quot;type&quot;:&quot;cta&quot;}}\" target=\"_blank\">Mon Actu<\/a>.<\/p>\n","protected":false},"excerpt":{"rendered":"Par Thibaut Faussabry Publi\u00e9 le 11 d\u00e9c. 2025 \u00e0 6h40 L\u2019Essonne compte trois nouveaux \u00ab\u2009quartiers innovants et \u00e9cologiques\u2009\u00bb&hellip;\n","protected":false},"author":2,"featured_media":592206,"comment_status":"","ping_status":"","sticky":false,"template":"","format":"standard","meta":{"footnotes":""},"categories":[4],"tags":[11,1011,27,1908,12,5765,25,104,2086],"class_list":{"0":"post-592205","1":"post","2":"type-post","3":"status-publish","4":"format-standard","5":"has-post-thumbnail","7":"category-france","8":"tag-actualites","9":"tag-fr","10":"tag-france","11":"tag-logement","12":"tag-news","13":"tag-renovation-urbaine","14":"tag-republique-francaise","15":"tag-societe","16":"tag-travaux"},"share_on_mastodon":{"url":"https:\/\/pubeurope.com\/@fr\/115699471015927261","error":""},"_links":{"self":[{"href":"https:\/\/www.europesays.com\/fr\/wp-json\/wp\/v2\/posts\/592205","targetHints":{"allow":["GET"]}}],"collection":[{"href":"https:\/\/www.europesays.com\/fr\/wp-json\/wp\/v2\/posts"}],"about":[{"href":"https:\/\/www.europesays.com\/fr\/wp-json\/wp\/v2\/types\/post"}],"author":[{"embeddable":true,"href":"https:\/\/www.europesays.com\/fr\/wp-json\/wp\/v2\/users\/2"}],"replies":[{"embeddable":true,"href":"https:\/\/www.europesays.com\/fr\/wp-json\/wp\/v2\/comments?post=592205"}],"version-history":[{"count":0,"href":"https:\/\/www.europesays.com\/fr\/wp-json\/wp\/v2\/posts\/592205\/revisions"}],"wp:featuredmedia":[{"embeddable":true,"href":"https:\/\/www.europesays.com\/fr\/wp-json\/wp\/v2\/media\/592206"}],"wp:attachment":[{"href":"https:\/\/www.europesays.com\/fr\/wp-json\/wp\/v2\/media?parent=592205"}],"wp:term":[{"taxonomy":"category","embeddable":true,"href":"https:\/\/www.europesays.com\/fr\/wp-json\/wp\/v2\/categories?post=592205"},{"taxonomy":"post_tag","embeddable":true,"href":"https:\/\/www.europesays.com\/fr\/wp-json\/wp\/v2\/tags?post=592205"}],"curies":[{"name":"wp","href":"https:\/\/api.w.org\/{rel}","templated":true}]}}