{"id":592207,"date":"2025-12-11T06:19:21","date_gmt":"2025-12-11T06:19:21","guid":{"rendered":"https:\/\/www.europesays.com\/fr\/592207\/"},"modified":"2025-12-11T06:19:21","modified_gmt":"2025-12-11T06:19:21","slug":"super-xiii-paul-seguier-va-t-il-faire-ses-debuts-face-a-avignon-rugby-a-xiii","status":"publish","type":"post","link":"https:\/\/www.europesays.com\/fr\/592207\/","title":{"rendered":"Super XIII &#8211; Paul S\u00e9guier va-t-il faire ses d\u00e9buts face \u00e0 Avignon ? &#8211; Rugby \u00e0 XIII"},"content":{"rendered":"<p style=\"text-align: justify;\"><strong>Le deuxi\u00e8me ligne fran\u00e7ais Paul S\u00e9guier devrait faire ses d\u00e9buts avec les Canaris lors de la 10\u00e8me journ\u00e9e de Super XIII face \u00e0 Avignon.<\/strong><\/p>\n<p style=\"text-align: justify;\">L\u2019ancien joueur des Dragons Catalans n\u2019est plus sous contrat avec le club Sang et Or depuis le 30 novembre. Le voil\u00e0 enfin libre. Paul S\u00e9guier devrait enfin refouler les pelouses de Super XIII, championnat qu\u2019il a d\u00e9j\u00e0 connu avec Saint-Est\u00e8ve XIII Catalan avant de faire ses d\u00e9buts en Super League.<\/p>\n<p style=\"text-align: justify;\">Paul S\u00e9guier a termin\u00e9 sa saison et son histoire catalane en beaut\u00e9 lors de la victoire des Dragons Catalans (22-26) \u00e0 Hull FC. Durant son passage en Catalogne, il dispute 110 matchs de Super League pour sept essais. Le deuxi\u00e8me ligne fran\u00e7ais n\u2019a plus jou\u00e9 depuis fin octobre et ce match crucial avec le XIII de France contre la Jama\u00efque pour une qualification \u00e0 la prochaine Coupe du monde en Australie. Il se distingue en marquant le deuxi\u00e8me essai de la rencontre dans un match o\u00f9 les Bleus l\u2019emportent facilement 36-0.<\/p>\n<p>D\u00e9buts \u00e0 Domec ?<\/p>\n<p style=\"text-align: justify;\">Le joueur de 28 ans est enfin \u00e9ligible pour \u00e9voluer avec son nouveau club et devrait rev\u00eatir le maillot jaune et noir pour la premi\u00e8re fois lors de la r\u00e9ception d\u2019Avignon \u00e0 Domec comptant pour la 10\u00e8me journ\u00e9e de Super XIII. Les Canaris voient un joueur d\u2019exp\u00e9rience de plus arriver dans leur effectif pour leur objectif : r\u00e9cup\u00e9rer le titre de champion de France. Paul S\u00e9guier peut \u00e9voluer deuxi\u00e8me ligne mais \u00e9galement pilier. Sa polyvalence et son exp\u00e9rience au haut niveau seront des atouts suppl\u00e9mentaires pour les Audois afin de tout rafler cette ann\u00e9e.<\/p>\n<p style=\"text-align: justify;\">Carcassonne est pour l\u2019instant la meilleure \u00e9quipe de Super XIII. Les Canaris comptent sept victoires pour une d\u00e9faite (\u00e0 Albi) et tiennent toujours leur invincibilit\u00e9 \u00e0 domicile. Les hommes de Fr\u00e9d\u00e9ric Camel ont aussi pour l\u2019instant la meilleure d\u00e9fense du championnat avec seulement 88 points encaiss\u00e9s. Verra-t-on le vice-champion encore plus fort avec sa nouvelle recrue phare ?<\/p>\n<blockquote class=\"instagram-media\" data-instgrm-captioned=\"\" data-instgrm-permalink=\"https:\/\/www.instagram.com\/p\/DR_mmxqiEUk\/?utm_source=ig_embed&amp;utm_campaign=loading\" data-instgrm-version=\"14\" style=\" background:#FFF; border:0; border-radius:3px; box-shadow:0 0 1px 0 rgba(0,0,0,0.5),0 1px 10px 0 rgba(0,0,0,0.15); margin: 1px; max-width:500px; min-width:326px; padding:0; width:99.375%; width:-webkit-calc(100% - 2px); width:calc(100% - 2px);\">\n<\/blockquote>\n<p>        <script async src=\"\/\/www.instagram.com\/embed.js\"><\/script><\/p>\n","protected":false},"excerpt":{"rendered":"Le deuxi\u00e8me ligne fran\u00e7ais Paul S\u00e9guier devrait faire ses d\u00e9buts avec les Canaris lors de la 10\u00e8me journ\u00e9e&hellip;\n","protected":false},"author":2,"featured_media":592208,"comment_status":"","ping_status":"","sticky":false,"template":"","format":"standard","meta":{"footnotes":""},"categories":[1416],"tags":[7298,1011,27,40811,479,2228,1468,2229,60,2231],"class_list":{"0":"post-592207","1":"post","2":"type-post","3":"status-publish","4":"format-standard","5":"has-post-thumbnail","7":"category-rugby","8":"tag-carcassonne-xiii","9":"tag-fr","10":"tag-france","11":"tag-paul-seguier","12":"tag-rugby","13":"tag-rugby-a-xiii","14":"tag-rugby-football","15":"tag-rugby-league","16":"tag-sports","17":"tag-super-xiii"},"share_on_mastodon":{"url":"https:\/\/pubeurope.com\/@fr\/115699486834424419","error":""},"_links":{"self":[{"href":"https:\/\/www.europesays.com\/fr\/wp-json\/wp\/v2\/posts\/592207","targetHints":{"allow":["GET"]}}],"collection":[{"href":"https:\/\/www.europesays.com\/fr\/wp-json\/wp\/v2\/posts"}],"about":[{"href":"https:\/\/www.europesays.com\/fr\/wp-json\/wp\/v2\/types\/post"}],"author":[{"embeddable":true,"href":"https:\/\/www.europesays.com\/fr\/wp-json\/wp\/v2\/users\/2"}],"replies":[{"embeddable":true,"href":"https:\/\/www.europesays.com\/fr\/wp-json\/wp\/v2\/comments?post=592207"}],"version-history":[{"count":0,"href":"https:\/\/www.europesays.com\/fr\/wp-json\/wp\/v2\/posts\/592207\/revisions"}],"wp:featuredmedia":[{"embeddable":true,"href":"https:\/\/www.europesays.com\/fr\/wp-json\/wp\/v2\/media\/592208"}],"wp:attachment":[{"href":"https:\/\/www.europesays.com\/fr\/wp-json\/wp\/v2\/media?parent=592207"}],"wp:term":[{"taxonomy":"category","embeddable":true,"href":"https:\/\/www.europesays.com\/fr\/wp-json\/wp\/v2\/categories?post=592207"},{"taxonomy":"post_tag","embeddable":true,"href":"https:\/\/www.europesays.com\/fr\/wp-json\/wp\/v2\/tags?post=592207"}],"curies":[{"name":"wp","href":"https:\/\/api.w.org\/{rel}","templated":true}]}}