{"id":592209,"date":"2025-12-11T06:20:34","date_gmt":"2025-12-11T06:20:34","guid":{"rendered":"https:\/\/www.europesays.com\/fr\/592209\/"},"modified":"2025-12-11T06:20:34","modified_gmt":"2025-12-11T06:20:34","slug":"a-16-ans-enzo-joue-la-finale-de-lopen-de-caen-chez-les-amateurs","status":"publish","type":"post","link":"https:\/\/www.europesays.com\/fr\/592209\/","title":{"rendered":"\u00e0 16 ans, Enzo joue la finale de l&rsquo;Open de Caen chez les amateurs"},"content":{"rendered":"<p>                    Par<br \/>\n        <strong><br \/>\n            <a href=\"https:\/\/actu.fr\/auteur\/redaction-sportacaen\" title=\"Consulter tous les articles de R\u00e9daction Sport \u00e0 Caen\" target=\"_blank\" rel=\"noopener\">R\u00e9daction Sport \u00e0 Caen<\/a><br \/>\n                    <\/strong><\/p>\n<p>        Publi\u00e9 le<\/p>\n<p>            9 d\u00e9c. 2025 \u00e0 15h24        <\/p>\n<p>Comme chaque ann\u00e9e, en plus des professionnels, des amateurs fouleront le court du <b>Palais des sports de Caen<\/b> (Calvados) lors de l\u2019<a href=\"https:\/\/actu.fr\/normandie\/caen_14118\/tennis-la-star-francaise-du-moment-et-un-top-10-mondial-a-caen-le-plus-beau-plateau-quon-ait-eu-a-lopen_63390898.html\" target=\"_blank\" rel=\"noopener\">Open de Caen<\/a>. Pour cette nouvelle \u00e9dition, ce sont les finales des 3e s\u00e9rie qui s\u2019y joueront. Les qualifications ont rendu leur verdict. Pour la rencontre masculine : <b>T\u00e9ophile Tison<\/b>, 20 ans, licenci\u00e9 au Cherbourg Marine TC et class\u00e9 15\/2, et <b>Enzo Ramonet<\/b>, 16 ans, licenci\u00e9 au TC Caen et class\u00e9 15\/1, s\u2019affronteront le dimanche 14 d\u00e9cembre 2025.<\/p>\n<p>Une passion qui a commenc\u00e9 tr\u00e8s t\u00f4t<\/p>\n<p class=\" wall-content\">En parall\u00e8le du tennis, Enzo Ramonet m\u00e8ne <b>une vie classique de lyc\u00e9en<\/b>. \u00ab\u00a0J\u2019aimerais bien devenir dentiste, raconte-t-il. Mais j\u2019ai encore un peu de temps pour r\u00e9fl\u00e9chir, on verra bien avec le temps.\u00a0\u00bb\u00a0<\/p>\n<p class=\" wall-content\">Il d\u00e9couvre le tennis tr\u00e8s jeune \u00e0 l\u2019\u00e2ge de 4 ans. \u00ab\u00a0Mon p\u00e8re jouait d\u00e9j\u00e0 au tennis, explique le lyc\u00e9en. Alors, j\u2019ai rapidement accroch\u00e9 et je n\u2019ai jamais d\u00e9croch\u00e9.\u00a0\u00bb<\/p>\n<p class=\" wall-content\">Le jeune Caennais se prend assez vite au jeu, <b>s\u2019entrainant jusqu\u2019\u00e0 cinq fois par semaine<\/b> et enchainant rapidement les comp\u00e9titions r\u00e9gionales.<\/p>\n<blockquote class=\"ac-article-quote wall-content\">\n<p>Avant, je faisais du tennis et du football, mais j\u2019ai d\u00fb arr\u00eater le foot, car je n\u2019avais pas le temps de tout faire.<\/p>\n<p>Enzo Ramonet, finaliste de l\u2019Open de Caen 3e s\u00e9rie<\/p><\/blockquote>\n<p class=\" wall-content\">Depuis, il a un peu ralenti le rythme, s\u2019entrainant seulement deux fois par semaine. \u00ab\u00a0Je participe tout de m\u00eame \u00e0 quelques tournois pour m\u2019amuser.\u00a0\u00bb<\/p>\n<p>De la terre battue au Palais des Sports<\/p>\n<p class=\" wall-content\">Enzo garde toujours un \u0153il sur le tennis actuel. Fan de Federer, de Carlos Alcaraz ou encore de Ga\u00ebl Monfils, il a eu l\u2019occasion de voir les stars de la balle jaune sur la terre battue de Roland-Garros.<\/p>\n<p>Votre r\u00e9gion, votre actu !<\/p>\n<p>Recevez chaque jour les infos qui comptent pour vous.<\/p>\n<p>\t<a href=\"https:\/\/actu.fr\/newsletter\" class=\"ac-btn ac-btn--corner ac-btn--medium ac-btn--blue800\" target=\"_blank\" rel=\"noopener\">S&rsquo;incrire<\/a><\/p>\n<p class=\" wall-content\">Cette ann\u00e9e, il a d\u00e9cid\u00e9 de participer aux qualifications de l\u2019<a href=\"https:\/\/actu.fr\/normandie\/caen_14118\/tennis-lengouement-ne-cesse-de-grandir-il-ny-a-plus-que-500-billets-a-vendre-pour-lopen-de-caen_63343646.html\" target=\"_blank\" rel=\"noopener\">Open de Caen<\/a>. Il a remport\u00e9 son premier match, en trois sets, ce qui lui a permis de se qualifier dans le tableau des 3e s\u00e9rie. Malheureusement, il a perdu son deuxi\u00e8me match contre un adversaire mieux class\u00e9 (6-3, 6-2). Malgr\u00e9 ce revers, il a remport\u00e9 les deux rencontres suivantes, dont le dernier au super tie-break (4-6, 6-3, 10-4) pour se qualifier en finale des 3e s\u00e9rie.<\/p>\n<blockquote class=\"ac-article-quote wall-content\">\n<p>J\u2019ai h\u00e2te d\u2019y \u00eatre. Il va y avoir une belle ambiance et je joue surtout pour m\u2019amuser !<\/p>\n<p>Enzo Ramonet, finaliste du tournoi 3e s\u00e9rie\u00a0<\/p><\/blockquote>\n<p>Ramasseur de balles l\u2019ann\u00e9e derni\u00e8re<\/p>\n<p class=\" wall-content\">Les 4 000 spectateurs du Palais des Sports ne l\u2019impressionnent pas. \u00ab\u00a0C\u2019est un court que je connais puisque j\u2019ai \u00e9t\u00e9 ramasseur de balles l\u2019an dernier.\u00a0\u00bb<\/p>\n<p class=\" wall-content\">Pour assister \u00e0 ce match, rendez-vous le dimanche 14 d\u00e9cembre, apr\u00e8s les matchs des pros.<\/p>\n<p class=\" wall-content\"><b>De notre correspondant Martin ARROT<\/b><\/p>\n<p class=\" wall-content\">Personnalisez votre actualit\u00e9 en ajoutant vos villes et m\u00e9dias en favori avec <a href=\"https:\/\/moncompte.actu.fr\" title=\"D\u00e9couvez Mon Actu\" rel=\"nofollow noopener\" data-trk=\"{&quot;cta&quot;:{&quot;action&quot;:&quot;https:\\\/\\\/moncompte.actu.fr&quot;,&quot;category&quot;:&quot;mon compte&quot;,&quot;from&quot;:&quot;article footer&quot;,&quot;name&quot;:&quot;Mon actu&quot;,&quot;type&quot;:&quot;cta&quot;}}\" target=\"_blank\">Mon Actu<\/a>.<\/p>\n","protected":false},"excerpt":{"rendered":"Par R\u00e9daction Sport \u00e0 Caen Publi\u00e9 le 9 d\u00e9c. 2025 \u00e0 15h24 Comme chaque ann\u00e9e, en plus des&hellip;\n","protected":false},"author":2,"featured_media":592210,"comment_status":"","ping_status":"","sticky":false,"template":"","format":"standard","meta":{"footnotes":""},"categories":[1415],"tags":[5164,1011,27,42332,60,1467],"class_list":{"0":"post-592209","1":"post","2":"type-post","3":"status-publish","4":"format-standard","5":"has-post-thumbnail","7":"category-tennis","8":"tag-calvados","9":"tag-fr","10":"tag-france","11":"tag-palais-des-sports-de-caen","12":"tag-sports","13":"tag-tennis"},"share_on_mastodon":{"url":"https:\/\/pubeurope.com\/@fr\/115699490717323440","error":""},"_links":{"self":[{"href":"https:\/\/www.europesays.com\/fr\/wp-json\/wp\/v2\/posts\/592209","targetHints":{"allow":["GET"]}}],"collection":[{"href":"https:\/\/www.europesays.com\/fr\/wp-json\/wp\/v2\/posts"}],"about":[{"href":"https:\/\/www.europesays.com\/fr\/wp-json\/wp\/v2\/types\/post"}],"author":[{"embeddable":true,"href":"https:\/\/www.europesays.com\/fr\/wp-json\/wp\/v2\/users\/2"}],"replies":[{"embeddable":true,"href":"https:\/\/www.europesays.com\/fr\/wp-json\/wp\/v2\/comments?post=592209"}],"version-history":[{"count":0,"href":"https:\/\/www.europesays.com\/fr\/wp-json\/wp\/v2\/posts\/592209\/revisions"}],"wp:featuredmedia":[{"embeddable":true,"href":"https:\/\/www.europesays.com\/fr\/wp-json\/wp\/v2\/media\/592210"}],"wp:attachment":[{"href":"https:\/\/www.europesays.com\/fr\/wp-json\/wp\/v2\/media?parent=592209"}],"wp:term":[{"taxonomy":"category","embeddable":true,"href":"https:\/\/www.europesays.com\/fr\/wp-json\/wp\/v2\/categories?post=592209"},{"taxonomy":"post_tag","embeddable":true,"href":"https:\/\/www.europesays.com\/fr\/wp-json\/wp\/v2\/tags?post=592209"}],"curies":[{"name":"wp","href":"https:\/\/api.w.org\/{rel}","templated":true}]}}