{"id":592211,"date":"2025-12-11T06:24:17","date_gmt":"2025-12-11T06:24:17","guid":{"rendered":"https:\/\/www.europesays.com\/fr\/592211\/"},"modified":"2025-12-11T06:24:17","modified_gmt":"2025-12-11T06:24:17","slug":"cyclisme-route-la-soudal-quick-step-devoile-le-programme-de-son-camp-dentrainement","status":"publish","type":"post","link":"https:\/\/www.europesays.com\/fr\/592211\/","title":{"rendered":"Cyclisme. Route &#8211; La Soudal Quick Step d\u00e9voile le programme de son camp d&rsquo;entrainement"},"content":{"rendered":"<p>Fin des vacances pour l&rsquo;\u00e9quipe <strong><a href=\"https:\/\/www.cyclismactu.net\/..\/news-route-alberto-dainese-soudal-quick-step-c-est-comme-jouer-pour-real-madrid-90849.html\" target=\"_blank\" rel=\"noopener\">Soudal Quick-Step<\/a><\/strong>. A l&rsquo;aube de sa 24e saison chez les professionnels, l&rsquo;\u00e9curie a d\u00e9voil\u00e9 le programme de son camp d&rsquo;entra\u00eenement \u00e0 Calpe. Les 12 jours seront consacr\u00e9s \u00e0 constituer un esprit d&rsquo;\u00e9quipe et r\u00e9aliser un premier bloc d&rsquo;entra\u00eenement notamment. L&rsquo;intersaison a \u00e9t\u00e9 mouvement\u00e9 tant dans le sens des arriv\u00e9es que des d\u00e9parts. Les nouveaux venus auront la lourde charge de faire oublier <a href=\"https:\/\/www.cyclismactu.net\/..\/news-route-geraint-thomas-remco-evenepoel-plus-gros-transfert-de-histoire-91128.html\" target=\"_blank\" rel=\"noopener\"><strong>Remco Evenepoe<\/strong>l<\/a> dans coeur des supporters, et \u00e9galer les 54 succ\u00e8s obtenus en 2025.<\/p>\n<p>Vid\u00e9o &#8211; Paul Magnier au micro de Cyclism&rsquo;Actu Lire la suite de l&rsquo;article&#13;<\/p>\n<p>\u00a0<\/p>\n<p>&#13;<br \/>\n\u00ab\u00a0L&rsquo;objectif et de fonder de solides bases&#8230;\u00a0\u00bb&#13;<\/p>\n<p>Le <strong><a href=\"https:\/\/www.cyclismactu.net\/..\/news-tour-down-under-route-ben-o-connor-fera-son-grand-retour-en-2026-sur-tour-down-under-91062.html\" target=\"_blank\" rel=\"noopener\">Tour Down Under<\/a><\/strong> fera office de rentr\u00e9e, d&rsquo;ici l\u00e0, les coureurs ne vont pas ch\u00f4mer si on se fie aux mots de l&rsquo;entra\u00eeneur de l&rsquo;\u00e9quipe,\u00a0 <strong>Koen Pelgrim<\/strong> : \u00ab\u00a0Nous sommes tr\u00e8s heureux de retourner ici parce que l&rsquo;environnement est parfait pour s&rsquo;entra\u00eener, pour que les coureurs passent du temps ensemble, fassent connaissance avec les nouveaux, et int\u00e9grer des jeunes de la conti. Les 3 premiers jours seront consacr\u00e9s aux photos, aux r\u00e9glages des v\u00e9los et ensuite nous allons rentrer dans le vif du sujet. On va r\u00e9aliser un premier bloc, compos\u00e9 de sorties longues \u00e0 faibles intensit\u00e9es, on travaillera sp\u00e9cifiquement les chronos et les sprints, et les coureurs feront du travail en salle avec les kin\u00e9s.\u00a0\u00bb<\/p>\n","protected":false},"excerpt":{"rendered":"Fin des vacances pour l&rsquo;\u00e9quipe Soudal Quick-Step. A l&rsquo;aube de sa 24e saison chez les professionnels, l&rsquo;\u00e9curie a&hellip;\n","protected":false},"author":2,"featured_media":592212,"comment_status":"","ping_status":"","sticky":false,"template":"","format":"standard","meta":{"footnotes":""},"categories":[1411],"tags":[1154,207,211,1011,27,209,60,210,212,208,213],"class_list":{"0":"post-592211","1":"post","2":"type-post","3":"status-publish","4":"format-standard","5":"has-post-thumbnail","7":"category-cyclisme","8":"tag-cycling","9":"tag-cyclisme","10":"tag-ffc","11":"tag-fr","12":"tag-france","13":"tag-route","14":"tag-sports","15":"tag-tour-de-france","16":"tag-uci","17":"tag-velo","18":"tag-world-tour"},"share_on_mastodon":{"url":"https:\/\/pubeurope.com\/@fr\/115699506498313133","error":""},"_links":{"self":[{"href":"https:\/\/www.europesays.com\/fr\/wp-json\/wp\/v2\/posts\/592211","targetHints":{"allow":["GET"]}}],"collection":[{"href":"https:\/\/www.europesays.com\/fr\/wp-json\/wp\/v2\/posts"}],"about":[{"href":"https:\/\/www.europesays.com\/fr\/wp-json\/wp\/v2\/types\/post"}],"author":[{"embeddable":true,"href":"https:\/\/www.europesays.com\/fr\/wp-json\/wp\/v2\/users\/2"}],"replies":[{"embeddable":true,"href":"https:\/\/www.europesays.com\/fr\/wp-json\/wp\/v2\/comments?post=592211"}],"version-history":[{"count":0,"href":"https:\/\/www.europesays.com\/fr\/wp-json\/wp\/v2\/posts\/592211\/revisions"}],"wp:featuredmedia":[{"embeddable":true,"href":"https:\/\/www.europesays.com\/fr\/wp-json\/wp\/v2\/media\/592212"}],"wp:attachment":[{"href":"https:\/\/www.europesays.com\/fr\/wp-json\/wp\/v2\/media?parent=592211"}],"wp:term":[{"taxonomy":"category","embeddable":true,"href":"https:\/\/www.europesays.com\/fr\/wp-json\/wp\/v2\/categories?post=592211"},{"taxonomy":"post_tag","embeddable":true,"href":"https:\/\/www.europesays.com\/fr\/wp-json\/wp\/v2\/tags?post=592211"}],"curies":[{"name":"wp","href":"https:\/\/api.w.org\/{rel}","templated":true}]}}