{"id":592213,"date":"2025-12-11T06:25:21","date_gmt":"2025-12-11T06:25:21","guid":{"rendered":"https:\/\/www.europesays.com\/fr\/592213\/"},"modified":"2025-12-11T06:25:21","modified_gmt":"2025-12-11T06:25:21","slug":"petkovic-deroge-a-la-regle-et-signe-une-liste-xxl","status":"publish","type":"post","link":"https:\/\/www.europesays.com\/fr\/592213\/","title":{"rendered":"Petkovic d\u00e9roge \u00e0 la r\u00e8gle et signe une liste XXL"},"content":{"rendered":"<p><img decoding=\"async\" src=\"https:\/\/www.europesays.com\/fr\/wp-content\/uploads\/2025\/12\/admin-ajax\" alt=\"\" style=\"display:none;width:1px;height:1px;\"\/><\/p>\n<p style=\"text-align: justify;\" data-start=\"133\" data-end=\"500\"><strong>C\u2019est d\u00e9sormais act\u00e9. Vladimir Petkovic a arr\u00eat\u00e9 sa liste pour la CAN 2025. Selon les informations recueillies par La Gazette du Fennec aupr\u00e8s de sources au sein de la FAF, le s\u00e9lectionneur national a profit\u00e9 de la marge des 27 joueurs autoris\u00e9s pour en retenir 28. Un l\u00e9ger d\u00e9passement assum\u00e9, qui traduit surtout la difficult\u00e9 de trancher \u00e0 l\u2019heure des choix forts.<\/strong><\/p>\n<p style=\"text-align: justify;\" data-start=\"502\" data-end=\"840\">Ce choix in\u00e9dit permet au technicien suisse de composer une liste que l\u2019on peut qualifier de juste. Juste, parce qu\u2019elle reprend l\u2019essentiel des hommes qui ont accompagn\u00e9 la reconstruction de la s\u00e9lection ces derniers mois. Juste, parce qu\u2019elle laisse peu de place \u00e0 la contestation, m\u00eame si certains joueurs se sentiront forc\u00e9ment l\u00e9s\u00e9s.<\/p>\n<p style=\"text-align: justify;\" data-start=\"842\" data-end=\"902\"><strong data-start=\"842\" data-end=\"902\">Les cadres reconduits, les r\u00e9v\u00e9lations de l\u2019A\u2019 int\u00e9gr\u00e9es<\/strong><\/p>\n<p style=\"text-align: justify;\" data-start=\"904\" data-end=\"1307\">Sans surprise, <strong>Petkovic<\/strong> a fait appel au noyau dur qui l\u2019accompagne depuis le d\u00e9but de son mandat. La vraie nouveaut\u00e9 se trouve ailleurs. Plus pr\u00e9cis\u00e9ment dans l\u2019int\u00e9gration remarqu\u00e9e de plusieurs joueurs issus de la s\u00e9lection A\u2019, brillante lors de la <strong>Coupe Arabe FIFA Qatar 2025<\/strong>. Parmi eux, le duo offensif <strong>Boulbina \u2013 Berkane<\/strong>, auteur d\u2019un tournoi de haute vol\u00e9e, fait son entr\u00e9e dans la cour des grands.<\/p>\n<p style=\"text-align: justify;\" data-start=\"1309\" data-end=\"1791\">En d\u00e9fense, <strong>Mohamed Amine Touga\u00ef<\/strong>, habitu\u00e9 de la s\u00e9lection A, figure logiquement dans le groupe. \u00c0 l\u2019oppos\u00e9,<strong> Achraf Abada<\/strong> se retrouve, quant \u00e0 lui, \u00e0 mi-chemin. Notre source pr\u00e9cise en effet que le d\u00e9fenseur de l\u2019<strong>ASO Chlef<\/strong> a \u00e9t\u00e9 int\u00e9gr\u00e9 \u00e0 la liste \u00e9largie, mais avec un statut particulier. Autrement dit, il est consid\u00e9r\u00e9 comme le sixi\u00e8me d\u00e9fenseur central et ne sera du voyage au <strong>Maroc<\/strong> qu\u2019en cas de forfait tardif. Une mani\u00e8re de rester dans les plans sans y \u00eatre pleinement inclus.<\/p>\n<p style=\"text-align: justify;\" data-start=\"1793\" data-end=\"2016\">Notons que <strong>Petkovic<\/strong> ne d\u00e9voilera sa liste qu\u2019apr\u00e8s le quart de finale de l\u2019\u00e9quipe nationale A\u2019, oppos\u00e9e vendredi aux<strong> \u00c9mirats arabes unis<\/strong> en <strong>Coupe Arabe<\/strong>. Une mani\u00e8re d\u2019\u00e9viter toute perturbation dans la pr\u00e9paration du groupe.<\/p>\n<p style=\"text-align: justify;\" data-start=\"2018\" data-end=\"2312\" data-is-last-node=\"\" data-is-only-node=\"\">En principe, la liste qu\u2019on vient de passer en revue sera rendue publique lors d\u2019un point de presse, comme il est de coutume avec le Bosniaque depuis qu\u2019il est aux commandes. Cependant, rien n\u2019a encore \u00e9t\u00e9 tranch\u00e9, pr\u00e9cise notre source. Tout se d\u00e9cidera sans doute dans les heures qui viennent.<\/p>\n<p data-start=\"2018\" data-end=\"2312\" data-is-last-node=\"\" data-is-only-node=\"\">LIRE EGALEMENT :<\/p>\n<blockquote class=\"wp-embedded-content\" data-secret=\"dGp22sacpw\">\n<p><a href=\"https:\/\/lagazettedufennec.com\/attaque-sur-sa-forme-mahrez-replique-soyez-serieux\/\" target=\"_blank\" rel=\"noopener\">Attaqu\u00e9 sur sa forme avant la CAN, Mahrez r\u00e9plique : \u00ab Soyez s\u00e9rieux ! \u00bb<\/a><\/p>\n<\/blockquote>\n","protected":false},"excerpt":{"rendered":"C\u2019est d\u00e9sormais act\u00e9. Vladimir Petkovic a arr\u00eat\u00e9 sa liste pour la CAN 2025. Selon les informations recueillies par&hellip;\n","protected":false},"author":2,"featured_media":592214,"comment_status":"","ping_status":"","sticky":false,"template":"","format":"standard","meta":{"footnotes":""},"categories":[1410],"tags":[70537,70538,63,1011,27,70539,23243,70540,60,50417],"class_list":{"0":"post-592213","1":"post","2":"type-post","3":"status-publish","4":"format-standard","5":"has-post-thumbnail","7":"category-football","8":"tag-algu00e9rie-can-2025","9":"tag-can-2025","10":"tag-football","11":"tag-fr","12":"tag-france","13":"tag-liste-algu00e9rie-can-2025","14":"tag-petkovic","15":"tag-petkovic-liste","16":"tag-sports","17":"tag-vladimir-petkovic"},"share_on_mastodon":{"url":"https:\/\/pubeurope.com\/@fr\/115699511559666296","error":""},"_links":{"self":[{"href":"https:\/\/www.europesays.com\/fr\/wp-json\/wp\/v2\/posts\/592213","targetHints":{"allow":["GET"]}}],"collection":[{"href":"https:\/\/www.europesays.com\/fr\/wp-json\/wp\/v2\/posts"}],"about":[{"href":"https:\/\/www.europesays.com\/fr\/wp-json\/wp\/v2\/types\/post"}],"author":[{"embeddable":true,"href":"https:\/\/www.europesays.com\/fr\/wp-json\/wp\/v2\/users\/2"}],"replies":[{"embeddable":true,"href":"https:\/\/www.europesays.com\/fr\/wp-json\/wp\/v2\/comments?post=592213"}],"version-history":[{"count":0,"href":"https:\/\/www.europesays.com\/fr\/wp-json\/wp\/v2\/posts\/592213\/revisions"}],"wp:featuredmedia":[{"embeddable":true,"href":"https:\/\/www.europesays.com\/fr\/wp-json\/wp\/v2\/media\/592214"}],"wp:attachment":[{"href":"https:\/\/www.europesays.com\/fr\/wp-json\/wp\/v2\/media?parent=592213"}],"wp:term":[{"taxonomy":"category","embeddable":true,"href":"https:\/\/www.europesays.com\/fr\/wp-json\/wp\/v2\/categories?post=592213"},{"taxonomy":"post_tag","embeddable":true,"href":"https:\/\/www.europesays.com\/fr\/wp-json\/wp\/v2\/tags?post=592213"}],"curies":[{"name":"wp","href":"https:\/\/api.w.org\/{rel}","templated":true}]}}