{"id":592217,"date":"2025-12-11T06:27:15","date_gmt":"2025-12-11T06:27:15","guid":{"rendered":"https:\/\/www.europesays.com\/fr\/592217\/"},"modified":"2025-12-11T06:27:15","modified_gmt":"2025-12-11T06:27:15","slug":"eva-jospin-est-elle-la-fille-de-lionel-jospin","status":"publish","type":"post","link":"https:\/\/www.europesays.com\/fr\/592217\/","title":{"rendered":"Eva Jospin est-elle la fille de Lionel Jospin ?"},"content":{"rendered":"<p data-start=\"175\" data-end=\"715\">Le <a href=\"https:\/\/www.closermag.fr\/people\/photos-franck-riester-christine-okrent-bernard-kouchner-les-amateurs-d-art-conte-886886\" target=\"_blank\" rel=\"noopener\"><br \/>\nGrand Palais<\/a> d\u00e9voile une s\u00e9lection d\u2019une <strong>quinzaine de<br \/>\ncr\u00e9ations sign\u00e9es Eva Jospin<\/strong>. Sculptures-paysages, dessins<br \/>\nminutieux ou architectures r\u00eav\u00e9es. L\u2019ensemble compose un itin\u00e9raire<br \/>\nimmersif pens\u00e9 par l\u2019artiste elle-m\u00eame. Il m\u00eale pi\u00e8ces in\u00e9dites et<br \/>\nreprises de th\u00e8mes qui jalonnent son travail depuis des ann\u00e9es.<\/p>\n<p data-start=\"175\" data-end=\"715\">Invit\u00e9e \u00e0 se confier \u00e0<br \/>\n\u00ab\u00a0Connaissance des Arts\u00a0\u00bb, Eva Jospin revient sur ce corpus<br \/>\no\u00f9 se croisent v\u00e9g\u00e9tation fantasm\u00e9e, constructions hybrides et<br \/>\nvisions presque irr\u00e9elles, un univers o\u00f9 elle revendique un<br \/>\nimaginaire \u00ab\u00a0grotesque\u00a0\u00bb. Un choix d\u2019autant plus scrut\u00e9 que<br \/>\nle <strong>patronyme Jospin<\/strong>, forc\u00e9ment \u00e9vocateur dans le<br \/>\npaysage public fran\u00e7ais, n\u2019est jamais pass\u00e9 inaper\u00e7u.<\/p>\n<p>Eva Jospin : une artiste qui<br \/>\ns\u2019impose sur la sc\u00e8ne fran\u00e7aise<\/p>\n<p data-start=\"230\" data-end=\"1459\">N\u00e9e en 1975 au c\u0153ur de Paris,<br \/>\nEva Jospin s\u2019est impos\u00e9e au fil des ans comme l\u2019une des<br \/>\n<strong>artistes fran\u00e7aises les plus singuli\u00e8res de sa<br \/>\ng\u00e9n\u00e9ration<\/strong>. Dipl\u00f4m\u00e9e des Beaux-Arts de Paris, elle<br \/>\nconstruit depuis le d\u00e9but des ann\u00e9es 2000 un univers tr\u00e8s personnel<br \/>\nm\u00ealant sculpture, installation, dessin et gravure. R\u00e9v\u00e9l\u00e9e par son<br \/>\npassage \u00e0 la Villa M\u00e9dicis en 2016-2017, l\u2019artiste multiplie<br \/>\nensuite les projets d\u2019envergure. Une commande prestigieuse de la<br \/>\nChalcographie du <a href=\"https:\/\/www.closermag.fr\/vecu\/faits_divers\/braquage-du-louvre-a-30-secondes-pres-lannonce-choc-3603859\" target=\"_blank\" rel=\"noopener\"><br \/>\nLouvre<\/a>, des expositions dans des lieux iconiques comme la Cour<br \/>\ncarr\u00e9e du Louvre ou le Palazzo dei Diamanti, et une repr\u00e9sentation<br \/>\nen galerie \u00e0 Paris comme \u00e0 l\u2019international.<\/p>\n<p data-start=\"230\" data-end=\"1459\">En 2024, elle franchit une<br \/>\n\u00e9tape symbolique en \u00e9tant \u00e9lue au fauteuil <strong>n\u00b01 de la<br \/>\nsection sculpture de l\u2019Acad\u00e9mie des Beaux-Arts<\/strong>. Parmi ses<br \/>\n\u0153uvres embl\u00e9matiques, ses for\u00eats en carton explorent l\u2019imaginaire,<br \/>\nl\u2019\u00e9preuve et la contemplation. Comme elle le r\u00e9sume : \u00ab\u00a0Ma for\u00eat<br \/>\nest totalement mentale. Elle n\u2019est pas figurative. Elle refl\u00e8te des<br \/>\npr\u00e9occupations humaines. L\u2019id\u00e9e de se perdre ou de se retrouver.<br \/>\nNotre rapport \u00e0 l\u2019enfance aux contes, comme Bambi ou Hansel et<br \/>\nGretel? Aux peurs archa\u00efques. Mes for\u00eats sont propices \u00e0 l\u2019\u00e9chapp\u00e9e<br \/>\nmentale\u00a0\u00bb.<\/p>\n<p>Une<br \/>\nvie priv\u00e9e marqu\u00e9e par un h\u00e9ritage fort<\/p>\n<p data-start=\"1527\" data-end=\"2340\">Si son nom r\u00e9sonne, c\u2019est<br \/>\naussi parce qu\u2019Eva Jospin appartient \u00e0 une famille bien connue du<br \/>\ngrand public. <strong>Fille de <a href=\"https:\/\/www.closermag.fr\/politique\/lionel-jospin-pourquoi-il-a-completement-disparu-de-la-scene-mediatique-apres-sa-1167468\" target=\"_blank\" rel=\"noopener\"><br \/>\nLionel Jospin<\/a> et d\u2019\u00c9lisabeth Dannenmuller<\/strong>,<br \/>\npetite-fille du journaliste Jean Dannenmuller, elle grandit dans un<br \/>\nunivers o\u00f9 la culture et l\u2019engagement occupent une place centrale.<br \/>\nC\u00f4t\u00e9 c\u0153ur, l\u2019artiste a longtemps partag\u00e9 la vie du sculpteur Pierre<br \/>\nThoretton, rencontr\u00e9 lors de ses \u00e9tudes, avec qui elle a eu deux<br \/>\nenfants.<\/p>\n<p data-start=\"1527\" data-end=\"2340\">Apr\u00e8s leur s\u00e9paration,<br \/>\n<strong>elle refait sa vie avec le r\u00e9alisateur italien Adriano<br \/>\nValerio<\/strong>, avec lequel elle accueille un troisi\u00e8me enfant.<br \/>\nAujourd\u2019hui install\u00e9e \u00e0 Paris, Eva Jospin continue de d\u00e9velopper<br \/>\nson travail artistique. Elle encha\u00eene les projets et les<br \/>\ndistinctions, dont celle d\u2019Officier des Arts et des Lettres en<br \/>\n2023. Ses \u0153uvres voyagent d\u00e9sormais aussi bien en France qu\u2019\u00e0<br \/>\nl\u2019international.<\/p>\n","protected":false},"excerpt":{"rendered":"Le Grand Palais d\u00e9voile une s\u00e9lection d\u2019une quinzaine de cr\u00e9ations sign\u00e9es Eva Jospin. Sculptures-paysages, dessins minutieux ou architectures&hellip;\n","protected":false},"author":2,"featured_media":592218,"comment_status":"","ping_status":"","sticky":false,"template":"","format":"standard","meta":{"footnotes":""},"categories":[1358],"tags":[1348,1384,1385,1386,58,59,1011,27,70541],"class_list":{"0":"post-592217","1":"post","2":"type-post","3":"status-publish","4":"format-standard","5":"has-post-thumbnail","7":"category-arts-et-design","8":"tag-arts","9":"tag-arts-and-design","10":"tag-arts-et-design","11":"tag-design","12":"tag-divertissement","13":"tag-entertainment","14":"tag-fr","15":"tag-france","16":"tag-marfeel_froid"},"share_on_mastodon":{"url":"https:\/\/pubeurope.com\/@fr\/115699518209669263","error":""},"_links":{"self":[{"href":"https:\/\/www.europesays.com\/fr\/wp-json\/wp\/v2\/posts\/592217","targetHints":{"allow":["GET"]}}],"collection":[{"href":"https:\/\/www.europesays.com\/fr\/wp-json\/wp\/v2\/posts"}],"about":[{"href":"https:\/\/www.europesays.com\/fr\/wp-json\/wp\/v2\/types\/post"}],"author":[{"embeddable":true,"href":"https:\/\/www.europesays.com\/fr\/wp-json\/wp\/v2\/users\/2"}],"replies":[{"embeddable":true,"href":"https:\/\/www.europesays.com\/fr\/wp-json\/wp\/v2\/comments?post=592217"}],"version-history":[{"count":0,"href":"https:\/\/www.europesays.com\/fr\/wp-json\/wp\/v2\/posts\/592217\/revisions"}],"wp:featuredmedia":[{"embeddable":true,"href":"https:\/\/www.europesays.com\/fr\/wp-json\/wp\/v2\/media\/592218"}],"wp:attachment":[{"href":"https:\/\/www.europesays.com\/fr\/wp-json\/wp\/v2\/media?parent=592217"}],"wp:term":[{"taxonomy":"category","embeddable":true,"href":"https:\/\/www.europesays.com\/fr\/wp-json\/wp\/v2\/categories?post=592217"},{"taxonomy":"post_tag","embeddable":true,"href":"https:\/\/www.europesays.com\/fr\/wp-json\/wp\/v2\/tags?post=592217"}],"curies":[{"name":"wp","href":"https:\/\/api.w.org\/{rel}","templated":true}]}}