{"id":592219,"date":"2025-12-11T06:29:12","date_gmt":"2025-12-11T06:29:12","guid":{"rendered":"https:\/\/www.europesays.com\/fr\/592219\/"},"modified":"2025-12-11T06:29:12","modified_gmt":"2025-12-11T06:29:12","slug":"koh-lanta-revient-bientot-avec-un-bouleversement-majeur-la-mysterieuse-bande-annonce-partagee-par-denis-brogniart","status":"publish","type":"post","link":"https:\/\/www.europesays.com\/fr\/592219\/","title":{"rendered":"Koh Lanta revient bient\u00f4t avec un bouleversement majeur\u00a0: la myst\u00e9rieuse bande-annonce partag\u00e9e par Denis Brogniart"},"content":{"rendered":"<p>\n                                                                    l&rsquo;essentiel<br \/>\n                                                                La nouvelle saison du c\u00e9l\u00e8bre jeu t\u00e9l\u00e9 de TF1 revient \u00ab\u00a0prochainement\u00a0\u00bb. Les r\u00e8gles devraient conna\u00eetre au moins un \u00e9norme changement d\u2019apr\u00e8s le premier teaser d\u00e9voil\u00e9 par la cha\u00eene.\n                            <\/p>\n<p>Quelques secondes qui ont enflamm\u00e9 les r\u00e9seaux sociaux. Samedi 6\u00a0d\u00e9cembre, lors d\u2019une pause publicitaire durant le concours Miss France, TF1 a profit\u00e9 de l\u2019\u00e9v\u00e9nement pour \u00ab\u00a0teaser\u00a0\u00bb le retour de l\u2019un de ses programmes phares\u00a0: Koh-Lanta. Devant pr\u00e8s de 7\u00a0millions de t\u00e9l\u00e9spectateurs, la cha\u00eene a d\u00e9voil\u00e9 une bande-annonce de sa prochaine \u00e9dition.<\/p>\n<p class=\"std-elt__inline\">\n        <strong>\u00c0 lire aussi :<\/strong><br \/>\n        <a href=\"https:\/\/www.ladepeche.fr\/2025\/06\/24\/koh-lanta-2025-gaelle-gagne-la-finale-apres-avoir-remporte-lepreuve-des-poteaux-12780989.php\" target=\"_blank\" rel=\"noopener\">Koh-Lanta 2025\u00a0: Ga\u00eblle gagne la finale apr\u00e8s avoir remport\u00e9 l\u2019\u00e9preuve des poteaux<\/a>\n    <\/p>\n<p>Six mois apr\u00e8s le succ\u00e8s de Ga\u00eblle dans \u00ab\u00a0La revanche des 4 terres\u00a0\u00bb, l\u2019\u00e9mission pr\u00e9sent\u00e9e par <a href=\"https:\/\/www.ladepeche.fr\/2025\/06\/24\/koh-lanta-2025-gaelle-gagne-la-finale-apres-avoir-remporte-lepreuve-des-poteaux-12780989.php\" target=\"_blank\" rel=\"noopener\">Denis Brogniart<\/a> revient pour une 28e saison (hors \u00e9ditions sp\u00e9ciales). La date\u00a0? \u00ab\u00a0Prochainement\u00a0\u00bb, indique seulement la Une. Elle est donc inconnue et les t\u00e9l\u00e9spectateurs vont devoir prendre leur mal en patience avant de pouvoir en profiter. Quel jour sera-t-elle diffus\u00e9e\u00a0? Les fans militent pour un retour \u00e0 son jour de diffusion d\u2019origine\u00a0: le vendredi et non plus le mardi. Aucun indice ne laisse \u00e0 penser que les dirigeants de TF1 ont chang\u00e9 d\u2019avis.<\/p>\n<p>Changement in\u00e9dit<\/p>\n<p>Pour tenter de continuer d\u2019attirer des millions de personnes \u2013 et alors que la saison derni\u00e8re avait connu une baisse de l\u2019audience \u2013 les producteurs du jeu de t\u00e9l\u00e9r\u00e9alit\u00e9 ont d\u00e9cid\u00e9 de changer les r\u00e8gles. Dans la bande-annonce, on aper\u00e7oit notamment des candidats marcher d\u2019abord dans une \u00e9paisse for\u00eat en pleine nuit puis le long d\u2019une vaste \u00e9tendue d\u2019eau. \u00ab\u00a0On en a r\u00eav\u00e9, on y est\u00a0\u00bb, \u00ab\u00a0c\u2019est assez ouf\u00a0\u00bb, commentent deux d\u2019entre eux.<\/p>\n<p>Dans une ambiance digne d\u2019Indiana Jones, assez loin des cadres idylliques habituellement \u00e0 l\u2019\u00e9cran, <a href=\"https:\/\/www.ladepeche.fr\/2025\/06\/24\/video-koh-lanta-2025-je-ne-les-regarde-pas-pendant-quatre-heures-denis-brogniart-revele-ce-quil-fait-durant-la-longue-epreuve-des-poteaux-12783084.php\" target=\"_blank\" rel=\"noopener\">Denis Brogniart<\/a> appara\u00eet et prononce quelques mots qui ont enflamm\u00e9 les r\u00e9seaux sociaux\u00a0: \u00ab\u00a0Habituellement, dans Koh-Lanta, le conseil, c\u2019est l\u00e0 o\u00f9 tout se termine. Eh bien ce soir, c\u2019est l\u00e0 que tout va commencer\u00a0\u00bb, annonce-t-il aux participants.<\/p>\n<p class=\"std-elt__inline\">\n        <strong>\u00c0 lire aussi :<\/strong><br \/>\n        <a href=\"https:\/\/www.ladepeche.fr\/2025\/06\/24\/video-koh-lanta-2025-je-ne-les-regarde-pas-pendant-quatre-heures-denis-brogniart-revele-ce-quil-fait-durant-la-longue-epreuve-des-poteaux-12783084.php\" target=\"_blank\" rel=\"noopener\">VIDEO. Koh-Lanta 2025\u00a0: \u00ab\u00a0Je ne les regarde pas pendant 4h\u2026\u00a0\u00bb Denis Brogniart r\u00e9v\u00e8le ce qu\u2019il fait durant la longue \u00e9preuve des poteaux<\/a>\n    <\/p>\n<p>Un gros changement se profile donc dans la m\u00e9canique du jeu. Un nouveau syst\u00e8me d\u2019\u00e9limination\u00a0? Des \u00e9liminations boulevers\u00e9es\u00a0? Les th\u00e9ories se multiplient sur les r\u00e9seaux sociaux et chacun y va de son id\u00e9e. \u00ab\u00a0Impatient de vous retrouver les amis\u00a0! Koh-Lanta revient bient\u00f4t\u00a0! Avec de belles surprises\u00a0\u00bb, a \u00e9crit de son c\u00f4t\u00e9 le pr\u00e9sentateur star sur X. D\u2019ici l\u00e0, il faudra patienter avant de conna\u00eetre le prochain vainqueur des 100\u00a0000\u00a0\u20ac.<\/p>\n","protected":false},"excerpt":{"rendered":"l&rsquo;essentiel La nouvelle saison du c\u00e9l\u00e8bre jeu t\u00e9l\u00e9 de TF1 revient \u00ab\u00a0prochainement\u00a0\u00bb. Les r\u00e8gles devraient conna\u00eetre au moins&hellip;\n","protected":false},"author":2,"featured_media":592220,"comment_status":"","ping_status":"","sticky":false,"template":"","format":"standard","meta":{"footnotes":""},"categories":[1356],"tags":[58,59,1011,27,680,252,68925,1364],"class_list":{"0":"post-592219","1":"post","2":"type-post","3":"status-publish","4":"format-standard","5":"has-post-thumbnail","7":"category-television","8":"tag-divertissement","9":"tag-entertainment","10":"tag-fr","11":"tag-france","12":"tag-koh-lanta","13":"tag-television","14":"tag-tu00e9lu00e9-mu00e9dias","15":"tag-tv"},"share_on_mastodon":{"url":"https:\/\/pubeurope.com\/@fr\/115699526332618022","error":""},"_links":{"self":[{"href":"https:\/\/www.europesays.com\/fr\/wp-json\/wp\/v2\/posts\/592219","targetHints":{"allow":["GET"]}}],"collection":[{"href":"https:\/\/www.europesays.com\/fr\/wp-json\/wp\/v2\/posts"}],"about":[{"href":"https:\/\/www.europesays.com\/fr\/wp-json\/wp\/v2\/types\/post"}],"author":[{"embeddable":true,"href":"https:\/\/www.europesays.com\/fr\/wp-json\/wp\/v2\/users\/2"}],"replies":[{"embeddable":true,"href":"https:\/\/www.europesays.com\/fr\/wp-json\/wp\/v2\/comments?post=592219"}],"version-history":[{"count":0,"href":"https:\/\/www.europesays.com\/fr\/wp-json\/wp\/v2\/posts\/592219\/revisions"}],"wp:featuredmedia":[{"embeddable":true,"href":"https:\/\/www.europesays.com\/fr\/wp-json\/wp\/v2\/media\/592220"}],"wp:attachment":[{"href":"https:\/\/www.europesays.com\/fr\/wp-json\/wp\/v2\/media?parent=592219"}],"wp:term":[{"taxonomy":"category","embeddable":true,"href":"https:\/\/www.europesays.com\/fr\/wp-json\/wp\/v2\/categories?post=592219"},{"taxonomy":"post_tag","embeddable":true,"href":"https:\/\/www.europesays.com\/fr\/wp-json\/wp\/v2\/tags?post=592219"}],"curies":[{"name":"wp","href":"https:\/\/api.w.org\/{rel}","templated":true}]}}