{"id":592221,"date":"2025-12-11T06:30:27","date_gmt":"2025-12-11T06:30:27","guid":{"rendered":"https:\/\/www.europesays.com\/fr\/592221\/"},"modified":"2025-12-11T06:30:27","modified_gmt":"2025-12-11T06:30:27","slug":"des-fans-envoient-des-camions-contre-jungkook-devant-hybe","status":"publish","type":"post","link":"https:\/\/www.europesays.com\/fr\/592221\/","title":{"rendered":"des fans envoient des camions contre Jungkook devant HYBE"},"content":{"rendered":"<p><img width=\"1280\" height=\"720\" src=\"https:\/\/www.europesays.com\/fr\/wp-content\/uploads\/2025\/12\/Efface-ton-tatouage-ou-quitte-BTS-des-fans-envoient-des-camions-contre-Jungkook-devant-HYBE.jpeg\" class=\"attachment-full size-full wp-post-image\" alt=\"\u201cEfface ton tatouage ou quitte BTS\u201d : des fans envoient des camions contre Jungkook devant HYBE\" data-main-img=\"1\" decoding=\"async\" fetchpriority=\"high\"   title=\"\u201cEfface ton tatouage ou quitte BTS\u201d : des fans envoient des camions contre Jungkook devant HYBE\"\/><\/p>\n<p>Plusieurs fans cor\u00e9ens de BTS sont en \u00e9bullition alors qu\u2019une vague d\u2019\u201cindices\u201d suppos\u00e9s alimente des rumeurs de relation entre <strong>Jungkook de BTS<\/strong> et <strong>Winter d\u2019aespa<\/strong>.<\/p>\n<p>Depuis le 5 d\u00e9cembre, ces sp\u00e9culations se r\u00e9pandent \u00e0 grande vitesse sur les r\u00e9seaux sociaux cor\u00e9ens et internationaux, tandis que <strong>BigHit Music<\/strong> et <strong>SM Entertainment<\/strong> gardent pour l\u2019instant le silence .<\/p>\n<p>Les \u201cpreuves\u201d qui circulent en ligne<img loading=\"lazy\" decoding=\"async\" width=\"1080\" height=\"1080\" src=\"https:\/\/www.europesays.com\/fr\/wp-content\/uploads\/2025\/12\/winter-jungkook-tatouage.jpeg\" alt=\"\u201cEfface ton tatouage ou quitte BTS\u201d : des fans envoient des camions contre Jungkook devant HYBE\" class=\"wp-image-282719\" title=\"\u201cEfface ton tatouage ou quitte BTS\u201d : des fans envoient des camions contre Jungkook devant HYBE\"  \/><\/p>\n<p>Les suppos\u00e9es \u201cpreuves\u201d \u00e0 l\u2019origine de la rumeur proviennent de compilations d\u2019images affirmant que plusieurs \u00e9l\u00e9ments relieraient les deux artistes. De nombreux internautes ont notamment point\u00e9 du doigt un tatouage repr\u00e9sentant un visage de chien que Jungkook et Winter poss\u00e9deraient chacun, plac\u00e9 \u00e0 un emplacement similaire sur leurs bras.<\/p>\n<p>D\u2019autres ont mis en avant des v\u00eatements et accessoires pr\u00e9sent\u00e9s comme assortis \u2013 shorts, chaussons ou \u00e9couteurs in-ear monitors au design similaire \u2013 tandis que certains rappelaient qu\u2019ils auraient autrefois utilis\u00e9 des identifiants de r\u00e9seaux sociaux de type \u201ccouple\u201d. Bien qu\u2019aucune de ces affirmations n\u2019ait \u00e9t\u00e9 confirm\u00e9e, leur accumulation a suffi \u00e0 alimenter une rumeur devenue virale.<\/p>\n<p>Des camions envoy\u00e9s devant HYBE : les messages affich\u00e9s<\/p>\n<p>La situation a pris un tournant plus s\u00e9rieux lorsque des fans cor\u00e9ens ont envoy\u00e9 des <strong>camions \u00e9lectroniques<\/strong> devant le si\u00e8ge de HYBE pour exprimer leur m\u00e9contentement. Les \u00e9crans affichaient les messages suivants :<\/p>\n<p><img loading=\"lazy\" decoding=\"async\" width=\"788\" height=\"1007\" src=\"https:\/\/www.europesays.com\/fr\/wp-content\/uploads\/2025\/12\/Efface-ton-tatouage-ou-quitte-BTS-des-fans-envoient-des-camions-contre-Jungkook-devant-HYBE-443.jpg\" alt=\"\u201cEfface ton tatouage ou quitte BTS\u201d : des fans envoient des camions contre Jungkook devant HYBE\" class=\"wp-image-283388\" title=\"\u201cEfface ton tatouage ou quitte BTS\u201d : des fans envoient des camions contre Jungkook devant HYBE\"  \/><img loading=\"lazy\" decoding=\"async\" width=\"872\" height=\"1250\" src=\"https:\/\/www.europesays.com\/fr\/wp-content\/uploads\/2025\/12\/Efface-ton-tatouage-ou-quitte-BTS-des-fans-envoient-des-camions-contre-Jungkook-devant-HYBE-3.jpg\" alt=\"\u201cEfface ton tatouage ou quitte BTS\u201d : des fans envoient des camions contre Jungkook devant HYBE\" class=\"wp-image-283387\" title=\"\u201cEfface ton tatouage ou quitte BTS\u201d : des fans envoient des camions contre Jungkook devant HYBE\"  \/><img loading=\"lazy\" decoding=\"async\" width=\"1010\" height=\"1210\" src=\"https:\/\/www.europesays.com\/fr\/wp-content\/uploads\/2025\/12\/Efface-ton-tatouage-ou-quitte-BTS-des-fans-envoient-des-camions-contre-Jungkook-devant-HYBE-2.jpg\" alt=\"\u201cEfface ton tatouage ou quitte BTS\u201d : des fans envoient des camions contre Jungkook devant HYBE\" class=\"wp-image-283386\" title=\"\u201cEfface ton tatouage ou quitte BTS\u201d : des fans envoient des camions contre Jungkook devant HYBE\"  \/><img loading=\"lazy\" decoding=\"async\" width=\"671\" height=\"1142\" src=\"https:\/\/www.europesays.com\/fr\/wp-content\/uploads\/2025\/12\/Efface-ton-tatouage-ou-quitte-BTS-des-fans-envoient-des-camions-contre-Jungkook-devant-HYBE.jpg\" alt=\"\u201cEfface ton tatouage ou quitte BTS\u201d : des fans envoient des camions contre Jungkook devant HYBE\" class=\"wp-image-283385\" title=\"\u201cEfface ton tatouage ou quitte BTS\u201d : des fans envoient des camions contre Jungkook devant HYBE\"\/><\/p>\n<ul class=\"wp-block-list\">\n<li><strong>\u00ab Si tu ne comptes pas effacer ton tatouage de couple, alors quitte les activit\u00e9s de BTS. \u00bb<\/strong><\/li>\n<li><strong>\u00ab Tu trompes les fans qui t\u2019ont attendu pendant ton service militaire. \u00bb<\/strong><\/li>\n<li><strong>\u00ab Es-tu dans ton \u00e9tat normal en trompant les fans tout en \u00e9vitant les promotions de groupe ? \u00bb<\/strong><\/li>\n<li><strong>\u00ab Efface ton tatouage de couple si tu veux retrouver la confiance des fans. \u00bb<\/strong><br \/>(Message sign\u00e9 par l\u2019union de fans de BTS.)<\/li>\n<\/ul>\n<p>L\u2019envoi de camions devant HYBE a imm\u00e9diatement suscit\u00e9 un flot de r\u00e9actions sur les communaut\u00e9s en ligne cor\u00e9ennes. Entre incompr\u00e9hension et critiques plus s\u00e9v\u00e8res, les internautes ont largement comment\u00e9 l\u2019initiative, r\u00e9v\u00e9lant un m\u00e9lange d\u2019exasp\u00e9ration, d\u2019ironie et de scepticisme face \u00e0 la demande d\u2019effacer un pr\u00e9tendu \u201ctatouage de couple\u201d.<\/p>\n<p>Voici ce qu\u2019ils ont \u00e9crit :<\/p>\n<ol class=\"wp-block-list\">\n<li><strong>\u00ab M\u00eame si Jungkook ne part pas, moi j\u2019ai z\u00e9ro envie de soutenir les activit\u00e9s du groupe dans ces conditions. Qu\u2019ils se consomment eux m\u00eames \u314b\u314b\u314b J\u2019en peux plus, ce fandom me fatigue \u314b\u314b\u314b\u314b\u314b\u314b\u314b Et quand on y pense, ce n\u2019est pas \u00e9tonnant que le fandom se fasse autant ridiculiser. \u00bb<\/strong><\/li>\n<li><strong>\u00ab Mais de quoi vous parlez ? Pourquoi le fait qu\u2019ils demandent qu\u2019il parte vous surpend autant ?. Franchement, un tatouage de couple, c\u2019est juste renier le minimum de professionnalisme d\u2019un idol. Je n\u2019ai plus envie de le voir sur sc\u00e8ne. \u314b\u314b\u314b\u314b\u314b \u00bb<\/strong><\/li>\n<li><strong>\u00ab Le fait qu\u2019ils demandent seulement de retirer son tatouage \u314b\u314b\u314b Ils sont gentils \u314b\u314b\u314b \u00bb<\/strong><\/li>\n<li><strong>\u00ab Je suis fan d\u2019un autre membre mais honn\u00eatement, j\u2019ai trop honte \u314b\u314b\u314b\u314b\u314b\u314b\u314b\u314b\u314b\u314b\u314b\u314b C\u2019est sa vie, il fait ce qu\u2019il veut \u314b\u314b Pourquoi ces gens font comme s\u2019ils repr\u00e9sentaient tout le fandom ? \u314b\u314b\u314b \u00bb<\/strong><\/li>\n<li><strong>\u00ab Je ne pense pas qu\u2019il enl\u00e8vera son tatouage\u2026 Il a fait \u00e7a pour jouer avec les fans depuis le d\u00e9but. \u00bb<\/strong><\/li>\n<li><strong>\u00ab Ah \u314b\u314b\u314b\u314b\u314b\u314b O\u00f9 sont pass\u00e9s ceux qui parlaient des v\u00eatements identiques ? On voit bien que ce qui les \u00e9nerve vraiment, c\u2019est le tatouage de couple. \u00bb<\/strong><\/li>\n<li><strong>\u00ab C\u2019est \u00e0 la fois bizarre et dr\u00f4le d\u2019envoyer des camions juste pour qu\u2019il enl\u00e8ve un tatouage. \u00bb<\/strong><\/li>\n<li><strong>\u00ab Ils tournent autour du pot et font tout un cirque ? Si on lui disait de quitter le groupe, les fans extr\u00eames de Jungkook seraient m\u00eame contents, non ? \u00bb<\/strong><\/li>\n<li><strong>\u00ab Oui, c\u2019est tromper les fans qui l\u2019ont attendu pendant sa pause. \u00bb<\/strong><\/li>\n<li><strong>\u00ab Ils savent mieux que personne \u00e0 quel point ce serait un \u00e9norme coup pour BTS si Jungkook partait \u314b\u314b\u314b Demander d\u2019effacer le tatouage, c\u2019est ridicule, et dire \u201cqu\u2019il parte un moment\u201d au lieu de \u201cquitter\u201d, c\u2019est ridicule aussi \u314b\u314b \u00bb<\/strong><\/li>\n<li><strong>\u00ab Les fans de Jungkook qui disaient \u201carr\u00eatez de parler, envoyez un camion si vous \u00eates s\u00e9rieux\u201d, ils font quoi maintenant ? \u314e\u314e \u00bb<\/strong><\/li>\n<li><strong>\u00ab Des ARMYs auraient fait \u00e7a ? Leur ego doit \u00eatre gigantesque, comme toujours \u314b\u314b\u314b\u314b Il va bient\u00f4t avoir trente ans, jusqu\u2019o\u00f9 veulent-ils contr\u00f4ler sa vie ? C\u2019est fou. \u00bb<\/strong><\/li>\n<li><strong>\u00ab Qu\u2019il s\u2019en aille, vraiment. J\u2019en peux plus. Les fans de Jungkook passent leur temps \u00e0 tirer les autres membres vers le bas, qui voudrait d\u2019eux ? \u00bb<\/strong><\/li>\n<\/ol>\n<p><a href=\"https:\/\/www.instiz.net\/name_enter\/98175122?page=1&amp;category=2&amp;srt=3&amp;k=&amp;srd=1\" target=\"_blank\" rel=\"noopener\">source<\/a><\/p>\n<p>  Si vous appr\u00e9ciez notre travail, vous pouvez nous soutenir en nous suivant sur Google :  <a href=\"https:\/\/profile.google.com\/cp\/EjwKHGFsdHNlbGVjdGlvbi5vdWVzdC1mcmFuY2UuZnISHGFsdHNlbGVjdGlvbi5vdWVzdC1mcmFuY2UuZnI\" target=\"_blank\" rel=\"noopener nofollow external\" style=\"&#010; display:inline-block !important;&#010; padding:12px 20px !important;&#010; background:#ff2d89 !important;&#010; color:#fff !important;&#010; border-radius:999px !important;&#010; font-weight:700 !important;&#010; text-decoration:none !important;&#010; line-height:1 !important;&#010; border:0 !important;&#010; box-shadow:0 6px 18px rgba(255,45,137,.25) !important;&#010; transition:transform .06s ease, box-shadow .2s ease !important;\"> Suivre sur Google News <\/a><\/p>\n","protected":false},"excerpt":{"rendered":"Plusieurs fans cor\u00e9ens de BTS sont en \u00e9bullition alors qu\u2019une vague d\u2019\u201cindices\u201d suppos\u00e9s alimente des rumeurs de relation&hellip;\n","protected":false},"author":2,"featured_media":592222,"comment_status":"","ping_status":"","sticky":false,"template":"","format":"standard","meta":{"footnotes":""},"categories":[1355],"tags":[58,59,1011,27,1361,873],"class_list":{"0":"post-592221","1":"post","2":"type-post","3":"status-publish","4":"format-standard","5":"has-post-thumbnail","7":"category-musique","8":"tag-divertissement","9":"tag-entertainment","10":"tag-fr","11":"tag-france","12":"tag-music","13":"tag-musique"},"share_on_mastodon":{"url":"https:\/\/pubeurope.com\/@fr\/115699531023451728","error":""},"_links":{"self":[{"href":"https:\/\/www.europesays.com\/fr\/wp-json\/wp\/v2\/posts\/592221","targetHints":{"allow":["GET"]}}],"collection":[{"href":"https:\/\/www.europesays.com\/fr\/wp-json\/wp\/v2\/posts"}],"about":[{"href":"https:\/\/www.europesays.com\/fr\/wp-json\/wp\/v2\/types\/post"}],"author":[{"embeddable":true,"href":"https:\/\/www.europesays.com\/fr\/wp-json\/wp\/v2\/users\/2"}],"replies":[{"embeddable":true,"href":"https:\/\/www.europesays.com\/fr\/wp-json\/wp\/v2\/comments?post=592221"}],"version-history":[{"count":0,"href":"https:\/\/www.europesays.com\/fr\/wp-json\/wp\/v2\/posts\/592221\/revisions"}],"wp:featuredmedia":[{"embeddable":true,"href":"https:\/\/www.europesays.com\/fr\/wp-json\/wp\/v2\/media\/592222"}],"wp:attachment":[{"href":"https:\/\/www.europesays.com\/fr\/wp-json\/wp\/v2\/media?parent=592221"}],"wp:term":[{"taxonomy":"category","embeddable":true,"href":"https:\/\/www.europesays.com\/fr\/wp-json\/wp\/v2\/categories?post=592221"},{"taxonomy":"post_tag","embeddable":true,"href":"https:\/\/www.europesays.com\/fr\/wp-json\/wp\/v2\/tags?post=592221"}],"curies":[{"name":"wp","href":"https:\/\/api.w.org\/{rel}","templated":true}]}}