{"id":592225,"date":"2025-12-11T06:33:12","date_gmt":"2025-12-11T06:33:12","guid":{"rendered":"https:\/\/www.europesays.com\/fr\/592225\/"},"modified":"2025-12-11T06:33:12","modified_gmt":"2025-12-11T06:33:12","slug":"que-se-passe-t-il-dans-notre-cerveau-au-moment-de-la-mort-des-scientifiques-font-des-revelations","status":"publish","type":"post","link":"https:\/\/www.europesays.com\/fr\/592225\/","title":{"rendered":"Que se passe-t-il dans notre cerveau au moment de la mort ? Des scientifiques font des r\u00e9v\u00e9lations"},"content":{"rendered":"<p>C\u00a0\u00bbest une premi\u00e8re ! Alors que des scientifiques de l&rsquo;universit\u00e9<br \/>\nde Louisville aux Etats-Unis surveillaient un patient \u00e9pileptique<br \/>\npar \u00e9lectroenc\u00e9phalographie, celui-ci a malheureusement fait une<br \/>\ncrise cardiaque. Les chercheurs ont pu pour la premi\u00e8re fois<br \/>\nenregistrer durant 15 minutes <a href=\"https:\/\/www.grazia.fr\/beaute\/forme-minceur\/les-experts-sont-formels-cette-activite-qui-protege-les-cerveaux-vieillissants-empeche-le-declin-cognitif-1206722.html\" target=\"_blank\" rel=\"noopener\"><br \/>\nl&rsquo;activit\u00e9 c\u00e9r\u00e9brale<\/a> du patient au moment du d\u00e9c\u00e8s. Ils ont<br \/>\ndonc pu enregistrer ce qu&rsquo;il se passe dans le cerveau avant la mort<br \/>\net apr\u00e8s le d\u00e9c\u00e8s.<\/p>\n<p>Une observation rassurante<\/p>\n<p>Selon les r\u00e9sultats des scientifiques, ils ont not\u00e9 sur les 30<br \/>\nsecondes avant le d\u00e9c\u00e8s et les 30 secondes suivant la mort du<br \/>\npatient une activit\u00e9 accrue des ondes c\u00e9r\u00e9brales que <a href=\"https:\/\/www.grazia.fr\/beaute\/forme-minceur\/un-booster-cerebral-selon-une-neuroscientifique-de-harvard-cet-aliment-pourrait-prevenir-la-maladie-dalzheimer-1075424.html\" target=\"_blank\" rel=\"noopener\"><br \/>\nles neuroscientifiques<\/a> qualifient d&rsquo;ondes gamma, comme le<br \/>\nrapporte Futura Sant\u00e9. Ces ondes sont connues pour<br \/>\nintervenir au cours des phases de m\u00e9ditation, <a href=\"https:\/\/www.grazia.fr\/dossiers\/booster-sa-memoire-cest-facile\/comment-ameliorer-sa-memoire-avec-quelques-exercices-simples-207533.html\" target=\"_blank\" rel=\"noopener\"><br \/>\nde r\u00e9cup\u00e9ration de la m\u00e9moire<\/a>, de flashback ou bien de r\u00eave.<br \/>\nOui, vous avez bien lu.<\/p>\n<p>Est ce qu&rsquo;on voit notre vie d\u00e9filer<br \/>\nquand on meurt ?<\/p>\n<p>Une observation qui serait coh\u00e9rente avec le discours des<br \/>\npersonnes ayant v\u00e9cu une exp\u00e9rience de mort imminente et ayant<br \/>\nracont\u00e9 avoir \u00ab\u00a0vu leur vie d\u00e9filer\u00a0\u00bb ou bien \u00ab\u00a0un endroit plein de<br \/>\ns\u00e9r\u00e9nit\u00e9\u00a0\u00bb. En clair, \u00e0 en croire cette analyse, lorsque l&rsquo;on meurt,<br \/>\nnotre cerveau nous accompagne dans notre d\u00e9c\u00e8s en nous rem\u00e9morant<br \/>\ndes instants de vie magiques. Bien entendu, les chercheurs restent<br \/>\ntr\u00e8s prudents sur cette observation, puisqu&rsquo;elle ne concerne pour<br \/>\nl&rsquo;instant qu&rsquo;un seul patient. Toutefois, il semblerait qu&rsquo;il y ait<br \/>\nde l&rsquo;espoir. Et il faut avouer, que c&rsquo;est assez rassurant.<\/p>\n","protected":false},"excerpt":{"rendered":"C\u00a0\u00bbest une premi\u00e8re ! Alors que des scientifiques de l&rsquo;universit\u00e9 de Louisville aux Etats-Unis surveillaient un patient \u00e9pileptique&hellip;\n","protected":false},"author":2,"featured_media":592226,"comment_status":"","ping_status":"","sticky":false,"template":"","format":"standard","meta":{"footnotes":""},"categories":[10],"tags":[1011,27,72,6055,71],"class_list":{"0":"post-592225","1":"post","2":"type-post","3":"status-publish","4":"format-standard","5":"has-post-thumbnail","7":"category-sante","8":"tag-fr","9":"tag-france","10":"tag-health","11":"tag-republishing","12":"tag-sante"},"share_on_mastodon":{"url":"https:\/\/pubeurope.com\/@fr\/115699541961756905","error":""},"_links":{"self":[{"href":"https:\/\/www.europesays.com\/fr\/wp-json\/wp\/v2\/posts\/592225","targetHints":{"allow":["GET"]}}],"collection":[{"href":"https:\/\/www.europesays.com\/fr\/wp-json\/wp\/v2\/posts"}],"about":[{"href":"https:\/\/www.europesays.com\/fr\/wp-json\/wp\/v2\/types\/post"}],"author":[{"embeddable":true,"href":"https:\/\/www.europesays.com\/fr\/wp-json\/wp\/v2\/users\/2"}],"replies":[{"embeddable":true,"href":"https:\/\/www.europesays.com\/fr\/wp-json\/wp\/v2\/comments?post=592225"}],"version-history":[{"count":0,"href":"https:\/\/www.europesays.com\/fr\/wp-json\/wp\/v2\/posts\/592225\/revisions"}],"wp:featuredmedia":[{"embeddable":true,"href":"https:\/\/www.europesays.com\/fr\/wp-json\/wp\/v2\/media\/592226"}],"wp:attachment":[{"href":"https:\/\/www.europesays.com\/fr\/wp-json\/wp\/v2\/media?parent=592225"}],"wp:term":[{"taxonomy":"category","embeddable":true,"href":"https:\/\/www.europesays.com\/fr\/wp-json\/wp\/v2\/categories?post=592225"},{"taxonomy":"post_tag","embeddable":true,"href":"https:\/\/www.europesays.com\/fr\/wp-json\/wp\/v2\/tags?post=592225"}],"curies":[{"name":"wp","href":"https:\/\/api.w.org\/{rel}","templated":true}]}}