{"id":592228,"date":"2025-12-11T06:34:15","date_gmt":"2025-12-11T06:34:15","guid":{"rendered":"https:\/\/www.europesays.com\/fr\/592228\/"},"modified":"2025-12-11T06:34:15","modified_gmt":"2025-12-11T06:34:15","slug":"marquinhos-la-grosse-inquietude-sports-fr","status":"publish","type":"post","link":"https:\/\/www.europesays.com\/fr\/592228\/","title":{"rendered":"Marquinhos, la grosse inqui\u00e9tude &#8211; Sports.fr"},"content":{"rendered":"<ol>\n<li><a href=\"https:\/\/news.google.com\/rss\/articles\/CBMifkFVX3lxTE1fU19qUjVFdGhzUWotc3NIUUZuY053VXB5amFTZkc1eEdheFM5Q2o3TzFFVjFCQkF2aVlVem5uVXFhZUxDLTFLXzhzV1c4Y25oV3lkOUVSaXJYVDFnWnhVaW5oRGhqdWdRTS1CRUJldXk1cG9YU0tpSkJmdU0xdw?oc=5\" target=\"_blank\" rel=\"noopener\">Marquinhos, la grosse inqui\u00e9tude<\/a>&nbsp;&nbsp;Sports.fr<\/li>\n<li><a href=\"https:\/\/news.google.com\/rss\/articles\/CBMirAFBVV95cUxPdmFZd2RpN21nNFpYb1N3ZnQyeGlOdkxLOWEtbnJIOVY3THV6d1d0Nl8xdEJTd0dsdEhnSFNLX2E0cVJySnRjaFFvaFFtU3VOb09sWGhSVHNibkRzTW9DZHYwbEhnTHlxQkxuRVpTY2ljUHVoTGZ0MDd3c1E3cmI5WUxETmlJNk9KYXJpcllCU0VUdnhRWlB0V09JLWtJUm95YWZUYUZJZnJzY3Qx?oc=5\" target=\"_blank\" rel=\"noopener\">Marquinhos touch\u00e9 aux adducteurs face \u00e0 l&rsquo;Athletic Bilbao<\/a>&nbsp;&nbsp;L&rsquo;\u00c9quipe<\/li>\n<li><a href=\"https:\/\/news.google.com\/rss\/articles\/CBMiggJBVV95cUxPbUJ1VHc5d2lqcnVYM09JT2pybEREVV84bjZjM1J1SlROWl9mZWpweGVGdmozdk4tVWV6U25nd1FmN1JqSU5YeENxNGRNNnItaE1wUnYtM05iVFhWajJuWVdjZmF3ejNpVDV3ZHYzaHdFNjBORXAwMndQVVgtbzFtWnZwZ1o0LWltMWhpTlZsYm5GR2lQdXM1UzRjWE1VRGplY1dobzhLSnpiNm5laE1adFM0cnhXYzh3YjJjWUxwU3Y4elBTcmxqTHNfeHVkbGFQUHpQb0R3SGxXczVjZjREYW9Kc09DV2xNc2hkY3pfRDVCZzdpdVhZSmRQbjhIZ3VvbVE?oc=5\" target=\"_blank\" rel=\"noopener\">Ligue des champions (Bilbao-PSG) &#8211; Sorti \u00e0 la pause, Marquinhos est touch\u00e9 \u00e0 un adducteur<\/a>&nbsp;&nbsp;Eurosport<\/li>\n<li><a href=\"https:\/\/news.google.com\/rss\/articles\/CBMijwJBVV95cUxPVzRiUEpDMHJBNTdZeWlpTkdTTGwwdFFqYTkwMjVmdjJpbS1tSVdDUVprRnA5WnVIWUxBWGZFak9ERXhqbVFxTVR6bzFKVG5lMmJIeWd4Zzk3Um9IS24xUW5ENVJTVEdhSElSODAtVV95cVNMTEJya0RJTm9CRXZiemFNTi1COXA1UEJDZVVGNTA1a0pHWUo4UmdLcnI1aDhGT21qaENMRW9xbkdvT1BGTGFibGoyV1NkODJUX0RmaklRbjQ1YTBOdGtDZ3NwVU1XQXIwbXQ1UG16U0dmNWg4a3RweTlKb2JYblFZRGRaYmdBZ1RYNzQ5VjBsaEQ1Sm15blhHbmNoUm9jNFpGTkIw?oc=5\" target=\"_blank\" rel=\"noopener\">PSG. Marquinhos sorti sur blessure en Ligue des champions, Zabarnyi et Safonov align\u00e9s ensemble<\/a>&nbsp;&nbsp;Ouest-France<\/li>\n<li><a href=\"https:\/\/news.google.com\/rss\/articles\/CBMipgFBVV95cUxQdlpUUlQtTnB4TVdOX1NUaG1PbDJteG5sRjgxS3FRLUN2MGhxSzFNVl9Kak44S3c3bGpuVnFYelBNOVZmMnplaEpVdjRUTVpvSFVxeWhPMzl4anNMUzFhakZEeGhuc091YU56VFlDeEYtLS1zOVh6SjNZZGY3TWkxTzRLdWNQUXNPTmk2ZEdpNDBzR0FCbVAtam1TbDREbkdYUXkwR0R3?oc=5\" target=\"_blank\" rel=\"noopener\">LdC, PSG : Luis Enrique donne des nouvelles de Marquinhos<\/a>&nbsp;&nbsp;Foot Mercato<\/li>\n<\/ol>\n","protected":false},"excerpt":{"rendered":"Marquinhos, la grosse inqui\u00e9tude&nbsp;&nbsp;Sports.fr Marquinhos touch\u00e9 aux adducteurs face \u00e0 l&rsquo;Athletic Bilbao&nbsp;&nbsp;L&rsquo;\u00c9quipe Ligue des champions (Bilbao-PSG) &#8211; Sorti&hellip;\n","protected":false},"author":2,"featured_media":592229,"comment_status":"","ping_status":"","sticky":false,"template":"","format":"standard","meta":{"footnotes":""},"categories":[9],"tags":[1011,27,60],"class_list":{"0":"post-592228","1":"post","2":"type-post","3":"status-publish","4":"format-standard","5":"has-post-thumbnail","7":"category-sports","8":"tag-fr","9":"tag-france","10":"tag-sports"},"share_on_mastodon":{"url":"https:\/\/pubeurope.com\/@fr\/115699546193264956","error":""},"_links":{"self":[{"href":"https:\/\/www.europesays.com\/fr\/wp-json\/wp\/v2\/posts\/592228","targetHints":{"allow":["GET"]}}],"collection":[{"href":"https:\/\/www.europesays.com\/fr\/wp-json\/wp\/v2\/posts"}],"about":[{"href":"https:\/\/www.europesays.com\/fr\/wp-json\/wp\/v2\/types\/post"}],"author":[{"embeddable":true,"href":"https:\/\/www.europesays.com\/fr\/wp-json\/wp\/v2\/users\/2"}],"replies":[{"embeddable":true,"href":"https:\/\/www.europesays.com\/fr\/wp-json\/wp\/v2\/comments?post=592228"}],"version-history":[{"count":0,"href":"https:\/\/www.europesays.com\/fr\/wp-json\/wp\/v2\/posts\/592228\/revisions"}],"wp:featuredmedia":[{"embeddable":true,"href":"https:\/\/www.europesays.com\/fr\/wp-json\/wp\/v2\/media\/592229"}],"wp:attachment":[{"href":"https:\/\/www.europesays.com\/fr\/wp-json\/wp\/v2\/media?parent=592228"}],"wp:term":[{"taxonomy":"category","embeddable":true,"href":"https:\/\/www.europesays.com\/fr\/wp-json\/wp\/v2\/categories?post=592228"},{"taxonomy":"post_tag","embeddable":true,"href":"https:\/\/www.europesays.com\/fr\/wp-json\/wp\/v2\/tags?post=592228"}],"curies":[{"name":"wp","href":"https:\/\/api.w.org\/{rel}","templated":true}]}}