{"id":59223,"date":"2025-04-28T12:31:09","date_gmt":"2025-04-28T12:31:09","guid":{"rendered":"https:\/\/www.europesays.com\/fr\/59223\/"},"modified":"2025-04-28T12:31:09","modified_gmt":"2025-04-28T12:31:09","slug":"test-jerez-debut-dessais-importants-pour-les-constructeurs","status":"publish","type":"post","link":"https:\/\/www.europesays.com\/fr\/59223\/","title":{"rendered":"Test Jerez &#8211; D\u00e9but d&rsquo;essais importants pour les constructeurs"},"content":{"rendered":"<p>Jerez accueille ce lundi le premier des trois tests post-course pr\u00e9vus au r\u00e8glement pour cette saison.\u00a0On retrouve en piste les pilotes qui ont disput\u00e9 le GP d&rsquo;Espagne ce week-end, \u00e0 l&rsquo;exception de <a href=\"https:\/\/fr.motorsport.com\/driver\/franco-morbidelli\/109417\/\" target=\"_blank\" rel=\"noopener\">Franco Morbidelli<\/a> que VR46 a d\u00e9cid\u00e9 de ne pas faire rouler \u00e0 la suite du traumatisme qu&rsquo;il a subi aux cervicales dans sa chute en course, et de <a href=\"https:\/\/fr.motorsport.com\/driver\/somkiat-chantra\/823104\/\" target=\"_blank\" rel=\"noopener\">Somkiat Chantra<\/a>, qui doit \u00e9galement consulter les m\u00e9decins pour un arm-pump. Aux titulaires se joignent quelques pilotes essayeurs : <a href=\"https:\/\/fr.motorsport.com\/driver\/dani-pedrosa\/92566\/\" target=\"_blank\" rel=\"noopener\">Dani Pedrosa<\/a> pour KTM, <a href=\"https:\/\/fr.motorsport.com\/driver\/lorenzo-savadori\/408147\/\" target=\"_blank\" rel=\"noopener\">Lorenzo Savadori<\/a> pour Aprilia, <a href=\"https:\/\/fr.motorsport.com\/driver\/augusto-fernandez\/452210\/\" target=\"_blank\" rel=\"noopener\">Augusto Fern\u00e1ndez<\/a> pour Yamaha et <a href=\"https:\/\/fr.motorsport.com\/driver\/takaaki-nakagami\/109418\/\" target=\"_blank\" rel=\"noopener\">Takaaki Nakagami<\/a> pour Honda, avant sa wild-card au Mans.<\/p>\n<p>Lire aussi :<\/p>\n<p><a href=\"https:\/\/fr.motorsport.com\/driver\/pecco-bagnaia\/109394\/\" target=\"_blank\" rel=\"noopener\">Pecco Bagnaia<\/a> (Ducati) et <a href=\"https:\/\/fr.motorsport.com\/driver\/maverick-vinales\/96553\/\" target=\"_blank\" rel=\"noopener\">Maverick Vi\u00f1ales<\/a> (KTM) ont \u00e9t\u00e9 les premiers \u00e0 prendre la piste lorsque les feux sont pass\u00e9s au vert, \u00e0 10h ce matin, impatients pour l&rsquo;un de rechercher des solutions \u00e0 ce qui l&#8217;emp\u00eache pour le moment de rivaliser avec <a href=\"https:\/\/fr.motorsport.com\/driver\/marc-marquez\/92646\/\" target=\"_blank\" rel=\"noopener\">Marc M\u00e1rquez<\/a>, et pour l&rsquo;autre de poursuivre sur la tr\u00e8s bonne dynamique enclench\u00e9e sur sa nouvelle moto.<\/p>\n<p><a href=\"https:\/\/fr.motorsport.com\/driver\/brad-binder\/109383\/\" target=\"_blank\" rel=\"noopener\">Brad Binder<\/a>\u00a0(KTM) a lui aussi voulu profiter de ce test en se montrant tr\u00e8s actif d\u00e8s les premi\u00e8res minutes, avec \u00e0 la cl\u00e9 le temps de r\u00e9f\u00e9rence qu&rsquo;il a conserv\u00e9 pendant quelques minutes. Le pilote sud-africain a ensuite \u00e9t\u00e9 d\u00e9log\u00e9 de la t\u00eate lorsque la Ducati de Marc M\u00e1rquez a fait son entr\u00e9e en sc\u00e8ne.<\/p>\n<p><a href=\"https:\/\/fr.motorsport.com\/driver\/fabio-quartararo\/109400\/\" target=\"_blank\" rel=\"noopener\">Fabio Quartararo<\/a> (Yamaha) a \u00e9t\u00e9 le premier \u00e0 faire passer les chronos sous la barre des 1&rsquo;37 en prenant \u00e0 son tour les commandes peu apr\u00e8s la premi\u00e8re demi-heure de roulage. Une heure plus tard, la limite avait d\u00e9j\u00e0 \u00e9t\u00e9 nettement repouss\u00e9e puisque Marc M\u00e1rquez \u00e9tait \u00e0 nouveau leader, en 1&rsquo;36&Prime;184, un temps que personne n&rsquo;a plus am\u00e9lior\u00e9 jusqu&rsquo;au drapeau \u00e0 damier agit\u00e9 \u00e0 mi-journ\u00e9e.<\/p>\n<p>Derri\u00e8re la Ducati de l&rsquo;Espagnol, on retrouve trois motos diff\u00e9rentes apr\u00e8s trois heures de test : la Yamaha de Quartararo, la Honda de <a href=\"https:\/\/fr.motorsport.com\/driver\/johann-zarco\/96107\/\" target=\"_blank\" rel=\"noopener\">Johann Zarco<\/a> et l&rsquo;Aprilia de <a href=\"https:\/\/fr.motorsport.com\/driver\/marco-bezzecchi\/441839\/\" target=\"_blank\" rel=\"noopener\">Marco Bezzecchi<\/a>. Devanc\u00e9 par <a href=\"https:\/\/fr.motorsport.com\/driver\/fabio-di-giannantonio\/289538\/\" target=\"_blank\" rel=\"noopener\">Fabio Di Giannantonio<\/a> (Ducati), Maverick Vi\u00f1ales permet \u00e0 KTM de figurer parmi les six premi\u00e8res positions.<\/p>\n<p>   <img decoding=\"async\" draggable=\"false\" src=\"https:\/\/www.europesays.com\/fr\/wp-content\/uploads\/2025\/04\/1745843469_849_brad-binder-red-bull-ktm-facto.jpg\" alt=\"Brad Binder (KTM)\" width=\"1200\" height=\"800\" loading=\"lazy\"\/> <\/p>\n<p class=\"title\">Brad Binder (KTM)<\/p>\n<p class=\"photographer\">Photo de: Rob Gray \/ Polarity Photo<\/p>\n<p>Il faut signaler que <a href=\"https:\/\/fr.motorsport.com\/driver\/pedro-acosta\/840236\/\" target=\"_blank\" rel=\"noopener\">Pedro Acosta<\/a> (KTM) a subi une chute dans la matin\u00e9e, \u00e0 la conclusion de la premi\u00e8re heure. Un coup d&rsquo;arr\u00eat pour l&rsquo;Espagnol qui \u00e9voque depuis plusieurs semaines ce test comme \u00e9tant extr\u00eamement important pour orienter le constructeur autrichien dans la bonne direction, et ce alors que lui-m\u00eame a choisi de <a href=\"https:\/\/fr.motorsport.com\/motogp\/news\/acosta-revient-arriere-toutes-ktm-differentes\/10716778\/\" target=\"_self\" rel=\"noopener\">revenir \u00e0 du mat\u00e9riel de 2024<\/a> dans l&rsquo;attente de progr\u00e8s probants.<\/p>\n<p>On a pu apercevoir ce matin un dosseret de selle diff\u00e9rent sur la KTM test\u00e9e notamment par Binder, ce qui devrait cacher un mass damper qu&rsquo;a d\u00e9j\u00e0 eu l&rsquo;opportunit\u00e9 de tester Vi\u00f1ales dans le cadre de deux Grands Prix. Des rares informations transmises par les constructeurs au sujet des pi\u00e8ces test\u00e9es aujourd&rsquo;hui, on sait aussi qu&rsquo;Aprilia a pr\u00e9vu des \u00e9valuations a\u00e9rodynamiques et a apport\u00e9 un nouveau bras oscillant. Ducati fait de son c\u00f4t\u00e9 tester quelque \u00e9volution \u00e0 Marc M\u00e1rquez, sans en avoir toutefois d\u00e9voil\u00e9 les pr\u00e9cisions.<\/p>\n<p>Du c\u00f4t\u00e9 des constructeurs japonais, c&rsquo;est le moteur qui centralise en grande partie l&rsquo;attention. Honda n&rsquo;a pas cach\u00e9 attendre beaucoup de ces essais, et ce d&rsquo;autant plus apr\u00e8s la participation encourageante d&rsquo;<a href=\"https:\/\/fr.motorsport.com\/driver\/aleix-espargaro\/90382\/\" target=\"_blank\" rel=\"noopener\">Aleix Espargar\u00f3<\/a> au Grand Prix de ce week-end sur une moto qui est apparue plus efficace en ligne droite. Chez Yamaha, dans l&rsquo;attente du V4 actuellement en pr\u00e9paration, une \u00e9volution moteur est \u00e9galement dans les rouages, avec possiblement une int\u00e9gration en course d\u00e8s Le Mans.<\/p>\n<p>Lire aussi :<\/p>\n<p>Au sein des \u00e9quipes satellites, le travail est logiquement plus modeste, focalis\u00e9 sur de la mise au point. C&rsquo;est le cas notamment pour <a href=\"https:\/\/fr.motorsport.com\/driver\/alex-marquez\/96324\/\" target=\"_blank\" rel=\"noopener\">\u00c1lex M\u00e1rquez<\/a>, vainqueur du Grand Prix hier, et pour lequel l&rsquo;\u00e9quipe Gresini a confirm\u00e9 des essais de r\u00e9glages \u00e9lectroniques.<\/p>\n<p>La journ\u00e9e est divis\u00e9e en deux s\u00e9ances. La premi\u00e8re a pris fin \u00e0 13h avant d&rsquo;\u00eatre suivie par 15 minutes d\u00e9di\u00e9es aux essais de d\u00e9part. Puis, la seconde s\u00e9ance d\u00e9bute \u00e0 13h20 et s&rsquo;\u00e9tendra jusqu&rsquo;\u00e0 18h, avec l\u00e0 aussi un quart d&rsquo;heure par la suite pour tester librement les d\u00e9parts.<\/p>\n<p>Test post-course de Jerez &#8211; Les temps \u00e0 13h<\/p>\n<p><img decoding=\"async\" class=\"sizer\" draggable=\"false\" src=\"data:image\/png;base64,iVBORw0KGgoAAAANSUhEUgAAABAAAAAJCAYAAAA7KqwyAAAAGXRFWHRTb2Z0d2FyZQBBZG9iZSBJbWFnZVJlYWR5ccllPAAAABpJREFUeNpi\/P\/\/PwMlgImBQjBqwLAwACDAAOVfAw9\/ZDvcAAAAAElFTkSuQmCC\" alt=\"\" loading=\"lazy\"\/><\/p>\n<p class=\"title\">VID\u00c9O &#8211; R\u00c9SUM\u00c9 : Les meilleurs moments du GP d&rsquo;Espagne<\/p>\n<p>Dans cet article<\/p>\n<p>Soyez le premier inform\u00e9 et souscrivez aux alertes mails pour recevoir les infos en temps r\u00e9el<\/p>\n<p>    S&rsquo;abonner aux alertes de news<\/p>\n","protected":false},"excerpt":{"rendered":"Jerez accueille ce lundi le premier des trois tests post-course pr\u00e9vus au r\u00e8glement pour cette saison.\u00a0On retrouve en&hellip;\n","protected":false},"author":2,"featured_media":59224,"comment_status":"","ping_status":"","sticky":false,"template":"","format":"standard","meta":{"footnotes":""},"categories":[9],"tags":[12530,1011,27,1458,60,15594],"class_list":{"0":"post-59223","1":"post","2":"type-post","3":"status-publish","4":"format-standard","5":"has-post-thumbnail","7":"category-sports","8":"tag-circuito-de-jerez","9":"tag-fr","10":"tag-france","11":"tag-motogp","12":"tag-sports","13":"tag-test-de-jerez"},"share_on_mastodon":{"url":"https:\/\/pubeurope.com\/@fr\/114415605157276970","error":""},"_links":{"self":[{"href":"https:\/\/www.europesays.com\/fr\/wp-json\/wp\/v2\/posts\/59223","targetHints":{"allow":["GET"]}}],"collection":[{"href":"https:\/\/www.europesays.com\/fr\/wp-json\/wp\/v2\/posts"}],"about":[{"href":"https:\/\/www.europesays.com\/fr\/wp-json\/wp\/v2\/types\/post"}],"author":[{"embeddable":true,"href":"https:\/\/www.europesays.com\/fr\/wp-json\/wp\/v2\/users\/2"}],"replies":[{"embeddable":true,"href":"https:\/\/www.europesays.com\/fr\/wp-json\/wp\/v2\/comments?post=59223"}],"version-history":[{"count":0,"href":"https:\/\/www.europesays.com\/fr\/wp-json\/wp\/v2\/posts\/59223\/revisions"}],"wp:featuredmedia":[{"embeddable":true,"href":"https:\/\/www.europesays.com\/fr\/wp-json\/wp\/v2\/media\/59224"}],"wp:attachment":[{"href":"https:\/\/www.europesays.com\/fr\/wp-json\/wp\/v2\/media?parent=59223"}],"wp:term":[{"taxonomy":"category","embeddable":true,"href":"https:\/\/www.europesays.com\/fr\/wp-json\/wp\/v2\/categories?post=59223"},{"taxonomy":"post_tag","embeddable":true,"href":"https:\/\/www.europesays.com\/fr\/wp-json\/wp\/v2\/tags?post=59223"}],"curies":[{"name":"wp","href":"https:\/\/api.w.org\/{rel}","templated":true}]}}