{"id":592232,"date":"2025-12-11T06:36:30","date_gmt":"2025-12-11T06:36:30","guid":{"rendered":"https:\/\/www.europesays.com\/fr\/592232\/"},"modified":"2025-12-11T06:36:30","modified_gmt":"2025-12-11T06:36:30","slug":"pourquoi-la-course-a-lia-va-faire-flamber-le-prix-des-pc-et-des-smartphones","status":"publish","type":"post","link":"https:\/\/www.europesays.com\/fr\/592232\/","title":{"rendered":"pourquoi la course \u00e0 l\u2019IA va faire flamber le prix des PC et des smartphones"},"content":{"rendered":"<p>\n    <strong>D\u00c9CRYPTAGE<\/strong> &#8211; Les puces m\u00e9moire, pr\u00e9sentes dans les ordinateurs ou les consoles, sont convoit\u00e9es par les g\u00e9ants de l\u2019IA et des data centers. Devenus rares, ces composants voient leurs prix s\u2019envoler, touchant en cascade les constructeurs informatiques.<\/p>\n<p class=\"fig-paragraph\">\u00ab\u00a0\u00c7a fait une demi-vie que je veux monter un PC, mais j\u2019avais jamais le budget. Cette ann\u00e9e, j\u2019ai trouv\u00e9 mon premier boulot, et le plan \u00e9tait simple (\u2026), monter mon premier PC gamer. Mais l\u2019univers a dit non. Les prix de la RAM ont carr\u00e9ment flamb\u00e9 sans pr\u00e9venir.\u00a0\u00bb Rep\u00e9r\u00e9 sur\u00a0<a href=\"http:\/\/www.lefigaro.fr\/medias\/de-vraies-reponses-par-des-vraies-personnes-le-forum-de-discussion-reddit-lance-en-france-son-chatbot-ia-20251016\" data-fig-type=\"Article\" data-gtm-custom-categorie=\"navigation\" data-gtm-custom-action=\"crossclick\" data-gtm-custom-label=\"Contextuel\" data-gtm-event=\"customEventSPE\" data-fig-domain=\"LEFIGARO\" target=\"_blank\" rel=\"noopener\">Reddit<\/a>, le cri du c\u0153ur de cet utilisateur est loin d\u2019\u00eatre un cas isol\u00e9. Cela fait plusieurs semaines que les consommateurs sont confront\u00e9s \u00e0 une p\u00e9nurie qui entra\u00eene une envol\u00e9e des prix des barrettes \u00ab\u00a0m\u00e9moire RAM\u00a0\u00bb, ces composants qui servent \u00e0 stocker les donn\u00e9es de produits informatiques. Certains internautes t\u00e9moignent de puces achet\u00e9es au printemps 200\u00a0euros, et d\u00e9sormais affich\u00e9es 1000\u00a0euros. \u00ab\u00a0C\u2019est un ph\u00e9nom\u00e8ne in\u00e9dit\u00a0\u00bb, confirme Laurent Sirgy, patron France de Kingston, premier fabricant mondial ind\u00e9pendant de ce type de composants.<\/p>\n<p class=\"fig-paragraph\">\u00c0 l\u2019entendre, les tensions ont commenc\u00e9 \u00e0 se mat\u00e9rialiser \u00e0 l\u2019\u00e9t\u00e9, mais les racines de cette p\u00e9nurie, qui touche tous les types de puces m\u00e9moire, sont plus anciennes<\/p>\n<p class=\"fig-premium-paywall__infos\">\n        Cet article est r\u00e9serv\u00e9 aux abonn\u00e9s.        Il vous reste 84% \u00e0 d\u00e9couvrir.\n    <\/p>\n<p>                <img  data- alt=\"Le Figaro\" class=\"fig-img--complete fig-img\"\/><\/p>\n<p class=\"fig-premium-paywall__title\">Vente Flash<\/p>\n<p class=\"fig-premium-paywall__subtitle\">-50% sur l&rsquo;abonnement num\u00e9rique<\/p>\n<p class=\"fig-premium-paywall__connect\">\n                D\u00e9j\u00e0 abonn\u00e9\u00a0?                <a class=\"fig-premium-paywall__connect-link\" href=\"https:\/\/connect.lefigaro.fr\/login?client=horizon_web&amp;type=main&amp;redirect_uri=https%3A%2F%2Fwww.lefigaro.fr%2Fsecteur%2Fhigh-tech%2Fc-est-la-premiere-fois-qu-on-vit-une-penurie-de-ce-composant-pourquoi-la-course-a-l-ia-va-faire-flamber-le-prix-des-pc-et-des-smartphones-20251210\" data-js-gtm=\"{&quot;customCategorie&quot;: &quot;conversion&quot;, &quot;customAction&quot;: &quot;before_Landing_Connexion_paywall_auto&quot;, &quot;customLabel&quot;: &quot;bGVmaWdhcm8uZnJfXzFmMGQ1YjcyLTg1YTMtNjYyYy04ZDA3LTgzMjQyZmQ1ZWVkYV9fQXJ0aWNsZQ==_\u00abC\u2019est la premi\u00e8re fois qu\u2019on vit une p\u00e9nurie de ce composant\u00bb\u00a0: pourquoi la course \u00e0 l\u2019IA va faire flamber le prix des PC et des smartphones_160&quot;, &quot;customIDSPE&quot;: &quot;bGVmaWdhcm8uZnJfXzFmMGQ1YjcyLTg1YTMtNjYyYy04ZDA3LTgzMjQyZmQ1ZWVkYV9fQXJ0aWNsZQ==&quot;, &quot;event&quot;: &quot;customEventSPE&quot;}\" target=\"_blank\" rel=\"noopener\"><br \/>\n                    Connectez-vous<br \/>\n                <\/a>\n            <\/p>\n","protected":false},"excerpt":{"rendered":"D\u00c9CRYPTAGE &#8211; Les puces m\u00e9moire, pr\u00e9sentes dans les ordinateurs ou les consoles, sont convoit\u00e9es par les g\u00e9ants de&hellip;\n","protected":false},"author":2,"featured_media":592233,"comment_status":"","ping_status":"","sticky":false,"template":"","format":"standard","meta":{"footnotes":""},"categories":[7],"tags":[1011,27,311,223,43,40,41,39,724,42,44],"class_list":{"0":"post-592232","1":"post","2":"type-post","3":"status-publish","4":"format-standard","5":"has-post-thumbnail","7":"category-sciences-et-technologies","8":"tag-fr","9":"tag-france","10":"tag-informatique","11":"tag-intelligence-artificielle","12":"tag-science","13":"tag-science-and-technology","14":"tag-sciences","15":"tag-sciences-et-technologies","16":"tag-smartphone","17":"tag-technologies","18":"tag-technology"},"share_on_mastodon":{"url":"https:\/\/pubeurope.com\/@fr\/115699553686661346","error":""},"_links":{"self":[{"href":"https:\/\/www.europesays.com\/fr\/wp-json\/wp\/v2\/posts\/592232","targetHints":{"allow":["GET"]}}],"collection":[{"href":"https:\/\/www.europesays.com\/fr\/wp-json\/wp\/v2\/posts"}],"about":[{"href":"https:\/\/www.europesays.com\/fr\/wp-json\/wp\/v2\/types\/post"}],"author":[{"embeddable":true,"href":"https:\/\/www.europesays.com\/fr\/wp-json\/wp\/v2\/users\/2"}],"replies":[{"embeddable":true,"href":"https:\/\/www.europesays.com\/fr\/wp-json\/wp\/v2\/comments?post=592232"}],"version-history":[{"count":0,"href":"https:\/\/www.europesays.com\/fr\/wp-json\/wp\/v2\/posts\/592232\/revisions"}],"wp:featuredmedia":[{"embeddable":true,"href":"https:\/\/www.europesays.com\/fr\/wp-json\/wp\/v2\/media\/592233"}],"wp:attachment":[{"href":"https:\/\/www.europesays.com\/fr\/wp-json\/wp\/v2\/media?parent=592232"}],"wp:term":[{"taxonomy":"category","embeddable":true,"href":"https:\/\/www.europesays.com\/fr\/wp-json\/wp\/v2\/categories?post=592232"},{"taxonomy":"post_tag","embeddable":true,"href":"https:\/\/www.europesays.com\/fr\/wp-json\/wp\/v2\/tags?post=592232"}],"curies":[{"name":"wp","href":"https:\/\/api.w.org\/{rel}","templated":true}]}}