{"id":592236,"date":"2025-12-11T06:38:12","date_gmt":"2025-12-11T06:38:12","guid":{"rendered":"https:\/\/www.europesays.com\/fr\/592236\/"},"modified":"2025-12-11T06:38:12","modified_gmt":"2025-12-11T06:38:12","slug":"des-drones-se-dirigeant-vers-moscou-abattus-kiev-envoie-sa-version-du-plan-de-paix-a-trump","status":"publish","type":"post","link":"https:\/\/www.europesays.com\/fr\/592236\/","title":{"rendered":"Des drones se dirigeant vers Moscou abattus, Kiev envoie sa version du plan de paix \u00e0 Trump\u2026"},"content":{"rendered":"<p>Trump ne veut pas \u00ab\u00a0perdre son temps\u00a0\u00bb avec l\u2019Ukraine<\/p>\n<p>Donald Trump a dit mercredi avoir eu des \u00ab\u00a0mots assez forts\u00a0\u00bb pendant son entretien plus t\u00f4t avec le pr\u00e9sident fran\u00e7ais Emmanuel Macron, le Premier ministre britannique Keir Starmer et le chancelier allemand Friedrich Merz.<\/p>\n<p>Le pr\u00e9sident am\u00e9ricain a ajout\u00e9 que les dirigeants europ\u00e9ens voulaient organiser une r\u00e9union sur l\u2019Ukraine ce week-end mais a indiqu\u00e9 que la participation am\u00e9ricaine n\u2019\u00e9tait pas acquise, en lan\u00e7ant\u00a0: \u00ab\u00a0Nous ne voulons pas perdre notre temps.\u00a0\u00bb<\/p>\n<p>La Russie affirme avoir abattu 287 drones ukrainiens dans la nuit<\/p>\n<p>La Russie indique avoir abattu dans la nuit 287 drones ukrainiens, soit l\u2019une des attaques les plus massives de l\u2019arm\u00e9e de Kiev en bient\u00f4t quatre ans d\u2019offensive russe.<\/p>\n<p>Sur ces drones \u00ab\u00a0intercept\u00e9s et abattus\u00a0\u00bb par la d\u00e9fense anti-a\u00e9rienne russe, 32 se dirigeaient vers Moscou, a pr\u00e9cis\u00e9 le minist\u00e8re russe de la D\u00e9fense dans un communiqu\u00e9 sur Telegram.<\/p>\n<p>Kiev a remis aux Etats-Unis sa derni\u00e8re version du plan pour mettre fin \u00e0 la guerre avec la Russie<\/p>\n<p>L&rsquo;Ukraine a remis mercredi aux Etats-Unis sa version mise \u00e0 jour du plan pour mettre fin \u00e0 la guerre avec la Russie, ont confirm\u00e9 deux responsables ukrainiens proches du dossier. Kiev \u00ab a d\u00e9j\u00e0 envoy\u00e9 \u00bb \u00e0 Washington la nouvelle version du plan de sortie du conflit, a d\u00e9clar\u00e9 un haut responsable ukrainien sans donner davantage de pr\u00e9cisions.<\/p>\n<p>Macron, Merz et Starmer ont \u00e9chang\u00e9 avec Trump, avant une nouvelle r\u00e9union de la \u00ab coalition des volontaires \u00bb ce jeudi<\/p>\n<p>Emmanuel Macron a annonc\u00e9 mercredi s&rsquo;\u00eatre entretenu au t\u00e9l\u00e9phone avec le pr\u00e9sident am\u00e9ricain Donald Trump et d&rsquo;autres dirigeants europ\u00e9ens au sujet de l&rsquo;Ukraine, \u00ab pour essayer d&rsquo;avancer \u00bb. L&rsquo;appel a dur\u00e9 40 minutes, selon le pr\u00e9sident fran\u00e7ais. Le Premier ministre britannique Keir Starmer et le chancelier allemand Friedrich Merz ont pris part aussi \u00e0 cet entretien, a pr\u00e9cis\u00e9 l&rsquo;\u00c9lys\u00e9e.<\/p>\n<p>Une nouvelle r\u00e9union de la \u00ab coalition des volontaires \u00bb, qui rassemble des soutiens de Kiev, se tiendra ce jeudi pour avancer sur les \u00ab garanties de s\u00e9curit\u00e9 \u00bb pour l\u2019Ukraine en cas de cessez-le-feu, a indiqu\u00e9 la porte-parole du gouvernement fran\u00e7ais.<\/p>\n<p>Mercredi, le Kremlin s&rsquo;est r\u00e9joui des propos de Trump critiquant l&rsquo;Ukraine et Zelensky<\/p>\n<p>Le Kremlin a salu\u00e9 les derni\u00e8res d\u00e9clarations du pr\u00e9sident am\u00e9ricain Donald Trump qui a notamment soutenu, dans un entretien au site Politico, que la Russie avait \u00ab toujours eu \u00bb l\u2019avantage militaire sur le front en Ukraine.<\/p>\n<p>\u00ab \u00c0 bien des \u00e9gards, concernant une adh\u00e9sion \u00e0 l\u2019OTAN, les territoires, concernant le fait que l\u2019Ukraine perd du terrain, c\u2019est conforme \u00e0 notre compr\u00e9hension. \u00c0 bien des \u00e9gards, le pr\u00e9sident Trump a abord\u00e9 les causes profondes du conflit \u00bb, a d\u00e9clar\u00e9 \u00e0 la presse le porte-parole de la pr\u00e9sidence russe, Dmitri Peskov.<\/p>\n<p>Bonjour et bienvenue dans ce nouveau live<\/p>\n<p>Chaque jour, \u00ab 20 Minutes \u00bb fait le point en direct avec vous sur les derni\u00e8res actualit\u00e9s de la guerre en Ukraine via nos articles live comment\u00e9s. La guerre a \u00e9t\u00e9 d\u00e9clar\u00e9e avec l&rsquo;invasion du pays par la Russie dans la nuit du 23 au 24 f\u00e9vrier 2022. Ce jeudi, il s&rsquo;agit d\u00e9j\u00e0 du 1.387e jour du conflit.<\/p>\n","protected":false},"excerpt":{"rendered":"Trump ne veut pas \u00ab\u00a0perdre son temps\u00a0\u00bb avec l\u2019Ukraine Donald Trump a dit mercredi avoir eu des \u00ab\u00a0mots&hellip;\n","protected":false},"author":2,"featured_media":592237,"comment_status":"","ping_status":"","sticky":false,"template":"","format":"standard","meta":{"footnotes":""},"categories":[5],"tags":[47,11,75,1073,1011,27,131,14,4998,74,1916,12,132,135,134,28],"class_list":{"0":"post-592236","1":"post","2":"type-post","3":"status-publish","4":"format-standard","5":"has-post-thumbnail","7":"category-international","8":"tag-actualite","9":"tag-actualites","10":"tag-donald-trump","11":"tag-emmanuel-macron","12":"tag-fr","13":"tag-france","14":"tag-guerre-en-ukraine","15":"tag-international","16":"tag-kremlin","17":"tag-monde","18":"tag-moscou","19":"tag-news","20":"tag-russie","21":"tag-vladimir-poutine","22":"tag-volodymyr-zelensky","23":"tag-world"},"share_on_mastodon":{"url":"https:\/\/pubeurope.com\/@fr\/115699561550555274","error":""},"_links":{"self":[{"href":"https:\/\/www.europesays.com\/fr\/wp-json\/wp\/v2\/posts\/592236","targetHints":{"allow":["GET"]}}],"collection":[{"href":"https:\/\/www.europesays.com\/fr\/wp-json\/wp\/v2\/posts"}],"about":[{"href":"https:\/\/www.europesays.com\/fr\/wp-json\/wp\/v2\/types\/post"}],"author":[{"embeddable":true,"href":"https:\/\/www.europesays.com\/fr\/wp-json\/wp\/v2\/users\/2"}],"replies":[{"embeddable":true,"href":"https:\/\/www.europesays.com\/fr\/wp-json\/wp\/v2\/comments?post=592236"}],"version-history":[{"count":0,"href":"https:\/\/www.europesays.com\/fr\/wp-json\/wp\/v2\/posts\/592236\/revisions"}],"wp:featuredmedia":[{"embeddable":true,"href":"https:\/\/www.europesays.com\/fr\/wp-json\/wp\/v2\/media\/592237"}],"wp:attachment":[{"href":"https:\/\/www.europesays.com\/fr\/wp-json\/wp\/v2\/media?parent=592236"}],"wp:term":[{"taxonomy":"category","embeddable":true,"href":"https:\/\/www.europesays.com\/fr\/wp-json\/wp\/v2\/categories?post=592236"},{"taxonomy":"post_tag","embeddable":true,"href":"https:\/\/www.europesays.com\/fr\/wp-json\/wp\/v2\/tags?post=592236"}],"curies":[{"name":"wp","href":"https:\/\/api.w.org\/{rel}","templated":true}]}}