{"id":592238,"date":"2025-12-11T06:39:11","date_gmt":"2025-12-11T06:39:11","guid":{"rendered":"https:\/\/www.europesays.com\/fr\/592238\/"},"modified":"2025-12-11T06:39:11","modified_gmt":"2025-12-11T06:39:11","slug":"cest-inadmissible-dabattre-autant-danimaux-208-vaches-en-sursis-en-ariege-a-cause-dun-cas-de-dermatose-nodulaire","status":"publish","type":"post","link":"https:\/\/www.europesays.com\/fr\/592238\/","title":{"rendered":"\u00ab\u00a0C\u2019est inadmissible d\u2019abattre autant d\u2019animaux\u00a0\u00bb\u00a0: 208 vaches en sursis en Ari\u00e8ge \u00e0 cause d\u2019un cas de dermatose nodulaire"},"content":{"rendered":"<p>\n                                                                    l&rsquo;essentiel<br \/>\n                                                                C\u2019est le choc en Ari\u00e8ge\u00a0: le d\u00e9partement fait face \u00e0 son premier foyer de dermatose nodulaire contagieuse. 208 vaches sont menac\u00e9es d\u2019abattage, mais la proposition d\u2019un protocole exp\u00e9rimental par les syndicats leur offre un sursis.\n                            <\/p>\n<p>C\u2019est une annonce qui a fait l\u2019effet d\u2019une bombe, quelques jours \u00e0 peine apr\u00e8s l\u2019abattage de 83 vaches laiti\u00e8res dans le Doubs\u00a0: ce mardi 9\u00a0d\u00e9cembre, le d\u00e9partement de l\u2019Ari\u00e8ge a \u00e9t\u00e9 confront\u00e9 \u00e0 son premier cas de dermatose nodulaire contagieuse (DNC). Un nouveau foyer d\u00e9tect\u00e9 dans un cheptel de deux cent huit vaches blondes d\u2019Aquitaine, au sein du Gaec de Mouriscou, tenu par deux fr\u00e8res, et situ\u00e9 aux Bordes-sur-Arize.<\/p>\n<p>La nouvelle s\u2019est r\u00e9pandue comme une tra\u00een\u00e9e de poudre au sein de la profession, qui s\u2019est r\u00e9unie le soir m\u00eame \u00e0 la pr\u00e9fecture de l\u2019Ari\u00e8ge. \u00c0 l\u2019issue de cette r\u00e9union de crise, le pr\u00e9fet du d\u00e9partement Herv\u00e9 Brabant, a notamment ordonn\u00e9 \u00ab\u00a0Le d\u00e9peuplement total du troupeau infect\u00e9, comme l\u2019impose le r\u00e8glement Europ\u00e9en\u00a0\u00bb, a-t-il rappel\u00e9.<\/p>\n<p>Les acc\u00e8s de la ferme bloqu\u00e9s par les manifestants<\/p>\n<p>La d\u00e9cision pr\u00e9fectorale a imm\u00e9diatement suscit\u00e9 de vives r\u00e9actions, tant du c\u00f4t\u00e9 des syndicats agricoles, que de nombreux \u00e9leveurs non affili\u00e9s, venus spontan\u00e9ment devant l\u2019exploitation, d\u00e8s l\u2019annonce de l\u2019abattage\u00a0: \u00ab\u00a0Je n\u2019adh\u00e8re \u00e0 aucun syndicat. Je suis venu ce soir par solidarit\u00e9, d\u2019un \u00e9leveur \u00e0 un autre\u00a0\u00bb, explique M. Marty, \u00e9leveur bovin.<\/p>\n<p>\u00ab\u00a0C\u2019est inadmissible d\u2019abattre autant d\u2019animaux. Et ce protocole qui ne fonctionne pas, on en a la preuve aujourd\u2019hui\u00a0: la maladie a parcouru 90 kilom\u00e8tres, et on se demande comment. La vaccination dans un rayon de 50\u00a0km autour d\u2019un foyer n\u2019a pas march\u00e9 non plus. Mentalement, pour l\u2019\u00e9leveur touch\u00e9, je n\u2019ose m\u00eame pas imaginer. Je ne sais pas comment on peut r\u00e9agir dans une situation pareille.\u00a0\u00bb<\/p>\n<p>Les d\u00e9partements voisins mobilis\u00e9s<\/p>\n<p>Devant l\u2019exploitation familiale des Bordes-sur-Arize, tracteurs et engins agricoles barrent les acc\u00e8s depuis pr\u00e8s de 48\u00a0heures. Un v\u00e9ritable bouclier humain, que les manifestants n\u2019entendent pas lever pour l\u2019instant\u00a0: \u00ab\u00a0Nous allons nous relayer tout au long de la journ\u00e9e, et demain\u00a0\u00bb, explique S\u00e9bastien Durand, pr\u00e9sident de la Coordination rurale de l\u2019Ari\u00e8ge. \u00ab\u00a0Nous sommes d\u00e9j\u00e0 pr\u00e8s d\u2019une centaine, et l\u2019objectif est de bloquer le chemin, mais nous nous conformerons \u00e0 la volont\u00e9 des deux agriculteurs concern\u00e9s, et nous attendrons leur d\u00e9cision d\u00e9finitive.\u00a0\u00bb<\/p>\n<p>Au fil de la journ\u00e9e de ce mercredi 10\u00a0d\u00e9cembre, des \u00e9leveurs venus du Tarn, de l\u2019Aveyron ou encore du Gers se sont joints \u00e0 la troupe.<\/p>\n<p>Une proposition d\u2019un protocole \u00ab\u00a0test \u00a0\u00bb<\/p>\n<p>Les heures se sont \u00e9coul\u00e9es. Des mots, des regards, mais aussi des actes ont accompagn\u00e9 les deux agriculteurs, et leur famille, dans l\u2019\u00e9preuve.<\/p>\n<p>En effet, comme un coup de th\u00e9\u00e2tre, les repr\u00e9sentants de la profession ont choisi de jouer leur derni\u00e8re carte, en formulant une proposition directement adress\u00e9e \u00e0 la ministre de l\u2019Agriculture, Annie Genevard\u00a0: \u00ab\u00a0Ce matin, la chambre d\u2019agriculture a r\u00e9uni l\u2019ensemble de la profession agricole afin d\u2019exprimer son soutien total aux \u00e9leveurs. Elle demande la suspension imm\u00e9diate du d\u00e9peuplement syst\u00e9matique et la mise en place d\u2019un protocole exp\u00e9rimental [\u2026].\u00a0\u00bb, a communiqu\u00e9 la chambre d\u2019agriculture de l\u2019Ari\u00e8ge.<\/p>\n<p>Une proposition formul\u00e9e de mani\u00e8re coll\u00e9giale, par la Conf\u00e9d\u00e9ration paysanne, le collectif Libre de Cultiver Notre Avenir, la FDSEA, les Ultras 64 et la Coordination rurale\u00a0: \u00ab\u00a0Comme l\u2019\u00c9tat ne nous \u00e9coute pas sur la d\u00e9classification de la maladie, nous proposons, en attendant, de placer ce cheptel sous surveillance stricte et d\u2019instaurer un zonage de 5\u00a0km autour de l\u2019exploitation\u00a0\u00bb, d\u00e9taille \u00c9loi Nespoulous, pr\u00e9sident de la Coordination rurale d\u2019Occitanie.<\/p>\n<p>\u00ab\u00a0Nous sugg\u00e9rons entre autres, un protocole dit \u201ctube\u201d, avec des analyses sanguines r\u00e9guli\u00e8res, permettant d\u2019abattre uniquement les vaches malades\u00a0\u00bb. Les syndicats attendent d\u00e9sormais la r\u00e9ponse de la ministre de l\u2019Agriculture, de l\u2019Agroalimentaire et de la Souverainet\u00e9 alimentaire, offrant ainsi un sursis aux 208 vaches du Gaec de Mouriscou. Les agriculteurs s\u2019appr\u00eatent \u00e0 passer ce mercredi soir une nouvelle nuit de soutien.<\/p>\n","protected":false},"excerpt":{"rendered":"l&rsquo;essentiel C\u2019est le choc en Ari\u00e8ge\u00a0: le d\u00e9partement fait face \u00e0 son premier foyer de dermatose nodulaire contagieuse.&hellip;\n","protected":false},"author":2,"featured_media":592239,"comment_status":"","ping_status":"","sticky":false,"template":"","format":"standard","meta":{"footnotes":""},"categories":[4],"tags":[11,327,2720,33,1011,27,70240,12,25],"class_list":{"0":"post-592238","1":"post","2":"type-post","3":"status-publish","4":"format-standard","5":"has-post-thumbnail","7":"category-france","8":"tag-actualites","9":"tag-agriculture","10":"tag-ariege","11":"tag-economie","12":"tag-fr","13":"tag-france","14":"tag-lesbordessurarize","15":"tag-news","16":"tag-republique-francaise"},"share_on_mastodon":{"url":"https:\/\/pubeurope.com\/@fr\/115699565655656052","error":""},"_links":{"self":[{"href":"https:\/\/www.europesays.com\/fr\/wp-json\/wp\/v2\/posts\/592238","targetHints":{"allow":["GET"]}}],"collection":[{"href":"https:\/\/www.europesays.com\/fr\/wp-json\/wp\/v2\/posts"}],"about":[{"href":"https:\/\/www.europesays.com\/fr\/wp-json\/wp\/v2\/types\/post"}],"author":[{"embeddable":true,"href":"https:\/\/www.europesays.com\/fr\/wp-json\/wp\/v2\/users\/2"}],"replies":[{"embeddable":true,"href":"https:\/\/www.europesays.com\/fr\/wp-json\/wp\/v2\/comments?post=592238"}],"version-history":[{"count":0,"href":"https:\/\/www.europesays.com\/fr\/wp-json\/wp\/v2\/posts\/592238\/revisions"}],"wp:featuredmedia":[{"embeddable":true,"href":"https:\/\/www.europesays.com\/fr\/wp-json\/wp\/v2\/media\/592239"}],"wp:attachment":[{"href":"https:\/\/www.europesays.com\/fr\/wp-json\/wp\/v2\/media?parent=592238"}],"wp:term":[{"taxonomy":"category","embeddable":true,"href":"https:\/\/www.europesays.com\/fr\/wp-json\/wp\/v2\/categories?post=592238"},{"taxonomy":"post_tag","embeddable":true,"href":"https:\/\/www.europesays.com\/fr\/wp-json\/wp\/v2\/tags?post=592238"}],"curies":[{"name":"wp","href":"https:\/\/api.w.org\/{rel}","templated":true}]}}