{"id":592241,"date":"2025-12-11T06:41:14","date_gmt":"2025-12-11T06:41:14","guid":{"rendered":"https:\/\/www.europesays.com\/fr\/592241\/"},"modified":"2025-12-11T06:41:14","modified_gmt":"2025-12-11T06:41:14","slug":"des-travaux-delargissement-pour-diminuer-les-risques-dinondation","status":"publish","type":"post","link":"https:\/\/www.europesays.com\/fr\/592241\/","title":{"rendered":"des travaux d\u2019\u00e9largissement pour diminuer les risques d\u2019inondation"},"content":{"rendered":"<p>On ne peut pas \u00e9voquer les travaux qui occupent la rue James Jackson, sans remonter le fil des op\u00e9rations. Fin octobre\u00a02023, une premi\u00e8re phase de six mois environ, a permis la mise en conformit\u00e9 du r\u00e9seau d\u2019eau potable sur les quelque 600 m\u00e8tres qui vont du puits du Marais jusqu\u2019au niveau de l\u2019impasse Trablaine.<\/p>\n<p>Dans le m\u00eame temps, le Cotatay, cours d\u2019eau qui passe sous la ligne de chemin de fer, a b\u00e9n\u00e9fici\u00e9 d\u2019une passe \u00e0 poissons, un am\u00e9nagement port\u00e9 par la soci\u00e9t\u00e9 SNCF r\u00e9seau. Les tranch\u00e9es rebouch\u00e9es, l\u2019accalmie a \u00e9t\u00e9 de courte dur\u00e9e puisque les engins \u00e9taient de retour en juin <a href=\"https:\/\/www.leprogres.fr\/environnement\/2025\/05\/19\/un-million-d-euros-pour-redorer-les-berges-de-l-ondaine-et-du-cotatay\" target=\"_blank\" rel=\"noopener\">.\u00a0Mais cette fois pour agrandir le lit des berges de l\u2019Ondaine qui parcourent les rues James Jackson et Pierre et Marie Curie.<\/a><\/p>\n<p>Agrandissement du lit des berges de l\u2019Ondaine<\/p>\n<p>Les travaux, pilot\u00e9s par Saint-Etienne M\u00e9tropole, ont consist\u00e9 \u00e0 d\u00e9molir les passerelles qui enjambaient la rivi\u00e8re, de restaurer le mur de sout\u00e8nement qui la surplombe, tout en&#8230;<\/p>\n","protected":false},"excerpt":{"rendered":"On ne peut pas \u00e9voquer les travaux qui occupent la rue James Jackson, sans remonter le fil des&hellip;\n","protected":false},"author":2,"featured_media":592242,"comment_status":"","ping_status":"","sticky":false,"template":"","format":"standard","meta":{"footnotes":""},"categories":[9653],"tags":[1111,11,2430,12162,7539,436,1777,674,1011,27,9588,12161,12,25,4001],"class_list":{"0":"post-592241","1":"post","2":"type-post","3":"status-publish","4":"format-standard","5":"has-post-thumbnail","7":"category-saint-etienne","8":"tag-actu","9":"tag-actualites","10":"tag-auvergne-rhone-alpes","11":"tag-chambon-feugerolles-ville","12":"tag-edition-loire-sud","13":"tag-environnement","14":"tag-eu","15":"tag-europe","16":"tag-fr","17":"tag-france","18":"tag-ici-on-agit","19":"tag-le-chambon-feugerolles","20":"tag-news","21":"tag-republique-francaise","22":"tag-saint-etienne"},"share_on_mastodon":{"url":"https:\/\/pubeurope.com\/@fr\/115699573345353813","error":""},"_links":{"self":[{"href":"https:\/\/www.europesays.com\/fr\/wp-json\/wp\/v2\/posts\/592241","targetHints":{"allow":["GET"]}}],"collection":[{"href":"https:\/\/www.europesays.com\/fr\/wp-json\/wp\/v2\/posts"}],"about":[{"href":"https:\/\/www.europesays.com\/fr\/wp-json\/wp\/v2\/types\/post"}],"author":[{"embeddable":true,"href":"https:\/\/www.europesays.com\/fr\/wp-json\/wp\/v2\/users\/2"}],"replies":[{"embeddable":true,"href":"https:\/\/www.europesays.com\/fr\/wp-json\/wp\/v2\/comments?post=592241"}],"version-history":[{"count":0,"href":"https:\/\/www.europesays.com\/fr\/wp-json\/wp\/v2\/posts\/592241\/revisions"}],"wp:featuredmedia":[{"embeddable":true,"href":"https:\/\/www.europesays.com\/fr\/wp-json\/wp\/v2\/media\/592242"}],"wp:attachment":[{"href":"https:\/\/www.europesays.com\/fr\/wp-json\/wp\/v2\/media?parent=592241"}],"wp:term":[{"taxonomy":"category","embeddable":true,"href":"https:\/\/www.europesays.com\/fr\/wp-json\/wp\/v2\/categories?post=592241"},{"taxonomy":"post_tag","embeddable":true,"href":"https:\/\/www.europesays.com\/fr\/wp-json\/wp\/v2\/tags?post=592241"}],"curies":[{"name":"wp","href":"https:\/\/api.w.org\/{rel}","templated":true}]}}