{"id":592249,"date":"2025-12-11T06:45:13","date_gmt":"2025-12-11T06:45:13","guid":{"rendered":"https:\/\/www.europesays.com\/fr\/592249\/"},"modified":"2025-12-11T06:45:13","modified_gmt":"2025-12-11T06:45:13","slug":"materiel-prix-des-places-ambiance-un-nouveau-collectif-pour-porter-la-voix-des-clubs-de-supporters-du-rugby","status":"publish","type":"post","link":"https:\/\/www.europesays.com\/fr\/592249\/","title":{"rendered":"Mat\u00e9riel, prix des places, ambiance&#8230; Un nouveau collectif pour porter la voix des clubs de supporters du rugby"},"content":{"rendered":"<p class=\"fs-5 \">La nouvelle a \u00e9t\u00e9 officialis\u00e9e le lundi 1er d\u00e9cembre. Un collectif d\u00e9di\u00e9 \u00e0 la d\u00e9fense des int\u00e9r\u00eats des groupes de supporters de rugby est d\u00e9sormais en activit\u00e9.<\/p>\n<p class=\"fs-5 \">Parmi les principaux signataires et instigateurs, on retrouve une association de Toulonnais : <strong>les Fils de Besagne<\/strong>, fond\u00e9e en 2007 et forte de 400 adh\u00e9rents.<\/p>\n<p class=\"fs-5 \">Son pr\u00e9sident, Julien Perp\u00e8re, revient sur cette initiative : \u00ab On si\u00e9geait au sein de la F\u00e9d\u00e9ration fran\u00e7aise des supporters de rugby (FFSR) depuis quelques ann\u00e9es d\u00e9j\u00e0. On y a port\u00e9 et d\u00e9fendu des id\u00e9es, mais on s\u2019est rendu compte que \u00e7a n\u2019avan\u00e7ait pas assez. Avec d\u2019autres clubs de supporters, on a donc pris le parti de cr\u00e9er un collectif pour essayer de porter ces convictions. Car les stades sont de plus en plus remplis, le rugby de plus en plus m\u00e9diatis\u00e9, mais les groupes de supporters ont pourtant de plus en plus de probl\u00e9matiques. \u00bb<\/p>\n<p>                                                                                Mat\u00e9riel, prix des places, animations\u2026<\/p>\n<p class=\"fs-5 \">R\u00e9unissant des associations \u00ab qui partagent la m\u00eame vision ainsi qu\u2019une d\u00e9marche active et dynamique \u00bb, ce collectif entend dialoguer avec la Ligue nationale de rugby, la F\u00e9d\u00e9ration fran\u00e7aise de rugby et les clubs afin d\u2019obtenir des avanc\u00e9es sur de nombreux sujets. Et ce, dans toute la France ovale, de Toulon \u00e0 La Rochelle en passant par B\u00e9ziers, Toulouse, Bayonne ou Paris.<\/p>\n<p class=\"fs-5 \">\u00ab Les signataires sont des clubs de supporters de Top 14, de Pro D2 et, peut-\u00eatre demain, de Nationale, reprend Julien Perp\u00e8re. On milite entre autres pour qu\u2019il y ait des r\u00e8gles communes et une homog\u00e9n\u00e9isation, ne serait-ce qu\u2019en termes de mat\u00e9riel dans les stades. Pour rentrer des drapeaux, par exemple\u2026 Puis, il y a aussi le sujet du prix des places qui augmente. On aimerait qu\u2019il y ait, dans chaque stade, 200 places \u00e0 tarif unique pour les clubs visiteurs. Apr\u00e8s, l\u2019autre combat, ce sont les enceintes qui se d\u00e9naturent et cette forme d\u2019am\u00e9ricanisation autour des matchs. \u00bb Vaste programme.<\/p>\n","protected":false},"excerpt":{"rendered":"La nouvelle a \u00e9t\u00e9 officialis\u00e9e le lundi 1er d\u00e9cembre. Un collectif d\u00e9di\u00e9 \u00e0 la d\u00e9fense des int\u00e9r\u00eats des&hellip;\n","protected":false},"author":2,"featured_media":592250,"comment_status":"","ping_status":"","sticky":false,"template":"","format":"standard","meta":{"footnotes":""},"categories":[9619],"tags":[1111,11,1777,674,1011,27,12,882,3461,25,2310],"class_list":{"0":"post-592249","1":"post","2":"type-post","3":"status-publish","4":"format-standard","5":"has-post-thumbnail","7":"category-toulon","8":"tag-actu","9":"tag-actualites","10":"tag-eu","11":"tag-europe","12":"tag-fr","13":"tag-france","14":"tag-news","15":"tag-provence-alpes-cote-dazur","16":"tag-rct","17":"tag-republique-francaise","18":"tag-toulon"},"share_on_mastodon":{"url":"https:\/\/pubeurope.com\/@fr\/115699589151400053","error":""},"_links":{"self":[{"href":"https:\/\/www.europesays.com\/fr\/wp-json\/wp\/v2\/posts\/592249","targetHints":{"allow":["GET"]}}],"collection":[{"href":"https:\/\/www.europesays.com\/fr\/wp-json\/wp\/v2\/posts"}],"about":[{"href":"https:\/\/www.europesays.com\/fr\/wp-json\/wp\/v2\/types\/post"}],"author":[{"embeddable":true,"href":"https:\/\/www.europesays.com\/fr\/wp-json\/wp\/v2\/users\/2"}],"replies":[{"embeddable":true,"href":"https:\/\/www.europesays.com\/fr\/wp-json\/wp\/v2\/comments?post=592249"}],"version-history":[{"count":0,"href":"https:\/\/www.europesays.com\/fr\/wp-json\/wp\/v2\/posts\/592249\/revisions"}],"wp:featuredmedia":[{"embeddable":true,"href":"https:\/\/www.europesays.com\/fr\/wp-json\/wp\/v2\/media\/592250"}],"wp:attachment":[{"href":"https:\/\/www.europesays.com\/fr\/wp-json\/wp\/v2\/media?parent=592249"}],"wp:term":[{"taxonomy":"category","embeddable":true,"href":"https:\/\/www.europesays.com\/fr\/wp-json\/wp\/v2\/categories?post=592249"},{"taxonomy":"post_tag","embeddable":true,"href":"https:\/\/www.europesays.com\/fr\/wp-json\/wp\/v2\/tags?post=592249"}],"curies":[{"name":"wp","href":"https:\/\/api.w.org\/{rel}","templated":true}]}}