{"id":592257,"date":"2025-12-11T06:49:11","date_gmt":"2025-12-11T06:49:11","guid":{"rendered":"https:\/\/www.europesays.com\/fr\/592257\/"},"modified":"2025-12-11T06:49:11","modified_gmt":"2025-12-11T06:49:11","slug":"a-rouen-son-petit-somme-impromptu-lui-coute-son-permis-de-conduire","status":"publish","type":"post","link":"https:\/\/www.europesays.com\/fr\/592257\/","title":{"rendered":"\u00c0 Rouen, son petit somme impromptu lui co\u00fbte son permis de conduire"},"content":{"rendered":"<p>                    Par<br \/>\n        <strong><br \/>\n            <a href=\"https:\/\/actu.fr\/auteur\/julien-bouteiller\" title=\"Consulter tous les articles de Julien Bouteiller\" target=\"_blank\" rel=\"noopener\">Julien Bouteiller<\/a><br \/>\n                    <\/strong><\/p>\n<p>        Publi\u00e9 le<\/p>\n<p>            11 d\u00e9c. 2025 \u00e0 7h06        <\/p>\n<p><strong>Le r\u00e9veil a d\u00fb \u00eatre rude<\/strong>. Dans la nuit du 9 au 10\u00a0d\u00e9cembre 2025, un homme s\u2019est fait retirer son permis de conduire \u00e0 <a href=\"https:\/\/actu.fr\/normandie\/rouen_76540\" target=\"_blank\" rel=\"noopener\">Rouen<\/a>,<strong> apr\u00e8s s\u2019\u00eatre endormi de fa\u00e7on impromptue.<\/strong><\/p>\n<p>Ivre, il s\u2019endort au volant<\/p>\n<p class=\" wall-content\">Selon une source polici\u00e8re, vers 3\u00a0heures du matin, un conducteur signale \u00e0 la police qu\u2019une voiture est \u00e0 l\u2019arr\u00eat en plein milieu de <strong>l\u2019avenue du Mont-Riboudet<\/strong>. \u00ab\u2009Le conducteur s\u2019est endormi au volant, moteur tournant.\u2009\u00bb<\/p>\n<p class=\" wall-content\">R\u00e9veill\u00e9 par les policiers, l\u2019homme de 45\u00a0ans est contr\u00f4l\u00e9 avec<strong> pr\u00e8s de 1,6\u00a0g d\u2019alcool<\/strong> par litre de sang. L\u2019habitant de <strong>Maromme<\/strong> termine sa nuit au poste, sans son permis de conduire, ni sa voiture, plac\u00e9e en fourri\u00e8re.<\/p>\n<p class=\" wall-content\">Cet automobiliste n\u2019a heureusement pas fait de d\u00e9g\u00e2t. Mais il faut rappeler qu\u2019en 2024, <strong>plus d\u2019un tiers<\/strong> des plus de 3\u2009400 accidents mortels sur les routes impliquaient un conducteur alcoolis\u00e9.<\/p>\n<p>Suivez l\u2019actualit\u00e9 de Rouen <a href=\"https:\/\/www.whatsapp.com\/channel\/0029VaKfnf99hXF2ddApFB1D\" target=\"_blank\" rel=\"noopener\">sur notre cha\u00eene WhatsApp<\/a> et <a href=\"https:\/\/www.tiktok.com\/@76actu.fr?lang=fr\" target=\"_blank\" rel=\"noopener\">sur notre compte TikTok<\/a><\/p>\n<p class=\" wall-content\">Personnalisez votre actualit\u00e9 en ajoutant vos villes et m\u00e9dias en favori avec <a href=\"https:\/\/moncompte.actu.fr\" title=\"D\u00e9couvez Mon Actu\" rel=\"nofollow noopener\" data-trk=\"{&quot;cta&quot;:{&quot;action&quot;:&quot;https:\\\/\\\/moncompte.actu.fr&quot;,&quot;category&quot;:&quot;mon compte&quot;,&quot;from&quot;:&quot;article footer&quot;,&quot;name&quot;:&quot;Mon actu&quot;,&quot;type&quot;:&quot;cta&quot;}}\" target=\"_blank\">Mon Actu<\/a>.<\/p>\n<p>                    <script async src=\"\/\/www.tiktok.com\/embed.js\"><\/script><\/p>\n","protected":false},"excerpt":{"rendered":"Par Julien Bouteiller Publi\u00e9 le 11 d\u00e9c. 2025 \u00e0 7h06 Le r\u00e9veil a d\u00fb \u00eatre rude. Dans la&hellip;\n","protected":false},"author":2,"featured_media":592258,"comment_status":"","ping_status":"","sticky":false,"template":"","format":"standard","meta":{"footnotes":""},"categories":[9587],"tags":[1111,11,1777,674,118,1011,27,12,5161,1072,25,9590,5009],"class_list":{"0":"post-592257","1":"post","2":"type-post","3":"status-publish","4":"format-standard","5":"has-post-thumbnail","7":"category-rouen","8":"tag-actu","9":"tag-actualites","10":"tag-eu","11":"tag-europe","12":"tag-faits-divers","13":"tag-fr","14":"tag-france","15":"tag-news","16":"tag-normandie","17":"tag-police","18":"tag-republique-francaise","19":"tag-rouen","20":"tag-securite-routiere"},"share_on_mastodon":{"url":"https:\/\/pubeurope.com\/@fr\/115699604805755763","error":""},"_links":{"self":[{"href":"https:\/\/www.europesays.com\/fr\/wp-json\/wp\/v2\/posts\/592257","targetHints":{"allow":["GET"]}}],"collection":[{"href":"https:\/\/www.europesays.com\/fr\/wp-json\/wp\/v2\/posts"}],"about":[{"href":"https:\/\/www.europesays.com\/fr\/wp-json\/wp\/v2\/types\/post"}],"author":[{"embeddable":true,"href":"https:\/\/www.europesays.com\/fr\/wp-json\/wp\/v2\/users\/2"}],"replies":[{"embeddable":true,"href":"https:\/\/www.europesays.com\/fr\/wp-json\/wp\/v2\/comments?post=592257"}],"version-history":[{"count":0,"href":"https:\/\/www.europesays.com\/fr\/wp-json\/wp\/v2\/posts\/592257\/revisions"}],"wp:featuredmedia":[{"embeddable":true,"href":"https:\/\/www.europesays.com\/fr\/wp-json\/wp\/v2\/media\/592258"}],"wp:attachment":[{"href":"https:\/\/www.europesays.com\/fr\/wp-json\/wp\/v2\/media?parent=592257"}],"wp:term":[{"taxonomy":"category","embeddable":true,"href":"https:\/\/www.europesays.com\/fr\/wp-json\/wp\/v2\/categories?post=592257"},{"taxonomy":"post_tag","embeddable":true,"href":"https:\/\/www.europesays.com\/fr\/wp-json\/wp\/v2\/tags?post=592257"}],"curies":[{"name":"wp","href":"https:\/\/api.w.org\/{rel}","templated":true}]}}