{"id":592263,"date":"2025-12-11T06:54:17","date_gmt":"2025-12-11T06:54:17","guid":{"rendered":"https:\/\/www.europesays.com\/fr\/592263\/"},"modified":"2025-12-11T06:54:17","modified_gmt":"2025-12-11T06:54:17","slug":"thorigne-fouillard-la-danse-du-voile-tableau-prime-par-le-public","status":"publish","type":"post","link":"https:\/\/www.europesays.com\/fr\/592263\/","title":{"rendered":"Thorign\u00e9-Fouillard. La danse du voile, tableau prim\u00e9 par le public"},"content":{"rendered":"<p>Le 34e salon de peinture vient de refermer sa galerie apr\u00e8s avoir re\u00e7u 2\u00a0092\u00a0visiteurs. Et c\u2019est Catherine Por\u00e9e qui a re\u00e7u le prix du public pour son huile La danse du voile. \u00a0J\u2019ai d\u00e9j\u00e0 eu le prix du public l\u2019an dernier avec Duel sensoriel, alors c\u2019est vraiment une surprise, avoue Catherine Por\u00e9e. J\u2019ai r\u00e9alis\u00e9 diff\u00e9rents tableaux sur le th\u00e8me du voilage avec un travail sur la lumi\u00e8re qui est un peu mon fer de lance. Je ne suis pas m\u00e9contente du r\u00e9sultat et en plus si cela a s\u00e9duit le public.\u00a0<\/p>\n<p>Les deux peintres Olivier Desvaux et Marl\u00e8ne Millon \u00e9taient invit\u00e9s d\u2019honneur. Olivier Desvaux, peintre officiel de la Marine, et habitu\u00e9 des expositions, a soulign\u00e9. \u00a0C\u2019est un salon de qualit\u00e9 avec une exigence dans la ligne artistique, et apr\u00e8s cette 34e exposition on a envie d\u2019en voir encore d\u2019avantage\u00a0.<\/p>\n<p>Depuis la cr\u00e9ation du salon, la municipalit\u00e9 met \u00e0 profit la venue des artistes pour acqu\u00e9rir une ou des \u0153uvres qui seront expos\u00e9s dans les locaux de la mairie. Cette ann\u00e9e c\u2019est Descente vers la baie d\u2019Olivier Desvaux qui a \u00e9t\u00e9 achet\u00e9e.<\/p>\n<p>\u00a0<\/p>\n","protected":false},"excerpt":{"rendered":"Le 34e salon de peinture vient de refermer sa galerie apr\u00e8s avoir re\u00e7u 2\u00a0092\u00a0visiteurs. Et c\u2019est Catherine Por\u00e9e&hellip;\n","protected":false},"author":2,"featured_media":592264,"comment_status":"","ping_status":"","sticky":false,"template":"","format":"standard","meta":{"footnotes":""},"categories":[2821],"tags":[1111,11,829,5972,1777,674,1011,27,12,9483,3532,3086,584,25,3898,4182,10887],"class_list":{"0":"post-592263","1":"post","2":"type-post","3":"status-publish","4":"format-standard","5":"has-post-thumbnail","7":"category-rennes","8":"tag-actu","9":"tag-actualites","10":"tag-bretagne","11":"tag-danse","12":"tag-eu","13":"tag-europe","14":"tag-fr","15":"tag-france","16":"tag-news","17":"tag-prime","18":"tag-public","19":"tag-redon","20":"tag-rennes","21":"tag-republique-francaise","22":"tag-tableau","23":"tag-thorigne-fouillard","24":"tag-voile"},"share_on_mastodon":{"url":"https:\/\/pubeurope.com\/@fr\/115699624534977365","error":""},"_links":{"self":[{"href":"https:\/\/www.europesays.com\/fr\/wp-json\/wp\/v2\/posts\/592263","targetHints":{"allow":["GET"]}}],"collection":[{"href":"https:\/\/www.europesays.com\/fr\/wp-json\/wp\/v2\/posts"}],"about":[{"href":"https:\/\/www.europesays.com\/fr\/wp-json\/wp\/v2\/types\/post"}],"author":[{"embeddable":true,"href":"https:\/\/www.europesays.com\/fr\/wp-json\/wp\/v2\/users\/2"}],"replies":[{"embeddable":true,"href":"https:\/\/www.europesays.com\/fr\/wp-json\/wp\/v2\/comments?post=592263"}],"version-history":[{"count":0,"href":"https:\/\/www.europesays.com\/fr\/wp-json\/wp\/v2\/posts\/592263\/revisions"}],"wp:featuredmedia":[{"embeddable":true,"href":"https:\/\/www.europesays.com\/fr\/wp-json\/wp\/v2\/media\/592264"}],"wp:attachment":[{"href":"https:\/\/www.europesays.com\/fr\/wp-json\/wp\/v2\/media?parent=592263"}],"wp:term":[{"taxonomy":"category","embeddable":true,"href":"https:\/\/www.europesays.com\/fr\/wp-json\/wp\/v2\/categories?post=592263"},{"taxonomy":"post_tag","embeddable":true,"href":"https:\/\/www.europesays.com\/fr\/wp-json\/wp\/v2\/tags?post=592263"}],"curies":[{"name":"wp","href":"https:\/\/api.w.org\/{rel}","templated":true}]}}