{"id":592267,"date":"2025-12-11T06:56:12","date_gmt":"2025-12-11T06:56:12","guid":{"rendered":"https:\/\/www.europesays.com\/fr\/592267\/"},"modified":"2025-12-11T06:56:12","modified_gmt":"2025-12-11T06:56:12","slug":"oberhausbergen-une-exploitation-agricole-prend-feu-route-de-saverne","status":"publish","type":"post","link":"https:\/\/www.europesays.com\/fr\/592267\/","title":{"rendered":"Oberhausbergen. Une exploitation agricole prend feu route de Saverne"},"content":{"rendered":"<p>Les sapeurs-pompiers sont intervenus mercredi soir pour l\u2019incendie d\u2019une exploitation agricole, route de Saverne \u00e0 Oberhausbergen. Le feu concernait un hangar de 1 000 m\u00b2 renfermant des engins agricoles ainsi qu\u2019une grande quantit\u00e9 de fourrage. Des produits phytosanitaires ont \u00e9t\u00e9 \u00e9vacu\u00e9s afin d\u2019\u00e9viter leur exposition au flux thermique.<\/p>\n<p>Un b\u00e2timent voisin, soumis \u00e0 un rayonnement thermique, abritait 28 chevaux et 100 bovins, qui ont tous pu \u00eatre \u00e9vacu\u00e9s \u00e0 temps. L\u2019action des 57 sapeurs-pompiers engag\u00e9s, gr\u00e2ce \u00e0 la mise en oeuvre de cinq lances au sol et de deux canons, a permis d\u2019emp\u00eacher la propagation de l\u2019incendie au second b\u00e2timent. La pr\u00e9sence d\u2019une toiture en fibrociment a n\u00e9cessit\u00e9 l\u2019application d\u2019une proc\u00e9dure sp\u00e9cifique.<\/p>\n<p>La route est barr\u00e9e entre le giratoire D41\/D866 et le giratoire D41\/M563. Une d\u00e9viation a \u00e9t\u00e9 mise en place par la\u00a0D866 Dingsheim puis la D31 Mittelhausbergen.<\/p>\n","protected":false},"excerpt":{"rendered":"Les sapeurs-pompiers sont intervenus mercredi soir pour l\u2019incendie d\u2019une exploitation agricole, route de Saverne \u00e0 Oberhausbergen. Le feu&hellip;\n","protected":false},"author":2,"featured_media":592268,"comment_status":"","ping_status":"","sticky":false,"template":"","format":"standard","meta":{"footnotes":""},"categories":[2820],"tags":[1111,11,2880,1777,674,274,107,1011,27,775,1310,12,17351,25,640],"class_list":{"0":"post-592267","1":"post","2":"type-post","3":"status-publish","4":"format-standard","5":"has-post-thumbnail","7":"category-strasbourg","8":"tag-actu","9":"tag-actualites","10":"tag-edition-strasbourg","11":"tag-eu","12":"tag-europe","13":"tag-faits-divers-justice","14":"tag-fil-info","15":"tag-fr","16":"tag-france","17":"tag-grand-est","18":"tag-incendie","19":"tag-news","20":"tag-oberhausbergen","21":"tag-republique-francaise","22":"tag-strasbourg"},"share_on_mastodon":{"url":"https:\/\/pubeurope.com\/@fr\/115699632295481617","error":""},"_links":{"self":[{"href":"https:\/\/www.europesays.com\/fr\/wp-json\/wp\/v2\/posts\/592267","targetHints":{"allow":["GET"]}}],"collection":[{"href":"https:\/\/www.europesays.com\/fr\/wp-json\/wp\/v2\/posts"}],"about":[{"href":"https:\/\/www.europesays.com\/fr\/wp-json\/wp\/v2\/types\/post"}],"author":[{"embeddable":true,"href":"https:\/\/www.europesays.com\/fr\/wp-json\/wp\/v2\/users\/2"}],"replies":[{"embeddable":true,"href":"https:\/\/www.europesays.com\/fr\/wp-json\/wp\/v2\/comments?post=592267"}],"version-history":[{"count":0,"href":"https:\/\/www.europesays.com\/fr\/wp-json\/wp\/v2\/posts\/592267\/revisions"}],"wp:featuredmedia":[{"embeddable":true,"href":"https:\/\/www.europesays.com\/fr\/wp-json\/wp\/v2\/media\/592268"}],"wp:attachment":[{"href":"https:\/\/www.europesays.com\/fr\/wp-json\/wp\/v2\/media?parent=592267"}],"wp:term":[{"taxonomy":"category","embeddable":true,"href":"https:\/\/www.europesays.com\/fr\/wp-json\/wp\/v2\/categories?post=592267"},{"taxonomy":"post_tag","embeddable":true,"href":"https:\/\/www.europesays.com\/fr\/wp-json\/wp\/v2\/tags?post=592267"}],"curies":[{"name":"wp","href":"https:\/\/api.w.org\/{rel}","templated":true}]}}