{"id":592269,"date":"2025-12-11T06:57:15","date_gmt":"2025-12-11T06:57:15","guid":{"rendered":"https:\/\/www.europesays.com\/fr\/592269\/"},"modified":"2025-12-11T06:57:15","modified_gmt":"2025-12-11T06:57:15","slug":"aberdeen-strasbourg-en-direct-a-quelle-heure-et-sur-quelle-chaine-voir-le-match","status":"publish","type":"post","link":"https:\/\/www.europesays.com\/fr\/592269\/","title":{"rendered":"Aberdeen &#8211; Strasbourg en direct : \u00e0 quelle heure et sur quelle cha\u00eene voir le match ?"},"content":{"rendered":"<p class=\"paragraph text_align_left lp-f-body-02\">Au terme des quatre premi\u00e8res journ\u00e9es de l\u2019UEFA Europa Conference League, Aberdeen occupe la trente-troisi\u00e8me place du classement. Jusqu\u2019\u00e0 pr\u00e9sent, le club \u00e9cossais a encha\u00een\u00e9 quatre matchs sans victoire. Apr\u00e8s les deux d\u00e9faites conc\u00e9d\u00e9es au Shakhtar et \u00e0 l\u2019AEK Athens, les hommes de Jimmy Thelin ont encha\u00een\u00e9 avec deux nuls (AEK Larnaca et Noah). En position d\u2019\u00e9limination, Aberdeen doit d\u00e9sormais remporter les deux prochaines confrontations pour tenter d\u2019acc\u00e9der aux barrages. En face, Strasbourg est deuxi\u00e8me avec dix points au compteur. \u00c0 l\u2019heure actuelle, les Strasbourgeois sont invaincus avec trois succ\u00e8s (Slovan Bratislava, H\u00e4cken et Crystal Palace) et un nul (Jagiellonia) \u00e0 leur actif. \u00c0 \u00e9galit\u00e9 avec Samsunspor, Strasbourg a l\u2019occasion d\u2019obtenir une qualification directe pour la phase \u00e0 \u00e9limination directe. Pour cela, Liam Rosenior ne pourra pas s\u2019appuyer sur son capitaine Emanuel Emegha, bless\u00e9 \u00e0 la cuisse. En championnat, Strasbourg s\u2019est inclin\u00e9 face \u00e0 Toulouse lors de la quinzi\u00e8me journ\u00e9e de Ligue 1 McDonald\u2019s. Les Strasbourgeois se maintiennent \u00e0 la huiti\u00e8me position du tableau, avec quatre points de retard sur Rennes, la premi\u00e8re \u00e9quipe europ\u00e9enne. Dans ces lignes on vous dit \u00e0 quelle heure et sur quelle cha\u00eene <a href=\"https:\/\/ad.doubleclick.net\/ddm\/trackclk\/N6600.145219.LEPARISIEN.FR\/B32944843.412602242;dc_trk_aid=604786702;dc_trk_cid=228480032;dc_lat=;dc_rdid=;tag_for_child_directed_treatment=;tfua=;gdpr=${GDPR};gdpr_consent=${GDPR_CONSENT_755};ltd=;dc_tdv=1\" target=\"_blank\" rel=\"sponsored noopener\">regarder le match Aberdeen \u2013 Strasbourg en direct ce jeudi soir<\/a>.<\/p>\n<p class=\"paragraph text_align_left lp-f-body-02\"><b>Le match Aberdeen \u2013 Strasbourg est diffus\u00e9 ce jeudi 11 d\u00e9cembre <\/b><a href=\"https:\/\/ad.doubleclick.net\/ddm\/trackclk\/N6600.145219.LEPARISIEN.FR\/B32944843.412602242;dc_trk_aid=604786702;dc_trk_cid=228480032;dc_lat=;dc_rdid=;tag_for_child_directed_treatment=;tfua=;gdpr=${GDPR};gdpr_consent=${GDPR_CONSENT_755};ltd=;dc_tdv=1\" target=\"_blank\" rel=\"sponsored noopener\"><b>en direct sur la cha\u00eene CANAL+FOOT<\/b><\/a><b>. La confrontation aura lieu \u00e0 partir de 21h au Pittodrie Stadium d\u2019Aberdeen.<\/b> L\u2019arbitre Robert Schr\u00f6der a \u00e9t\u00e9 d\u00e9sign\u00e9 pour diriger la rencontre. Il sera assist\u00e9 de Christian Gittelmann et de Robert Wessel. Les arbitres Bastian Dankert et Timo Gerach seront \u00e0 la VAR.<\/p>\n","protected":false},"excerpt":{"rendered":"Au terme des quatre premi\u00e8res journ\u00e9es de l\u2019UEFA Europa Conference League, Aberdeen occupe la trente-troisi\u00e8me place du classement.&hellip;\n","protected":false},"author":2,"featured_media":592270,"comment_status":"","ping_status":"","sticky":false,"template":"","format":"standard","meta":{"footnotes":""},"categories":[2820],"tags":[1111,11,814,1777,674,63,1011,27,775,749,12,25,640,70542,6718],"class_list":{"0":"post-592269","1":"post","2":"type-post","3":"status-publish","4":"format-standard","5":"has-post-thumbnail","7":"category-strasbourg","8":"tag-actu","9":"tag-actualites","10":"tag-direct","11":"tag-eu","12":"tag-europe","13":"tag-football","14":"tag-fr","15":"tag-france","16":"tag-grand-est","17":"tag-guide-shopping","18":"tag-news","19":"tag-republique-francaise","20":"tag-strasbourg","21":"tag-strasbourg-en-direct","22":"tag-tv-streaming"},"share_on_mastodon":{"url":"https:\/\/pubeurope.com\/@fr\/115699636215903182","error":""},"_links":{"self":[{"href":"https:\/\/www.europesays.com\/fr\/wp-json\/wp\/v2\/posts\/592269","targetHints":{"allow":["GET"]}}],"collection":[{"href":"https:\/\/www.europesays.com\/fr\/wp-json\/wp\/v2\/posts"}],"about":[{"href":"https:\/\/www.europesays.com\/fr\/wp-json\/wp\/v2\/types\/post"}],"author":[{"embeddable":true,"href":"https:\/\/www.europesays.com\/fr\/wp-json\/wp\/v2\/users\/2"}],"replies":[{"embeddable":true,"href":"https:\/\/www.europesays.com\/fr\/wp-json\/wp\/v2\/comments?post=592269"}],"version-history":[{"count":0,"href":"https:\/\/www.europesays.com\/fr\/wp-json\/wp\/v2\/posts\/592269\/revisions"}],"wp:featuredmedia":[{"embeddable":true,"href":"https:\/\/www.europesays.com\/fr\/wp-json\/wp\/v2\/media\/592270"}],"wp:attachment":[{"href":"https:\/\/www.europesays.com\/fr\/wp-json\/wp\/v2\/media?parent=592269"}],"wp:term":[{"taxonomy":"category","embeddable":true,"href":"https:\/\/www.europesays.com\/fr\/wp-json\/wp\/v2\/categories?post=592269"},{"taxonomy":"post_tag","embeddable":true,"href":"https:\/\/www.europesays.com\/fr\/wp-json\/wp\/v2\/tags?post=592269"}],"curies":[{"name":"wp","href":"https:\/\/api.w.org\/{rel}","templated":true}]}}