{"id":592275,"date":"2025-12-11T07:03:11","date_gmt":"2025-12-11T07:03:11","guid":{"rendered":"https:\/\/www.europesays.com\/fr\/592275\/"},"modified":"2025-12-11T07:03:11","modified_gmt":"2025-12-11T07:03:11","slug":"cette-commune-pres-de-nantes-alerte","status":"publish","type":"post","link":"https:\/\/www.europesays.com\/fr\/592275\/","title":{"rendered":"cette commune pr\u00e8s de Nantes alerte"},"content":{"rendered":"<p>                    Par<br \/>\n        <strong><br \/>\n            <a href=\"https:\/\/actu.fr\/auteur\/laure-gentil\" title=\"Consulter tous les articles de Laure Gentil\" target=\"_blank\" rel=\"noopener\">Laure Gentil<\/a><br \/>\n                    <\/strong><\/p>\n<p>        Publi\u00e9 le<\/p>\n<p>            11 d\u00e9c. 2025 \u00e0 7h00        <\/p>\n<p>La <b>commune d\u2019Orvault<\/b>, pr\u00e8s de Nantes, a envoy\u00e9 un message de pr\u00e9vention gr\u00e2ce \u00e0 son dispositif Quartiers Attentifs ce mercredi 10 d\u00e9cembre 2025. Dedans, elle alerte ses habitants que la police a remarqu\u00e9 une <b>recrudescence des vols de colis <\/b>en raison de la p\u00e9riode des f\u00eates.\u00a0<\/p>\n<p class=\" wall-content\">\u00ab\u00a0Les bo\u00eetes aux lettres, notamment dans les r\u00e9sidences collectives, sont particuli\u00e8rement cibl\u00e9es par les auteurs\u00a0\u00bb, pr\u00e9cise la commune d\u2019<a href=\"https:\/\/actu.fr\/pays-de-la-loire\/orvault_44114\" target=\"_blank\" rel=\"noopener\">Orvault<\/a>.<\/p>\n<p>Comment \u00e9viter les vols ?<\/p>\n<p class=\" wall-content\">Orvault donne des conseils pour \u00e9viter ces vols : privil\u00e9gier la remise en main propre des colis, le r\u00e9cup\u00e9rer imm\u00e9diatement apr\u00e8s notification de livraison ou encore renforcer la s\u00e9curit\u00e9 de sa bo\u00eete aux lettres (particuli\u00e8rement en v\u00e9rifiant la solidit\u00e9 de la serrure).<\/p>\n<p class=\" wall-content\"><b>En cas de vol, <\/b>il n\u2019est pas n\u00e9cessaire de se d\u00e9placer au commissariat ou \u00e0 la gendarmerie pour porter plainte, <a href=\"https:\/\/url.de.m.mimecastprotect.com\/s\/KmB0CgpAMqTrRJ1zS3syF4BGw2?domain=orvault.fr\" target=\"_blank\" rel=\"noopener\">il est possible de le faire en ligne en cliquant ici.\u00a0<\/a><\/p>\n<p class=\" wall-content\">Personnalisez votre actualit\u00e9 en ajoutant vos villes et m\u00e9dias en favori avec <a href=\"https:\/\/moncompte.actu.fr\" title=\"D\u00e9couvez Mon Actu\" rel=\"nofollow noopener\" data-trk=\"{&quot;cta&quot;:{&quot;action&quot;:&quot;https:\\\/\\\/moncompte.actu.fr&quot;,&quot;category&quot;:&quot;mon compte&quot;,&quot;from&quot;:&quot;article footer&quot;,&quot;name&quot;:&quot;Mon actu&quot;,&quot;type&quot;:&quot;cta&quot;}}\" target=\"_blank\">Mon Actu<\/a>.<\/p>\n","protected":false},"excerpt":{"rendered":"Par Laure Gentil Publi\u00e9 le 11 d\u00e9c. 2025 \u00e0 7h00 La commune d\u2019Orvault, pr\u00e8s de Nantes, a envoy\u00e9&hellip;\n","protected":false},"author":2,"featured_media":592276,"comment_status":"","ping_status":"","sticky":false,"template":"","format":"standard","meta":{"footnotes":""},"categories":[2818],"tags":[1111,11,1777,674,118,1011,27,766,12,15830,2636,1072,25],"class_list":{"0":"post-592275","1":"post","2":"type-post","3":"status-publish","4":"format-standard","5":"has-post-thumbnail","7":"category-nantes","8":"tag-actu","9":"tag-actualites","10":"tag-eu","11":"tag-europe","12":"tag-faits-divers","13":"tag-fr","14":"tag-france","15":"tag-nantes","16":"tag-news","17":"tag-noel","18":"tag-pays-de-la-loire","19":"tag-police","20":"tag-republique-francaise"},"share_on_mastodon":{"url":"https:\/\/pubeurope.com\/@fr\/115699659879486584","error":""},"_links":{"self":[{"href":"https:\/\/www.europesays.com\/fr\/wp-json\/wp\/v2\/posts\/592275","targetHints":{"allow":["GET"]}}],"collection":[{"href":"https:\/\/www.europesays.com\/fr\/wp-json\/wp\/v2\/posts"}],"about":[{"href":"https:\/\/www.europesays.com\/fr\/wp-json\/wp\/v2\/types\/post"}],"author":[{"embeddable":true,"href":"https:\/\/www.europesays.com\/fr\/wp-json\/wp\/v2\/users\/2"}],"replies":[{"embeddable":true,"href":"https:\/\/www.europesays.com\/fr\/wp-json\/wp\/v2\/comments?post=592275"}],"version-history":[{"count":0,"href":"https:\/\/www.europesays.com\/fr\/wp-json\/wp\/v2\/posts\/592275\/revisions"}],"wp:featuredmedia":[{"embeddable":true,"href":"https:\/\/www.europesays.com\/fr\/wp-json\/wp\/v2\/media\/592276"}],"wp:attachment":[{"href":"https:\/\/www.europesays.com\/fr\/wp-json\/wp\/v2\/media?parent=592275"}],"wp:term":[{"taxonomy":"category","embeddable":true,"href":"https:\/\/www.europesays.com\/fr\/wp-json\/wp\/v2\/categories?post=592275"},{"taxonomy":"post_tag","embeddable":true,"href":"https:\/\/www.europesays.com\/fr\/wp-json\/wp\/v2\/tags?post=592275"}],"curies":[{"name":"wp","href":"https:\/\/api.w.org\/{rel}","templated":true}]}}