{"id":592277,"date":"2025-12-11T07:04:16","date_gmt":"2025-12-11T07:04:16","guid":{"rendered":"https:\/\/www.europesays.com\/fr\/592277\/"},"modified":"2025-12-11T07:04:16","modified_gmt":"2025-12-11T07:04:16","slug":"luis-castro-demis-de-ses-fonctions-a-nantes-un-ex-lensois-va-le-remplacer","status":"publish","type":"post","link":"https:\/\/www.europesays.com\/fr\/592277\/","title":{"rendered":"Luis Castro d\u00e9mis de ses fonctions \u00e0 Nantes, un ex Lensois va le remplacer"},"content":{"rendered":"<p>La d\u00e9faite 2-1 subie par Nantes face au<strong> RC Lens<\/strong> aura \u00e9t\u00e9 fatale \u00e0 <strong>Luis Castro<\/strong>. Le technicien portugais a \u00e9t\u00e9 d\u00e9mis de ses fonctions. Une nouvelle qu\u2019il a appris quelques heures apr\u00e8s avoir tenue la traditionnelle conf\u00e9rence de presse d\u2019avant-match, alors que les Canaris ouvriront la 16e journ\u00e9e de Ligue 1 vendredi \u00e0 Angers.<\/p>\n<p>Comme l\u2019annonce <a href=\"https:\/\/www.lequipe.fr\/Football\/Actualites\/Luis-castro-n-est-plus-l-entraineur-du-fc-nantes-ahmed-kantari-va-le-remplacer\/1616017\" target=\"_blank\" rel=\"noopener\">L\u2019Equipe<\/a>, c\u2019est un ancien du <strong>RC Lens<\/strong> qui le remplacera, mais \u00e7a ne sera pas<strong> Will Still<\/strong>, dont le nom a \u00e9t\u00e9 souffl\u00e9 ces derniers jours. Sous r\u00e9serve d\u2019officialisation, Waldemar Kita a d\u00e9cid\u00e9 de faire confiance \u00e0<strong> Ahmed Kantari<\/strong>, ex capitaine des Sang et Or (2013 \u00e0 2015).<\/p>\n<p>Retour \u00e0 la Joneli\u00e8re<\/p>\n<p><img loading=\"lazy\" decoding=\"async\" class=\"size-medium wp-image-96938 aligncenter lazyload\" alt=\"\" width=\"600\" height=\"400\" src=\"https:\/\/www.europesays.com\/fr\/wp-content\/uploads\/2025\/12\/Kantari_Lens_071214_38-600x400.jpg\"  data- data-eio-rwidth=\"600\" data-eio-rheight=\"400\"\/><\/p>\n<p>L\u2019ancien d\u00e9fenseur, aujourd\u2019hui \u00e2g\u00e9 de 40 ans, va ainsi revenir \u00e0 Nantes apr\u00e8s avoir \u00e9paul\u00e9 <strong>Antoine Kombouar\u00e9<\/strong> en tant qu\u2019adjoint lors de la 2e partie de la saison 2024-2025. Il officiait depuis le d\u00e9but de l\u2019exercice en cours aupr\u00e8s de la plateforme Ligue 1+ en tant que consultant. Il a d\u00e9j\u00e0 occup\u00e9 le r\u00f4le d\u2019entra\u00eeneur principal, \u00e0 Valenciennes en Ligue 2. Ce sera une premi\u00e8re pour lui en Ligue 1. Il aura pour mission d\u2019\u00e9viter la rel\u00e9gation au FC Nantes, 17e et avant-dernier avec seulement 11 points au compteur, \u00e0 4 longueurs du Havre, 15e.<\/p>\n","protected":false},"excerpt":{"rendered":"La d\u00e9faite 2-1 subie par Nantes face au RC Lens aura \u00e9t\u00e9 fatale \u00e0 Luis Castro. Le technicien&hellip;\n","protected":false},"author":2,"featured_media":592278,"comment_status":"","ping_status":"","sticky":false,"template":"","format":"standard","meta":{"footnotes":""},"categories":[2818],"tags":[1111,11,1777,674,1011,27,766,12,2636,25],"class_list":{"0":"post-592277","1":"post","2":"type-post","3":"status-publish","4":"format-standard","5":"has-post-thumbnail","7":"category-nantes","8":"tag-actu","9":"tag-actualites","10":"tag-eu","11":"tag-europe","12":"tag-fr","13":"tag-france","14":"tag-nantes","15":"tag-news","16":"tag-pays-de-la-loire","17":"tag-republique-francaise"},"share_on_mastodon":{"url":"https:\/\/pubeurope.com\/@fr\/115699664753166534","error":""},"_links":{"self":[{"href":"https:\/\/www.europesays.com\/fr\/wp-json\/wp\/v2\/posts\/592277","targetHints":{"allow":["GET"]}}],"collection":[{"href":"https:\/\/www.europesays.com\/fr\/wp-json\/wp\/v2\/posts"}],"about":[{"href":"https:\/\/www.europesays.com\/fr\/wp-json\/wp\/v2\/types\/post"}],"author":[{"embeddable":true,"href":"https:\/\/www.europesays.com\/fr\/wp-json\/wp\/v2\/users\/2"}],"replies":[{"embeddable":true,"href":"https:\/\/www.europesays.com\/fr\/wp-json\/wp\/v2\/comments?post=592277"}],"version-history":[{"count":0,"href":"https:\/\/www.europesays.com\/fr\/wp-json\/wp\/v2\/posts\/592277\/revisions"}],"wp:featuredmedia":[{"embeddable":true,"href":"https:\/\/www.europesays.com\/fr\/wp-json\/wp\/v2\/media\/592278"}],"wp:attachment":[{"href":"https:\/\/www.europesays.com\/fr\/wp-json\/wp\/v2\/media?parent=592277"}],"wp:term":[{"taxonomy":"category","embeddable":true,"href":"https:\/\/www.europesays.com\/fr\/wp-json\/wp\/v2\/categories?post=592277"},{"taxonomy":"post_tag","embeddable":true,"href":"https:\/\/www.europesays.com\/fr\/wp-json\/wp\/v2\/tags?post=592277"}],"curies":[{"name":"wp","href":"https:\/\/api.w.org\/{rel}","templated":true}]}}