{"id":592293,"date":"2025-12-11T07:12:16","date_gmt":"2025-12-11T07:12:16","guid":{"rendered":"https:\/\/www.europesays.com\/fr\/592293\/"},"modified":"2025-12-11T07:12:16","modified_gmt":"2025-12-11T07:12:16","slug":"le-prefet-ne-ferme-pas-completement-la-porte","status":"publish","type":"post","link":"https:\/\/www.europesays.com\/fr\/592293\/","title":{"rendered":"le pr\u00e9fet ne ferme pas compl\u00e8tement la porte"},"content":{"rendered":"<p>Avec <a href=\"https:\/\/www.laprovence.com\/article\/region\/31653528322488\/marseille-le-prefet-enterre-le-projet-de-salle-de-shoot\" target=\"_blank\" rel=\"noopener\">Georges-Fran\u00e7ois Leclerc<\/a>, son pr\u00e9d\u00e9cesseur, le d\u00e9bat \u00e9tait clos\u00a0: lui pr\u00e9fet, il n&rsquo;y aurait pas de halte soins addiction autrement dit de \u00ab\u00a0salle de shoot\u00a0\u00bb \u00e0 Marseille, lieu r\u00e9clam\u00e9 par les milieux associatifs qui suivent les toxicomanes et d\u00e9sormais par certains collectifs d&rsquo;habitants du centre-ville confront\u00e9s au quotidien \u00e0 la consommation de drogue.<\/p>\n<p>Le discours sur le sujet est moins radical du c\u00f4t\u00e9 de <a href=\"https:\/\/www.laprovence.com\/article\/region\/247630401730514\/le-nouveau-prefet-de-region-jacques-witkowski-promet-la-ferocite-republicaine-a-ceux-qui-troublent-l-ordre-public\" target=\"_blank\" rel=\"noopener\">Jacques Witkowski<\/a>, qui a pris ses fonctions\u00a0le 1er\u00a0d\u00e9cembre dernier. Au lendemain d&rsquo;une op\u00e9ration tr\u00e8s d\u00e9monstrative de lutte contre le narcotrafic qui a mobilis\u00e9 1\u00a0500 policiers, le nouveau pr\u00e9fet de R\u00e9gion, interrog\u00e9 par la presse, ne ferme pas compl\u00e8tement la porte. \u00ab\u00a0Il y a deux approches possibles\u00a0: une\u00a0s\u00e9curitaire &#8211; on ne peut pas consommer de stup\u00e9fiants &#8211; et une plus pragmatique &#8211;\u00a0les consommateurs sont l\u00e0, autant en accompagner le plus possible m\u00e9dicalement et socialement\u00a0\u00bb. Et si \u00ab\u00a0intellectuellement\u00a0\u00bb, <a href=\"https:\/\/www.laprovence.com\/article\/france-monde\/98485994797368\/operation-de-police-dampleur-a-marseille-15-points-de-deal-vises\" target=\"_blank\" rel=\"noopener\">l&rsquo;ancien officier de gendarmerie<\/a> qu&rsquo;il a \u00e9t\u00e9 penche pour la version r\u00e9pressive, il ne s&rsquo;oppose pas d&rsquo;entr\u00e9e jeu \u00e0 un projet\u00a0: \u00ab\u00a0Si l&rsquo;ARS me d\u00e9montre l&rsquo;int\u00e9r\u00eat sanitaire et si il y a un consensus autour des acteurs\u2026\u00a0\u00bb.<\/p>\n<p> Lors de son pr\u00e9c\u00e9dent poste dans le Bas-Rhin, il a pu observer l&rsquo;une des seules salles de consommation \u00e0 moindres risques qui existent<a href=\"https:\/\/www.laprovence.com\/article\/region\/2423348897865815\/salle-de-shoot-medecins-du-monde-attaque-l-etat-pour-reclamer-l-ouverture-d-une-halte-soins-addictions-a-marseille\" target=\"_blank\" rel=\"noopener\"> en France<\/a>. \u00ab\u00a0\u00c0 Strasbourg, cela fonctionnait plut\u00f4t pas mal dans un lieu bien accept\u00e9 (au sein de l&rsquo;h\u00f4pital, Ndlr) par les voisins et sans opposition de la police. Le lieu d&rsquo;implantation est capital\u00a0\u00bb. \u00ab\u00a0Les salles de Paris et Strasbourg montrent les m\u00eames r\u00e9sultats qu&rsquo;ailleurs dans le monde\u00a0: elles diminuent les pratiques d&rsquo;injection \u00e0 risque, le nombre d&rsquo;injections dans l&rsquo;espace public, le risque d&rsquo;overdoses, le risque d&rsquo;aller aux urgences et la probabilit\u00e9 de commettre des d\u00e9lits\u00a0\u00bb, r\u00e9sumait, en\u00a02021, Marie Jauffret-Roustide, sociologue, coordinatrice d&rsquo;une \u00e9tude publi\u00e9e par l&rsquo;Inserm sur l&rsquo;activit\u00e9 \u00e0 titre exp\u00e9rimental des sites de Strasbourg et de Paris.<\/p>\n","protected":false},"excerpt":{"rendered":"Avec Georges-Fran\u00e7ois Leclerc, son pr\u00e9d\u00e9cesseur, le d\u00e9bat \u00e9tait clos\u00a0: lui pr\u00e9fet, il n&rsquo;y aurait pas de halte soins&hellip;\n","protected":false},"author":2,"featured_media":592294,"comment_status":"","ping_status":"","sticky":false,"template":"","format":"standard","meta":{"footnotes":""},"categories":[2814],"tags":[17,1111,11,14169,1777,674,9095,1011,27,884,12,5261,316,14583,882,25,8878,8879],"class_list":{"0":"post-592293","1":"post","2":"type-post","3":"status-publish","4":"format-standard","5":"has-post-thumbnail","7":"category-marseille","8":"tag-17","9":"tag-actu","10":"tag-actualites","11":"tag-completement","12":"tag-eu","13":"tag-europe","14":"tag-ferme","15":"tag-fr","16":"tag-france","17":"tag-marseille","18":"tag-news","19":"tag-pas","20":"tag-politique","21":"tag-prefet","22":"tag-provence-alpes-cote-dazur","23":"tag-republique-francaise","24":"tag-salle","25":"tag-shoot"},"share_on_mastodon":{"url":"https:\/\/pubeurope.com\/@fr\/115699695325962835","error":""},"_links":{"self":[{"href":"https:\/\/www.europesays.com\/fr\/wp-json\/wp\/v2\/posts\/592293","targetHints":{"allow":["GET"]}}],"collection":[{"href":"https:\/\/www.europesays.com\/fr\/wp-json\/wp\/v2\/posts"}],"about":[{"href":"https:\/\/www.europesays.com\/fr\/wp-json\/wp\/v2\/types\/post"}],"author":[{"embeddable":true,"href":"https:\/\/www.europesays.com\/fr\/wp-json\/wp\/v2\/users\/2"}],"replies":[{"embeddable":true,"href":"https:\/\/www.europesays.com\/fr\/wp-json\/wp\/v2\/comments?post=592293"}],"version-history":[{"count":0,"href":"https:\/\/www.europesays.com\/fr\/wp-json\/wp\/v2\/posts\/592293\/revisions"}],"wp:featuredmedia":[{"embeddable":true,"href":"https:\/\/www.europesays.com\/fr\/wp-json\/wp\/v2\/media\/592294"}],"wp:attachment":[{"href":"https:\/\/www.europesays.com\/fr\/wp-json\/wp\/v2\/media?parent=592293"}],"wp:term":[{"taxonomy":"category","embeddable":true,"href":"https:\/\/www.europesays.com\/fr\/wp-json\/wp\/v2\/categories?post=592293"},{"taxonomy":"post_tag","embeddable":true,"href":"https:\/\/www.europesays.com\/fr\/wp-json\/wp\/v2\/tags?post=592293"}],"curies":[{"name":"wp","href":"https:\/\/api.w.org\/{rel}","templated":true}]}}