{"id":592295,"date":"2025-12-11T07:13:22","date_gmt":"2025-12-11T07:13:22","guid":{"rendered":"https:\/\/www.europesays.com\/fr\/592295\/"},"modified":"2025-12-11T07:13:22","modified_gmt":"2025-12-11T07:13:22","slug":"agences-le-top-5-des-articles-les-plus-lus-en-2025","status":"publish","type":"post","link":"https:\/\/www.europesays.com\/fr\/592295\/","title":{"rendered":"Agences\u00a0: le top 5 des articles les plus lus en 2025"},"content":{"rendered":"<p class=\"article_excerpt__uS6CH\">L\u2019ann\u00e9e est pass\u00e9e si vite\u00a0! Il est temps de nous replonger dans les articles qui vous ont le plus int\u00e9ress\u00e9s. La rubrique \u00ab agences\u00a0\u00bb est l\u2019une des plus fr\u00e9quent\u00e9es du site avec 284 articles au compteur (pour l\u2019instant\u00a0!).<\/p>\n<p>Partager ce contenu :<\/p>\n<p><a href=\"mailto:?subject=Agences\u00a0: le top 5 des articles les plus lus en 2025 - OURS&amp;body=Je souhaite vous partager cet article https%3A%2F%2Fourscom.fr%2Factualites%2Fagences%2Fagences-le-top-5-des-articles-les-plus-lus-en-2025 publi\u00e9 sur OUR(S) - Le m\u00e9dia de la communication. %0D%0A %0D%0A Pour ne rien rater de l'actualit\u00e9 du secteur de la communication en Auvergne-Rh\u00f4ne-Alpes, inscrivez vous gratuitement \u00e0 notre newsletter quotidienne depuis ce lien : http:\/\/bit.ly\/Le4Heures %0D%0A %0D%0A Bonne lecture !\" class=\"article_emailShare__OWLjc\"><img alt=\"icon-mail\" loading=\"lazy\" width=\"16\" height=\"13\" decoding=\"async\" data-nimg=\"1\" style=\"color:transparent\" src=\"https:\/\/ourscom.fr\/_next\/static\/media\/paper-email.6c3cad4c.svg\"\/><\/a><img alt=\"icon-print\" loading=\"lazy\" decoding=\"async\" data-nimg=\"fill\" style=\"position:absolute;height:100%;width:100%;left:0;top:0;right:0;bottom:0;color:transparent\" src=\"https:\/\/ourscom.fr\/_next\/static\/media\/print.1f74a0f4.svg\"\/><img alt=\"Agences\u00a0: le top 5 des articles les plus lus en 2025\" loading=\"lazy\" decoding=\"async\" data-nimg=\"fill\" style=\"position:absolute;height:100%;width:100%;left:0;top:0;right:0;bottom:0;color:transparent\"   src=\"https:\/\/www.europesays.com\/fr\/wp-content\/uploads\/2025\/12\/1765437202_289_image\"\/><\/p>\n<p>11 d\u00e9cembre 2025<\/p>\n<p>-Par Lola BonduPour lire cet article, rejoignez-nous&#8230;<\/p>\n<p>D\u00e9couvrez de fa\u00e7on privil\u00e9gi\u00e9e le m\u00e9dia et nos services en vous cr\u00e9ant un compte sur OUR(S)<\/p>\n<p>S&rsquo;inscrire ou Se connecter<\/p>\n<p><img alt=\"bear-glass-crop\" loading=\"lazy\" width=\"219\" height=\"147\" decoding=\"async\" data-nimg=\"1\" style=\"color:transparent\" src=\"https:\/\/ourscom.fr\/_next\/static\/media\/bear-phone-reverse.9f1174b1.svg\"\/><\/p>\n","protected":false},"excerpt":{"rendered":"L\u2019ann\u00e9e est pass\u00e9e si vite\u00a0! Il est temps de nous replonger dans les articles qui vous ont le&hellip;\n","protected":false},"author":2,"featured_media":592296,"comment_status":"","ping_status":"","sticky":false,"template":"","format":"standard","meta":{"footnotes":""},"categories":[1889],"tags":[1111,11,2430,1777,674,1011,27,2428,12,25],"class_list":{"0":"post-592295","1":"post","2":"type-post","3":"status-publish","4":"format-standard","5":"has-post-thumbnail","7":"category-lyon","8":"tag-actu","9":"tag-actualites","10":"tag-auvergne-rhone-alpes","11":"tag-eu","12":"tag-europe","13":"tag-fr","14":"tag-france","15":"tag-lyon","16":"tag-news","17":"tag-republique-francaise"},"share_on_mastodon":{"url":"https:\/\/pubeurope.com\/@fr\/115699701640213417","error":""},"_links":{"self":[{"href":"https:\/\/www.europesays.com\/fr\/wp-json\/wp\/v2\/posts\/592295","targetHints":{"allow":["GET"]}}],"collection":[{"href":"https:\/\/www.europesays.com\/fr\/wp-json\/wp\/v2\/posts"}],"about":[{"href":"https:\/\/www.europesays.com\/fr\/wp-json\/wp\/v2\/types\/post"}],"author":[{"embeddable":true,"href":"https:\/\/www.europesays.com\/fr\/wp-json\/wp\/v2\/users\/2"}],"replies":[{"embeddable":true,"href":"https:\/\/www.europesays.com\/fr\/wp-json\/wp\/v2\/comments?post=592295"}],"version-history":[{"count":0,"href":"https:\/\/www.europesays.com\/fr\/wp-json\/wp\/v2\/posts\/592295\/revisions"}],"wp:featuredmedia":[{"embeddable":true,"href":"https:\/\/www.europesays.com\/fr\/wp-json\/wp\/v2\/media\/592296"}],"wp:attachment":[{"href":"https:\/\/www.europesays.com\/fr\/wp-json\/wp\/v2\/media?parent=592295"}],"wp:term":[{"taxonomy":"category","embeddable":true,"href":"https:\/\/www.europesays.com\/fr\/wp-json\/wp\/v2\/categories?post=592295"},{"taxonomy":"post_tag","embeddable":true,"href":"https:\/\/www.europesays.com\/fr\/wp-json\/wp\/v2\/tags?post=592295"}],"curies":[{"name":"wp","href":"https:\/\/api.w.org\/{rel}","templated":true}]}}