{"id":592297,"date":"2025-12-11T07:14:16","date_gmt":"2025-12-11T07:14:16","guid":{"rendered":"https:\/\/www.europesays.com\/fr\/592297\/"},"modified":"2025-12-11T07:14:16","modified_gmt":"2025-12-11T07:14:16","slug":"le-maire-de-lyon-gregory-doucet-a-bruxelles-pour-defendre-une-approche-europeenne-one-health","status":"publish","type":"post","link":"https:\/\/www.europesays.com\/fr\/592297\/","title":{"rendered":"Le maire de Lyon Gr\u00e9gory Doucet \u00e0 Bruxelles pour d\u00e9fendre une approche europ\u00e9enne \u201cOne Health\u201d"},"content":{"rendered":"<p itemprop=\"description\"><strong>\u00ab\u00a0Je resterai maire jusqu&rsquo;au bout\u00a0\u00bb.<\/strong><\/p>\n<p>Malgr\u00e9 la campagne des \u00e9lections municipales et la n\u00e9cessit\u00e9 de convaincre les Lyonnais de lui confier un second mandat, <a href=\"https:\/\/www.lyonmag.com\/profil-personnalite-lyonnaise\/504\/gregory-doucet\" target=\"_blank\" rel=\"noopener\">Gr\u00e9gory Doucet<\/a> n&rsquo;h\u00e9site pas \u00e0 quitter la ville pour remplir ses obligations d&rsquo;\u00e9lu.<\/p>\n<p>Ce mercredi, l&rsquo;\u00e9dile \u00e9cologiste \u00e9tait en d\u00e9placement \u00e0 Bruxelles pour ouvrir la conf\u00e9rence europ\u00e9enne One Health for Cities, organis\u00e9e dans le cadre du r\u00e9seau One Health 4 Cities. \u00c0 cette occasion, Lyon, d\u00e9sign\u00e9e ville pilote de cette approche en Europe, pr\u00e9sentait avec huit autres municipalit\u00e9s un plaidoyer commun \u00e0 destination des institutions europ\u00e9ennes afin d\u2019appeler \u00e0 un renforcement du r\u00f4le des villes face aux crises sanitaires, environnementales et sociales.<\/p>\n<p>Ce d\u00e9placement s\u2019inscrit dans la strat\u00e9gie engag\u00e9e par la municipalit\u00e9 depuis plusieurs ann\u00e9es pour faire de Lyon un territoire de r\u00e9f\u00e9rence en mati\u00e8re de transitions \u00e9cologiques et sanitaires. La Ville rappelle avoir co-initi\u00e9 le r\u00e9seau One Health 4 Cities, port\u00e9 la \u201cD\u00e9claration de Lyon\u201d sign\u00e9e en 2022 avec 24 autres villes europ\u00e9ennes, et int\u00e9gr\u00e9 cette approche dans ses politiques locales, notamment dans son Contrat local de sant\u00e9 et plusieurs projets urbains.<\/p>\n<p>Pour la Ville de Lyon, l\u2019enjeu du d\u00e9placement \u00e0 Bruxelles est de rappeler que 75% de la population europ\u00e9enne vit aujourd\u2019hui en zone urbaine, et que les municipalit\u00e9s se trouvent ainsi \u201cen premi\u00e8re ligne\u201d.<\/p>\n","protected":false},"excerpt":{"rendered":"\u00ab\u00a0Je resterai maire jusqu&rsquo;au bout\u00a0\u00bb. Malgr\u00e9 la campagne des \u00e9lections municipales et la n\u00e9cessit\u00e9 de convaincre les Lyonnais&hellip;\n","protected":false},"author":2,"featured_media":592298,"comment_status":"","ping_status":"","sticky":false,"template":"","format":"standard","meta":{"footnotes":""},"categories":[1889],"tags":[1111,11,2813,2190,2430,1109,251,1112,2811,1777,674,118,1011,27,1922,1110,1114,2428,2810,12,241,316,25,2812,517,800],"class_list":{"0":"post-592297","1":"post","2":"type-post","3":"status-publish","4":"format-standard","5":"has-post-thumbnail","7":"category-lyon","8":"tag-actu","9":"tag-actualites","10":"tag-article","11":"tag-asvel","12":"tag-auvergne-rhone-alpes","13":"tag-breves","14":"tag-culture","15":"tag-depeches","16":"tag-economique","17":"tag-eu","18":"tag-europe","19":"tag-faits-divers","20":"tag-fr","21":"tag-france","22":"tag-info","23":"tag-informations","24":"tag-infos","25":"tag-lyon","26":"tag-lyonmag","27":"tag-news","28":"tag-ol","29":"tag-politique","30":"tag-republique-francaise","31":"tag-sociale","32":"tag-sport","33":"tag-transports"},"share_on_mastodon":{"url":"https:\/\/pubeurope.com\/@fr\/115699703008611453","error":""},"_links":{"self":[{"href":"https:\/\/www.europesays.com\/fr\/wp-json\/wp\/v2\/posts\/592297","targetHints":{"allow":["GET"]}}],"collection":[{"href":"https:\/\/www.europesays.com\/fr\/wp-json\/wp\/v2\/posts"}],"about":[{"href":"https:\/\/www.europesays.com\/fr\/wp-json\/wp\/v2\/types\/post"}],"author":[{"embeddable":true,"href":"https:\/\/www.europesays.com\/fr\/wp-json\/wp\/v2\/users\/2"}],"replies":[{"embeddable":true,"href":"https:\/\/www.europesays.com\/fr\/wp-json\/wp\/v2\/comments?post=592297"}],"version-history":[{"count":0,"href":"https:\/\/www.europesays.com\/fr\/wp-json\/wp\/v2\/posts\/592297\/revisions"}],"wp:featuredmedia":[{"embeddable":true,"href":"https:\/\/www.europesays.com\/fr\/wp-json\/wp\/v2\/media\/592298"}],"wp:attachment":[{"href":"https:\/\/www.europesays.com\/fr\/wp-json\/wp\/v2\/media?parent=592297"}],"wp:term":[{"taxonomy":"category","embeddable":true,"href":"https:\/\/www.europesays.com\/fr\/wp-json\/wp\/v2\/categories?post=592297"},{"taxonomy":"post_tag","embeddable":true,"href":"https:\/\/www.europesays.com\/fr\/wp-json\/wp\/v2\/tags?post=592297"}],"curies":[{"name":"wp","href":"https:\/\/api.w.org\/{rel}","templated":true}]}}