{"id":592307,"date":"2025-12-11T07:20:30","date_gmt":"2025-12-11T07:20:30","guid":{"rendered":"https:\/\/www.europesays.com\/fr\/592307\/"},"modified":"2025-12-11T07:20:30","modified_gmt":"2025-12-11T07:20:30","slug":"le-psg-reste-attentif-aux-declarations-des-candidats-a-la-mairie-de-paris-mais","status":"publish","type":"post","link":"https:\/\/www.europesays.com\/fr\/592307\/","title":{"rendered":"le PSG reste \u00abattentif aux d\u00e9clarations\u00bb des candidats \u00e0 la Mairie de Paris, mais&#8230;"},"content":{"rendered":"<p>\n    Le club s\u2019est (un peu) exprim\u00e9 dans un communiqu\u00e9 apr\u00e8s l\u2019interview du candidat PS \u00e0 la Mairie de Paris Emmanuel Gr\u00e9goire \u00e0 L\u2019\u00c9quipe au sujet de la vente du Parc des Princes.<\/p>\n<p class=\"fig-paragraph\">\u00abLe PSG doit continuer d\u2019\u00e9crire son histoire \u00e0 Paris\u00bb.\u00a0<a href=\"http:\/\/www.lefigaro.fr\/politique\/municipales-a-paris-emmanuel-gregoire-ps-veut-proposer-un-scenario-de-vente-du-parc-des-princes-au-psg-20251209\" data-fig-type=\"NewsFlash\" data-gtm-custom-categorie=\"navigation\" data-gtm-custom-action=\"crossclick\" data-gtm-custom-label=\"Contextuel\" data-gtm-event=\"customEventSPE\" data-fig-domain=\"LEFIGARO\" target=\"_blank\" rel=\"noopener\">Sign\u00e9 Emmanuel Gr\u00e9goire, candidat PS \u00e0 la Mairie de Paris<\/a>, qui s\u2019exprimait mardi dans les colonnes de\u00a0<a href=\"https:\/\/www.lequipe.fr\/Football\/Article\/Emmanuel-gregoire-candidat-ps-a-la-mairie-de-paris-devoile-son-projet-pour-le-parc-des-princes-la-vente-est-une-option-que-je-proposerai-au-conseil-de-paris\/1615763\" target=\"_blank\" rel=\"sponsored noopener\" data-gtm-custom-categorie=\"navigation\" data-gtm-custom-action=\"crossclick\" data-gtm-custom-label=\"Contextuel\" data-gtm-event=\"customEventSPE\">L\u2019\u00c9quipe<\/a> \u00a0au sujet du Parc des Princes. Rien de tr\u00e8s \u00e9tonnant. Tous les pr\u00e9tendants \u00e0 l\u2019H\u00f4tel de Ville en diraient autant\u2026 Ce qui \u00e9tait plus surprenant en revanche, c\u2019\u00e9tait de lire que l\u2019ancien premier adjoint d\u2019Anne Hidalgo (2018-24) est pr\u00eat \u00e0 ouvrir la porte \u00e0 une vente du Parc au PSG, qui en a fait une condition sine qua non pour rester.\u00a0<a href=\"http:\/\/www.lefigaro.fr\/sports\/football\/ligue-des-champions\/ligue-des-champions-le-psg-enfin-sur-le-toit-de-l-europe-ca-valait-le-coup-d-attendre-20250601\" data-fig-type=\"NewsFlash\" data-gtm-custom-categorie=\"navigation\" data-gtm-custom-action=\"crossclick\" data-gtm-custom-label=\"Contextuel\" data-gtm-event=\"customEventSPE\" data-fig-domain=\"LEFIGARO\" target=\"_blank\" rel=\"noopener\">Le laur\u00e9at de la derni\u00e8re Ligue des champions<\/a>\u00a0n\u2019a toutefois pas \u00e9t\u00e9 sp\u00e9cialement \u00e9mu par ces mots.<\/p>\n<p class=\"fig-paragraph\">Rappel des faits. Face\u00a0<a href=\"http:\/\/www.lefigaro.fr\/sports\/football\/ligue-1\/psg-vendre-non-mais-agrandir-oui-hidalgo-persiste-et-signe-sur-le-parc-des-princes-20250602\" data-fig-type=\"NewsFlash\" data-gtm-custom-categorie=\"navigation\" data-gtm-custom-action=\"crossclick\" data-gtm-custom-label=\"Contextuel\" data-gtm-event=\"customEventSPE\" data-fig-domain=\"LEFIGARO\" target=\"_blank\" rel=\"noopener\">au refus de l\u2019actuelle locataire de l\u2019H\u00f4tel de ville de se soumettre \u00e0 leur volont\u00e9 au sujet de la vente du Parc des Princes<\/a>, les dirigeants parisiens ont pris le parti, depuis de longs mois, de chercher un nouveau lieu de vie o\u00f9 construire un nouveau stade. \u00abC\u2019est fini maintenant, on veut bouger du Parc des Princes\u00bb,\u00a0<a href=\"http:\/\/www.lefigaro.fr\/flash-sport\/c-est-fini-pour-nous-on-veut-bouger-du-parc-des-princes-annonce-nasser-al-khelaifi-20240208\" data-fig-type=\"NewsFlash\" data-gtm-custom-categorie=\"navigation\" data-gtm-custom-action=\"crossclick\" data-gtm-custom-label=\"Contextuel\" data-gtm-event=\"customEventSPE\" data-fig-domain=\"LEFIGARO\" target=\"_blank\" rel=\"noopener\">avait par exemple martel\u00e9 Nasser Al-Khela\u00effi<\/a>\u00a0en f\u00e9vrier 2024. Derni\u00e8rement, ils ont cibl\u00e9\u00a0<a href=\"http:\/\/www.lefigaro.fr\/sports\/football\/ligue-1\/le-psg-cible-massy-et-poissy-pour-son-nouveau-stade-cinq-questions-pour-tout-comprendre-20250610\" data-fig-type=\"NewsFlash\" data-gtm-custom-categorie=\"navigation\" data-gtm-custom-action=\"crossclick\" data-gtm-custom-label=\"Contextuel\" data-gtm-event=\"customEventSPE\" data-fig-domain=\"LEFIGARO\" target=\"_blank\" rel=\"noopener\">Massy et Poissy, les deux sites \u00abfinalistes\u00bb<\/a>. Ce sera soit l\u2019un, soit l\u2019autre.\u00a0<a href=\"http:\/\/www.lefigaro.fr\/sports\/football\/ligue-1\/le-psg-a-l-etroit-au-parc-des-princes-vise-officiellement-massy-et-poissy-pour-son-nouveau-stade-20250610\" data-fig-type=\"NewsFlash\" data-gtm-custom-categorie=\"navigation\" data-gtm-custom-action=\"crossclick\" data-gtm-custom-label=\"Contextuel\" data-gtm-event=\"customEventSPE\" data-fig-domain=\"LEFIGARO\" target=\"_blank\" rel=\"noopener\">D\u00e9cision attendue \u00ab\u00e0 horizon de l\u2019automne 2026\u00bb, apr\u00e8s de nombreuses \u00e9tudes de toutes sortes<\/a>. C\u2019est-\u00e0-dire apr\u00e8s les prochaines municipales, en mars. Sauf que jusqu\u2019ici, aucun politique n\u2019avait mordu \u00e0 l\u2019hame\u00e7on. Personne pour parler de vente.<\/p>\n<p class=\"fig-body-link\">\n            \u00c0 lire aussi<br \/>\n        <a class=\"fig-body-link__link fig-premium-mark\" href=\"http:\/\/www.lefigaro.fr\/sports\/football\/ligue-1\/le-psg-cible-massy-et-poissy-pour-son-nouveau-stade-cinq-questions-pour-tout-comprendre-20250610\" data-fig-type=\"NewsFlash\" data-gtm-custom-categorie=\"navigation\" data-gtm-custom-action=\"crossclick\" data-gtm-custom-label=\"Contextuel\" data-gtm-event=\"customEventSPE\" data-fig-domain=\"LEFIGARO\" target=\"_blank\" rel=\"noopener\"><\/p>\n<p>        Nouveau stade du PSG \u00e0 Massy ou Poissy\u00a0: cinq questions pour tout comprendre<br \/>\n    <\/a>\n<\/p>\n<p>                                            <a class=\"fig-a11y-skip\" href=\"#fig-a11y-skip-main-inarticle\" data-module=\"a11y-skip\" data-context=\"was @visible\"><br \/>\n    Passer la publicit\u00e9<br \/>\n<\/a>            <\/p>\n<p class=\"fig-paragraph\">Jusqu\u2019\u00e0 mardi. \u00abMaire, la vente est une option que je proposerai au Conseil de Paris\u00bb,\u00a0<a href=\"http:\/\/www.lefigaro.fr\/politique\/municipales-a-paris-emmanuel-gregoire-ps-veut-proposer-un-scenario-de-vente-du-parc-des-princes-au-psg-20251209\" data-fig-type=\"NewsFlash\" data-gtm-custom-categorie=\"navigation\" data-gtm-custom-action=\"crossclick\" data-gtm-custom-label=\"Contextuel\" data-gtm-event=\"customEventSPE\" data-fig-domain=\"LEFIGARO\" target=\"_blank\" rel=\"noopener\">a d\u00e9clar\u00e9 Emmanuel Gr\u00e9goire dans cette fameuse interview<\/a>. Au Paris Saint-Germain, on se veut m\u00e9fiant, et surtout concentr\u00e9 sur les projets de nouveau stade, rappelant sur tous les tons sur le projet Massy\/Poissy est sur les rails. \u00abNotre projet de donner une nouvelle dimension \u00e0 notre enceinte sportive exige, par son ampleur et sa complexit\u00e9, un cadre institutionnel stabilis\u00e9 et un calendrier de travail s\u00e9rieux et m\u00e9thodique\u00bb, explicite le club dans un communiqu\u00e9 transmis au Figaro et \u00e0 plusieurs r\u00e9dactions mercredi.<\/p>\n<blockquote class=\"fig-quote&#10;    \">\n<p class=\"fig-quote__text\">Notre responsabilit\u00e9 est d\u2019assurer l\u2019avenir du Paris Saint-Germain dans un cadre clair, r\u00e9aliste et durable.<\/p>\n<p>            Communiqu\u00e9 du PSG\n    <\/p><\/blockquote>\n<p class=\"fig-paragraph\">Et de poursuivre\u00a0: \u00abC\u2019est la d\u00e9marche que nous suivons aujourd\u2019hui \u00e0 Massy et \u00e0 Poissy, o\u00f9 des moyens importants ont \u00e9t\u00e9 engag\u00e9s par le Club et nos partenaires locaux pour \u00e9tudier ces sites. Ces \u00e9tudes se poursuivent avec rigueur et elles restent notre priorit\u00e9. C\u2019est la raison pour laquelle le Club n\u2019est pas en mesure de commenter davantage des \u00e9l\u00e9ments qui sont aujourd\u2019hui pr\u00e9sent\u00e9s comme des options par diff\u00e9rents candidats. Notre responsabilit\u00e9 est d\u2019assurer l\u2019avenir du Paris Saint-Germain dans un cadre clair, r\u00e9aliste et durable\u00bb, explique-t-on. Notons qu\u2019\u00e0 date, Emmanuel Gr\u00e9goire est le seul candidat \u00e0 s\u2019\u00eatre exprim\u00e9 en faveur d\u2019une potentielle vente du Parc.<\/p>\n<p class=\"fig-paragraph\">Toujours est-il que le Paris Saint-Germain entend continuer \u00e0 travailler sur ses deux pistes actuelles. Comme le veut l\u2019expression, les promesses n\u2019engagent que ceux qui y croient. M\u00eame si le Parc est l\u2019un des stades les plus r\u00e9mun\u00e9rateurs d\u2019Europe, malgr\u00e9 sa capacit\u00e9 relativement limit\u00e9e (48.000 places) et des infrastructures vieillissantes, les Rouge et Bleu ne veulent pas laisser passer le train. Ils estiment en effet qu\u2019ils ont besoin de g\u00e9n\u00e9rer plus de revenus afin de suivre le rythme de leurs rivaux \u00e0 l\u2019\u00e9chelle europ\u00e9enne du point de vue \u00e9conomique.\u00a0<a href=\"http:\/\/www.lefigaro.fr\/sports\/football\/ligue-1\/psg-on-en-a-besoin-sinon-on-est-morts-nasser-al-khelaifi-determine-a-quitter-le-parc-des-princes-20241121\" data-fig-type=\"NewsFlash\" data-gtm-custom-categorie=\"navigation\" data-gtm-custom-action=\"crossclick\" data-gtm-custom-label=\"Contextuel\" data-gtm-event=\"customEventSPE\" data-fig-domain=\"LEFIGARO\" target=\"_blank\" rel=\"noopener\">Une question \u00abde vie ou de mort\u00bb, dixit \u00abNAK\u00bb<\/a>.<\/p>\n<p class=\"fig-paragraph\">\u00abNotre ambition est de nous d\u00e9velopper pour rester comp\u00e9titif,\u00a0<a href=\"http:\/\/www.lefigaro.fr\/sports\/football\/ligue-1\/droits-tv-qatar-parc-des-princes-mbappe-le-directeur-general-du-psg-victoriano-melero-sort-du-silence-20250302\" data-fig-type=\"Article\" data-gtm-custom-categorie=\"navigation\" data-gtm-custom-action=\"crossclick\" data-gtm-custom-label=\"Contextuel\" data-gtm-event=\"customEventSPE\" data-fig-domain=\"LEFIGARO\" target=\"_blank\" rel=\"noopener\">r\u00e9sumait derni\u00e8rement le DG du club, Victoriano Melero, au Le Figaro<\/a> . Pour cela, il faut augmenter les revenus. Et pour ce qui concerne les hospitalit\u00e9s et la billetterie, on a atteint un plafond au Parc. Il nous faut augmenter la capacit\u00e9 du stade. Cela n\u00e9cessite des investissements tr\u00e8s lourds. L\u2019une des conditions est donc d\u2019\u00eatre propri\u00e9taire du stade. Comme le Parc n\u2019est plus \u00e0 vendre, on regarde autour de Paris. Nous avons besoin d\u2019un stade plus grand pour accompagner notre croissance. L\u2019objectif est d\u2019augmenter nos revenus en billetterie et en hospitalit\u00e9s, mais aussi d\u2019offrir aux fans l\u2019exp\u00e9rience du futur, qui doit \u00eatre \u00e0 la hauteur de leur engagement et des exigences des prochaines d\u00e9cennies\u00bb.<\/p>\n<p class=\"fig-body-link\">\n            \u00c0 lire aussi<br \/>\n        <a class=\"fig-body-link__link\" href=\"http:\/\/www.lefigaro.fr\/sports\/football\/ligue-1\/psg-massy-ou-poissy-le-club-sonde-ses-supporters-au-sujet-du-projet-de-stade-20251020\" data-fig-type=\"NewsFlash\" data-gtm-custom-categorie=\"navigation\" data-gtm-custom-action=\"crossclick\" data-gtm-custom-label=\"Contextuel\" data-gtm-event=\"customEventSPE\" data-fig-domain=\"LEFIGARO\" target=\"_blank\" rel=\"noopener\"><\/p>\n<p>        PSG\u00a0: Massy ou Poissy, le club sonde ses supporters au sujet du projet de stade<br \/>\n    <\/a>\n<\/p>\n<p>                                            Ouverture\u00a0?<\/p>\n<p class=\"fig-paragraph\">Paris tourn\u00e9 vers Massy et Poissy\u00a0? Oui. C\u2019est clair, c\u2019est net. Le communiqu\u00e9 s\u2019ach\u00e8ve toutefois de mani\u00e8re \u00e0 ouvrir des hypoth\u00e8ses\u00a0: \u00abLe Club est toutefois attentif aux diff\u00e9rentes d\u00e9clarations qui \u00e9mergent dans le cadre de la campagne des municipales. Ces prises de parole t\u00e9moignent d\u2019une dynamique r\u00e9elle autour de notre projet et traduisent \u00e9galement un int\u00e9r\u00eat fort pour l\u2019avenir du Paris Saint-Germain\u00bb. En clair\u00a0: les mots et les bonnes intentions, c\u2019est bien, mais les actes, c\u2019est mieux. Apr\u00e8s l\u2019\u00e9lection, il sera toujours temps de juger sur pi\u00e8ce du c\u00f4t\u00e9 de la Factory&#8230; En 2013, les champions d\u2019Europe ont renouvel\u00e9 leur bail au Parc, leur berceau historique, jusqu\u2019en 2044.<\/p>\n","protected":false},"excerpt":{"rendered":"Le club s\u2019est (un peu) exprim\u00e9 dans un communiqu\u00e9 apr\u00e8s l\u2019interview du candidat PS \u00e0 la Mairie de&hellip;\n","protected":false},"author":2,"featured_media":592308,"comment_status":"","ping_status":"","sticky":false,"template":"","format":"standard","meta":{"footnotes":""},"categories":[1888],"tags":[11,8186,1777,674,1011,27,10118,12,2334,626,29962,93,25],"class_list":{"0":"post-592307","1":"post","2":"type-post","3":"status-publish","4":"format-standard","5":"has-post-thumbnail","7":"category-paris","8":"tag-actualites","9":"tag-emmanuel-gregoire","10":"tag-eu","11":"tag-europe","12":"tag-fr","13":"tag-france","14":"tag-massy","15":"tag-news","16":"tag-parc-des-princes","17":"tag-paris","18":"tag-poissy","19":"tag-psg","20":"tag-republique-francaise"},"share_on_mastodon":{"url":"https:\/\/pubeurope.com\/@fr\/115699726630910648","error":""},"_links":{"self":[{"href":"https:\/\/www.europesays.com\/fr\/wp-json\/wp\/v2\/posts\/592307","targetHints":{"allow":["GET"]}}],"collection":[{"href":"https:\/\/www.europesays.com\/fr\/wp-json\/wp\/v2\/posts"}],"about":[{"href":"https:\/\/www.europesays.com\/fr\/wp-json\/wp\/v2\/types\/post"}],"author":[{"embeddable":true,"href":"https:\/\/www.europesays.com\/fr\/wp-json\/wp\/v2\/users\/2"}],"replies":[{"embeddable":true,"href":"https:\/\/www.europesays.com\/fr\/wp-json\/wp\/v2\/comments?post=592307"}],"version-history":[{"count":0,"href":"https:\/\/www.europesays.com\/fr\/wp-json\/wp\/v2\/posts\/592307\/revisions"}],"wp:featuredmedia":[{"embeddable":true,"href":"https:\/\/www.europesays.com\/fr\/wp-json\/wp\/v2\/media\/592308"}],"wp:attachment":[{"href":"https:\/\/www.europesays.com\/fr\/wp-json\/wp\/v2\/media?parent=592307"}],"wp:term":[{"taxonomy":"category","embeddable":true,"href":"https:\/\/www.europesays.com\/fr\/wp-json\/wp\/v2\/categories?post=592307"},{"taxonomy":"post_tag","embeddable":true,"href":"https:\/\/www.europesays.com\/fr\/wp-json\/wp\/v2\/tags?post=592307"}],"curies":[{"name":"wp","href":"https:\/\/api.w.org\/{rel}","templated":true}]}}