{"id":592320,"date":"2025-12-11T07:28:12","date_gmt":"2025-12-11T07:28:12","guid":{"rendered":"https:\/\/www.europesays.com\/fr\/592320\/"},"modified":"2025-12-11T07:28:12","modified_gmt":"2025-12-11T07:28:12","slug":"laccord-commercial-ue-mercosur-en-suspens-dans-la-derniere-ligne-droite","status":"publish","type":"post","link":"https:\/\/www.europesays.com\/fr\/592320\/","title":{"rendered":"L&rsquo;accord commercial UE-Mercosur en suspens dans la derni\u00e8re ligne droite"},"content":{"rendered":"<p>La pr\u00e9sidente de la Commission europ\u00e9enne, Ursula von der Leyen, et le pr\u00e9sident du Conseil europ\u00e9en, Antonio Costa, pr\u00e9voient de se rendre sur place le 20 d\u00e9cembre pour la signature d&rsquo;un accord controvers\u00e9 avec le bloc commercial des pays d&rsquo;Am\u00e9rique du Sud, le Mercosur.<\/p>\n<p>La Commission, qui n\u00e9gocie cet accord depuis 25 ans, est convaincue qu&rsquo;une majorit\u00e9 d&rsquo;\u00c9tats membres le soutiendra. Toutefois, les diplomates de l&rsquo;UE estiment que l&rsquo;arithm\u00e9tique reste incertaine, le clivage entre les partisans et les opposants \u00e9tant encore tr\u00e8s mince.<\/p>\n<p>Les dix prochains jours seront d\u00e9cisifs.<\/p>\n<p>L&rsquo;accord a \u00e9t\u00e9 conclu en d\u00e9cembre 2024 par l&rsquo;Argentine, le Br\u00e9sil, le Paraguay et l&rsquo;Uruguay avec l&rsquo;UE dans le but de cr\u00e9er une zone de libre-\u00e9change transatlantique.<\/p>\n<p>Mais la lib\u00e9ralisation qu&rsquo;il implique ne fait pas que des heureux.<\/p>\n<p><strong>L&rsquo;Italie sous les feux de la rampe<\/strong><\/p>\n<p>La <a href=\"https:\/\/fr.euronews.com\/business\/2025\/04\/15\/le-front-uni-de-la-france-contre-laccord-du-mercosur-et-de-lue-commence-a-se-fissurer\" target=\"_blank\" rel=\"noopener\"><strong>France a men\u00e9 l&rsquo;opposition pendant des ann\u00e9es<\/strong><\/a>, arguant que les importations du Mercosur cr\u00e9eraient une concurrence d\u00e9loyale pour ses agriculteurs.<\/p>\n<p>Paris poursuit sa <a href=\"https:\/\/fr.euronews.com\/2025\/12\/08\/le-gouvernement-lance-les-conferences-de-la-souverainete-alimentaire-sans-les-syndicats\" target=\"_blank\" rel=\"noopener\"><strong>campagne contre le pacte<\/strong><\/a>, exigeant des clauses de sauvegarde solides pour prot\u00e9ger le march\u00e9 de l&rsquo;UE contre les perturbations qui r\u00e9sulteraient, selon elle, de l&rsquo;augmentation des importations du Mercosur, ainsi que des dispositions de r\u00e9ciprocit\u00e9 pour garantir que les pays du Mercosur respectent les m\u00eames normes de production que les Europ\u00e9ens.<\/p>\n<p>La Pologne a mobilis\u00e9 ses agriculteurs contre l&rsquo;accord, l&rsquo;Irlande et la Hongrie s&rsquo;y opposant \u00e9galement. Les gouvernements n\u00e9erlandais et autrichien, li\u00e9s par des positions parlementaires ant\u00e9rieures, restent oppos\u00e9s \u00e0 l&rsquo;accord. La Belgique, quant \u00e0 elle, s&rsquo;abstiendra.<\/p>\n<p>Ce groupe n&rsquo;est toutefois pas assez important pour bloquer l&rsquo;accord, ce qui n\u00e9cessiterait au moins quatre \u00c9tats membres repr\u00e9sentant 35 % de la population de l&rsquo;Union europ\u00e9enne.<\/p>\n<p>L&rsquo;Italie, dont la Premi\u00e8re ministre Giorgia Meloni, alli\u00e9e du pr\u00e9sident argentin Javier Milei, n&rsquo;a pas encore pris officiellement position, se trouve donc au centre de l&rsquo;attention. L&rsquo;Italie est le deuxi\u00e8me exportateur de l&rsquo;UE vers le Mercosur, et l&rsquo;acc\u00e8s au march\u00e9 qui lui est offert est tr\u00e8s pr\u00e9cieux pour son industrie.<\/p>\n<p>Le ministre de l&rsquo;agriculture dans le gouvernement Meloni et son coll\u00e8gue de parti, Francesco Lollobrigida, a d\u00e9fendu les agriculteurs italiens en octobre en insistant sur la n\u00e9cessit\u00e9 de mettre en place des garanties solides, mais les garanties pr\u00e9sent\u00e9es par la Commission le 8 octobre pour surveiller le march\u00e9 de l&rsquo;UE pourraient avoir fait pencher Rome vers un soutien au pacte.<\/p>\n<p>M\u00eame les pays oppos\u00e9s \u00e0 l&rsquo;accord ont soutenu les garanties de la Commission, arguant que si l&rsquo;accord est approuv\u00e9, une forte protection du march\u00e9 sera essentielle.<\/p>\n<p><strong>Le probl\u00e8me du Parlement<\/strong><\/p>\n<p>Le Parlement europ\u00e9en, dont l&rsquo;accord est n\u00e9cessaire pour que l&rsquo;accord entre en vigueur, votera le 16 d\u00e9cembre sur des mesures de sauvegarde plus strictes, y compris la clause de r\u00e9ciprocit\u00e9. Des pourparlers avec le Conseil suivront afin de convenir d&rsquo;un texte commun. Une proc\u00e9dure sp\u00e9ciale pourrait acc\u00e9l\u00e9rer les n\u00e9gociations, permettant aux \u00c9tats membres d&rsquo;adopter une position finale \u00e0 temps pour le voyage pr\u00e9vu de von der Leyen et de Costa.<\/p>\n<p>Mais m\u00eame si les \u00c9tats membres approuvent l&rsquo;accord et qu&rsquo;il est sign\u00e9 en Am\u00e9rique latine, le processus ne sera pas termin\u00e9. Les d\u00e9put\u00e9s europ\u00e9ens devront encore le ratifier, et les<a href=\"https:\/\/www.euronews.com\/business\/2025\/10\/08\/eu-lawmakers-narrowly-reject-resolution-supporting-mercosur-deal\" target=\"_blank\" rel=\"noopener\"> <\/a>derniers mois ont montr\u00e9 de profondes divisions.<\/p>\n<p>L&rsquo;extr\u00eame droite et l&rsquo;extr\u00eame gauche sont toutes deux oppos\u00e9es \u00e0 l&rsquo;accord, tandis que d&rsquo;autres groupes sont divis\u00e9s selon des lignes similaires \u00e0 celles du Conseil. En 2026, le Parlement pourrait donc encore faire d\u00e9railler l&rsquo;ensemble de l&rsquo;accord.<\/p>\n<p>\u00c0 Bruxelles, les diplomates des pays qui soutiennent l&rsquo;accord sont de plus en plus inquiets de l&rsquo;\u00e9tat fragile des n\u00e9gociations, avertissant qu&rsquo;un \u00e9chec co\u00fbterait \u00e0 l&rsquo;UE un acc\u00e8s strat\u00e9gique au march\u00e9, \u00e0 un moment o\u00f9 ses relations avec son principal partenaire commercial, les \u00c9tats-Unis, s&rsquo;effritent.<\/p>\n<p>Ils sont particuli\u00e8rement pr\u00e9occup\u00e9s par la dynamique du Parlement europ\u00e9en, qui s&rsquo;est \u00e9loign\u00e9 cette ann\u00e9e de la position des \u00c9tats membres sur de nombreuses questions cruciales, alimentant ainsi les tensions institutionnelles.<\/p>\n<p>En priv\u00e9, ils pr\u00e9viennent que si l&rsquo;accord avec le Mercosur s&rsquo;effondre dans la derni\u00e8re ligne droite, ce sera une d\u00e9monstration \u00e9clatante d&rsquo;incomp\u00e9tence politique, torpillant l&rsquo;ambition tant vant\u00e9e de l&rsquo;Europe de diversifier ses partenaires commerciaux et de renforcer son poids g\u00e9opolitique.<\/p>\n<p>Pendant ce temps, du c\u00f4t\u00e9 du Mercosur, la patience s&rsquo;\u00e9puise apr\u00e8s des d\u00e9cennies de travail.<\/p>\n<p>Un diplomate sud-am\u00e9ricain de haut rang a d\u00e9clar\u00e9 \u00e0 <strong>Euronews<\/strong> : \u00ab\u00a0Si l&rsquo;accord n&rsquo;est pas soutenu, je creuserai un trou, je l&rsquo;enterrerai et je le recouvrirai de b\u00e9ton\u00a0\u00bb.<\/p>\n","protected":false},"excerpt":{"rendered":"La pr\u00e9sidente de la Commission europ\u00e9enne, Ursula von der Leyen, et le pr\u00e9sident du Conseil europ\u00e9en, Antonio Costa,&hellip;\n","protected":false},"author":2,"featured_media":592321,"comment_status":"","ping_status":"","sticky":false,"template":"","format":"standard","meta":{"footnotes":""},"categories":[1586],"tags":[11,15715,1777,674,1779,1011,27,21426,12,3886,25,1778,364,2544],"class_list":{"0":"post-592320","1":"post","2":"type-post","3":"status-publish","4":"format-standard","5":"has-post-thumbnail","7":"category-europe","8":"tag-actualites","9":"tag-antonio-costa","10":"tag-eu","11":"tag-europe","12":"tag-european-union","13":"tag-fr","14":"tag-france","15":"tag-mercosur","16":"tag-news","17":"tag-politique-de-lue","18":"tag-republique-francaise","19":"tag-ue","20":"tag-union-europeenne","21":"tag-ursula-von-der-leyen"},"share_on_mastodon":{"url":"https:\/\/pubeurope.com\/@fr\/115699758252327252","error":""},"_links":{"self":[{"href":"https:\/\/www.europesays.com\/fr\/wp-json\/wp\/v2\/posts\/592320","targetHints":{"allow":["GET"]}}],"collection":[{"href":"https:\/\/www.europesays.com\/fr\/wp-json\/wp\/v2\/posts"}],"about":[{"href":"https:\/\/www.europesays.com\/fr\/wp-json\/wp\/v2\/types\/post"}],"author":[{"embeddable":true,"href":"https:\/\/www.europesays.com\/fr\/wp-json\/wp\/v2\/users\/2"}],"replies":[{"embeddable":true,"href":"https:\/\/www.europesays.com\/fr\/wp-json\/wp\/v2\/comments?post=592320"}],"version-history":[{"count":0,"href":"https:\/\/www.europesays.com\/fr\/wp-json\/wp\/v2\/posts\/592320\/revisions"}],"wp:featuredmedia":[{"embeddable":true,"href":"https:\/\/www.europesays.com\/fr\/wp-json\/wp\/v2\/media\/592321"}],"wp:attachment":[{"href":"https:\/\/www.europesays.com\/fr\/wp-json\/wp\/v2\/media?parent=592320"}],"wp:term":[{"taxonomy":"category","embeddable":true,"href":"https:\/\/www.europesays.com\/fr\/wp-json\/wp\/v2\/categories?post=592320"},{"taxonomy":"post_tag","embeddable":true,"href":"https:\/\/www.europesays.com\/fr\/wp-json\/wp\/v2\/tags?post=592320"}],"curies":[{"name":"wp","href":"https:\/\/api.w.org\/{rel}","templated":true}]}}