{"id":592328,"date":"2025-12-11T07:35:24","date_gmt":"2025-12-11T07:35:24","guid":{"rendered":"https:\/\/www.europesays.com\/fr\/592328\/"},"modified":"2025-12-11T07:35:24","modified_gmt":"2025-12-11T07:35:24","slug":"rugby-cest-quoi-cette-blague-il-pietine-violemment-son-adversaire-et-sen-tire-avec-une-sanction-tres-clemente","status":"publish","type":"post","link":"https:\/\/www.europesays.com\/fr\/592328\/","title":{"rendered":"Rugby\u00a0: \u00ab\u00a0C\u2019est quoi cette blague\u00a0?\u00a0\u00bb Il pi\u00e9tine violemment son adversaire et s\u2019en tire avec une sanction tr\u00e8s cl\u00e9mente"},"content":{"rendered":"<p>\n                                                                    l&rsquo;essentiel<br \/>\n                                                                Le geste controvers\u00e9 d\u2019Adre Smith, joueur des Stormers, a enflamm\u00e9 les r\u00e9seaux sociaux. Apr\u00e8s avoir pi\u00e9tin\u00e9 un adversaire, il n\u2019est suspendu qu\u2019une semaine. Cette d\u00e9cision suscite l\u2019indignation des internautes.\n                            <\/p>\n<p>Son geste a fait le tour des r\u00e9seaux sociaux depuis vendredi 5\u00a0d\u00e9cembre. Le deuxi\u00e8me ligne des Stormers, Adre Smith, avait \u00e9t\u00e9 film\u00e9 pendant la rencontre en train de pi\u00e9tiner son adversaire. Les Sud-Africains affrontaient Bayonne pour la 1re journ\u00e9e de Champions Cup et Smith s\u2019\u00e9tait litt\u00e9ralement essuy\u00e9 les crampons pendant de longues secondes sur le pilier bayonnais, Swan Cormenier.<\/p>\n<p class=\"std-elt__inline\">\n        <strong>\u00c0 lire aussi :<\/strong><br \/>\n        <a href=\"https:\/\/www.ladepeche.fr\/2025\/12\/06\/entretien-stade-toulousain-des-doutes-jen-ai-plein-ugo-mola-se-confie-avant-le-debut-de-la-champions-cup-13093521.php\" target=\"_blank\" rel=\"noopener\">ENTRETIEN. Stade Toulousain\u00a0: \u00ab\u00a0Des doutes, j\u2019en ai plein\u2026\u00a0\u00bb Ugo Mola se confie avant le d\u00e9but de la Champions Cup<\/a>\n    <\/p>\n<p>Une infraction claire \u00e0 la r\u00e8gle 9.12 qui stipule \u00ab\u00a0qu\u2019un joueur ne doit pas marcher ou pi\u00e9tiner sur un adversaire\u00a0\u00bb. R\u00e9unie en d\u00e9but de semaine, la commission de discipline a tranch\u00e9 le cas du joueur des Stormers qui avait \u00e9t\u00e9 exclu pour ce geste lors de la rencontre.<\/p>\n<p class=\"std-elt__inline\">\n        <strong>\u00c0 lire aussi :<\/strong><br \/>\n        <a href=\"https:\/\/www.ladepeche.fr\/2025\/11\/10\/rugby-pas-un-bon-manager-manque-dautorite-tres-vives-tensions-et-reunion-explosive-a-bayonne-13044010.php\" target=\"_blank\" rel=\"noopener\">Rugby\u00a0: \u00ab\u00a0Pas un bon manager\u00a0\u00bb, \u00ab\u00a0manque d\u2019autorit\u00e9\u00a0\u00bb\u2026 Tr\u00e8s vives tensions et r\u00e9union explosive \u00e0 Bayonne<\/a>\n    <\/p>\n<p>\u00a0<\/p>\n<p>Mais la commission s\u2019est montr\u00e9e cl\u00e9mente, ce qui a fait bondir les suiveurs sur les r\u00e9seaux sociaux. \u00ab\u00a0C\u2019est quoi cette blague\u00a0\u00bb pouvait-on lire notamment. Et pour cause, Smith a \u00e9t\u00e9 suspendu une semaine pour son geste. Une sanction pour le moins cl\u00e9mente, le joueur pourra donc rejouer \u00e0 partir du lundi 15\u00a0d\u00e9cembre.<\/p>\n","protected":false},"excerpt":{"rendered":"l&rsquo;essentiel Le geste controvers\u00e9 d\u2019Adre Smith, joueur des Stormers, a enflamm\u00e9 les r\u00e9seaux sociaux. Apr\u00e8s avoir pi\u00e9tin\u00e9 un&hellip;\n","protected":false},"author":2,"featured_media":592329,"comment_status":"","ping_status":"","sticky":false,"template":"","format":"standard","meta":{"footnotes":""},"categories":[1416],"tags":[1011,27,479,1468,68796,517,60],"class_list":{"0":"post-592328","1":"post","2":"type-post","3":"status-publish","4":"format-standard","5":"has-post-thumbnail","7":"category-rugby","8":"tag-fr","9":"tag-france","10":"tag-rugby","11":"tag-rugby-football","12":"tag-rugby-u00e0-xv","13":"tag-sport","14":"tag-sports"},"share_on_mastodon":{"url":"https:\/\/pubeurope.com\/@fr\/115699785679425265","error":""},"_links":{"self":[{"href":"https:\/\/www.europesays.com\/fr\/wp-json\/wp\/v2\/posts\/592328","targetHints":{"allow":["GET"]}}],"collection":[{"href":"https:\/\/www.europesays.com\/fr\/wp-json\/wp\/v2\/posts"}],"about":[{"href":"https:\/\/www.europesays.com\/fr\/wp-json\/wp\/v2\/types\/post"}],"author":[{"embeddable":true,"href":"https:\/\/www.europesays.com\/fr\/wp-json\/wp\/v2\/users\/2"}],"replies":[{"embeddable":true,"href":"https:\/\/www.europesays.com\/fr\/wp-json\/wp\/v2\/comments?post=592328"}],"version-history":[{"count":0,"href":"https:\/\/www.europesays.com\/fr\/wp-json\/wp\/v2\/posts\/592328\/revisions"}],"wp:featuredmedia":[{"embeddable":true,"href":"https:\/\/www.europesays.com\/fr\/wp-json\/wp\/v2\/media\/592329"}],"wp:attachment":[{"href":"https:\/\/www.europesays.com\/fr\/wp-json\/wp\/v2\/media?parent=592328"}],"wp:term":[{"taxonomy":"category","embeddable":true,"href":"https:\/\/www.europesays.com\/fr\/wp-json\/wp\/v2\/categories?post=592328"},{"taxonomy":"post_tag","embeddable":true,"href":"https:\/\/www.europesays.com\/fr\/wp-json\/wp\/v2\/tags?post=592328"}],"curies":[{"name":"wp","href":"https:\/\/api.w.org\/{rel}","templated":true}]}}