{"id":592333,"date":"2025-12-11T07:41:10","date_gmt":"2025-12-11T07:41:10","guid":{"rendered":"https:\/\/www.europesays.com\/fr\/592333\/"},"modified":"2025-12-11T07:41:10","modified_gmt":"2025-12-11T07:41:10","slug":"luis-enrique-est-ouvert-a-recruter-lors-du-mercato-dhiver","status":"publish","type":"post","link":"https:\/\/www.europesays.com\/fr\/592333\/","title":{"rendered":"Luis Enrique est \u00ab\u00a0ouvert \u00e0 recruter\u00a0\u00bb lors du mercato d&rsquo;hiver"},"content":{"rendered":"<p>Luis Enrique, entra\u00eeneur du PSG, s&rsquo;est dit ouvert \u00e0 recruter lors du mercato d&rsquo;hiver apr\u00e8s le match nul \u00e0 Bilbao (0-0), mercredi en Ligue des champions. Mais il a refus\u00e9 d&rsquo;accabler ses attaquants, vis\u00e9s pour leur inefficacit\u00e9.<\/p>\n<p>Un mercato d&rsquo;hiver actif pour le PSG? <a href=\"https:\/\/rmcsport.bfmtv.com\/football\/clubs\/paris-saint-germain\/luis-enrique_DN-202308300457.html\" title=\"Luis Enrique entra\u00eeneur du PSG\" class=\"internal_link\" target=\"_blank\" rel=\"noopener\">Luis Enrique<\/a> s&rsquo;est dit ouvert \u00e0 renforcer son \u00e9quipe lors de la fen\u00eatre de recrutement qui ouvrira le 1er janvier. L&rsquo;entra\u00eeneur parisien a \u00e9t\u00e9 interrog\u00e9 sur le sujet, mercredi apr\u00e8s <a href=\"https:\/\/rmcsport.bfmtv.com\/football\/ligue-des-champions\/direct-bilbao-psg-suivez-le-match-de-la-6e-journee-de-ligue-des-champions-en-live_LS-202512100605.html\" title=\"Bilbao-PSG: frustr\u00e9 \u00e0 San Mam\u00e9s, Paris se casse les dents sur la muraille basque Unai Simon\" class=\"internal_link\" target=\"_blank\" rel=\"noopener\">le match nul de son \u00e9quipe \u00e0 Bilbao (0-0)<\/a> en Ligue des champions, lors d&rsquo;une rencontre o\u00f9 ses attaquants ont manqu\u00e9 de tr\u00e8s nombreuses occasions. Mais l&rsquo;Espagnol a refus\u00e9 de pointer du doigt ses joueurs offensifs en mettant surtout en avant la performance du gardien basque, Unai Simon<\/p>\n<p>\u00ab\u00a0Ouverts \u00e0 recruter ou \u00e0 quelques possibilit\u00e9s\u00a0\u00bb<\/p>\n<p>\u00ab\u00a0Bien s\u00fbr, nous sommes ouverts \u00e0 tout\u00a0\u00bb, a r\u00e9pondu Luis Enrique \u00e0 une question sur le mercato. \u00ab\u00a0Nous sommes ouverts \u00e0 recruter ou \u00e0 quelques possibilit\u00e9s. Mais manquer d&rsquo;efficacit\u00e9? Non. Cela s&rsquo;est pass\u00e9 comme \u00e7a parce que le gardien Unai Simon a \u00e9t\u00e9 incroyable, il a \u00e9t\u00e9 d\u00e9sign\u00e9 meilleur joueur du match et \u00e7a signifie qu&rsquo;on m\u00e9ritait la victoire, je pense. Sans aucun doute, le match de l&rsquo;Athletic a \u00e9t\u00e9 de tr\u00e8s haut niveau. Ils auraient pu gagner parce qu&rsquo;ils ont eu quelques occasions aussi. Mais sur la balance, on aurait m\u00e9rit\u00e9 de le gagner.\u00a0\u00bb<\/p>\n<p>Depuis le d\u00e9but de la saison, le PSG doit jongler avec les blessures de plusieurs stars de son effectif (comme D\u00e9sir\u00e9 Dou\u00e9, qui a effectu\u00e9 son retour mercredi, Achraf Hakimi actuellement en r\u00e9\u00e9ducation au Maroc, ou Ousmane Demb\u00e9l\u00e9, malade et forfait contre Bilbao). Mercredi soir, les trois attaquants align\u00e9s (Bradley Barcola, Senny Mayulu et Khvicha Kvaratskhelia) se sont procur\u00e9 de nombreuses situations chaudes, qu&rsquo;ils n&rsquo;ont pas converties par maladresse mais aussi en raison du talent du gardien adverse.<\/p>\n<p>\u00ab\u00a0Pas de frustration, je pense que cela \u00e9t\u00e9 un match tr\u00e8s intense, on a fait le boulot, ils ont beaucoup press\u00e9. On a cr\u00e9\u00e9 beaucoup d&rsquo;occasions mais Unai Simon (le gardien) \u00e9tait sur le terrain et l&rsquo;ambiance \u00e9tait incroyable\u00a0\u00bb, a ajout\u00e9 Luis Enrique. \u00ab\u00a0Tous les attaquants ont montr\u00e9 un bon niveau, ils ont cr\u00e9\u00e9 beaucoup d&rsquo;occasions pour marquer un but.\u00a0\u00bb<\/p>\n<p>L&rsquo;ouverture de Luis Enrique pour s&rsquo;activer lors du mercato est le signe d&rsquo;un changement dans l&rsquo;esprit de l&rsquo;ancien s\u00e9lectionneur de l&rsquo;Espagne. L&rsquo;\u00e9t\u00e9 dernier, il avait assum\u00e9 un recrutement minimaliste (Illia Zabarnyi, Lucas Chevalier, Renato Marin) dans une volont\u00e9 de s&rsquo;appuyer sur la grosse ossature de son groupe, vainqueur de la Ligue des champions en mai.<\/p>\n","protected":false},"excerpt":{"rendered":"Luis Enrique, entra\u00eeneur du PSG, s&rsquo;est dit ouvert \u00e0 recruter lors du mercato d&rsquo;hiver apr\u00e8s le match nul&hellip;\n","protected":false},"author":2,"featured_media":592334,"comment_status":"","ping_status":"","sticky":false,"template":"","format":"standard","meta":{"footnotes":""},"categories":[1410],"tags":[63,1011,27,60],"class_list":{"0":"post-592333","1":"post","2":"type-post","3":"status-publish","4":"format-standard","5":"has-post-thumbnail","7":"category-football","8":"tag-football","9":"tag-fr","10":"tag-france","11":"tag-sports"},"share_on_mastodon":{"url":"https:\/\/pubeurope.com\/@fr\/115699809345528172","error":""},"_links":{"self":[{"href":"https:\/\/www.europesays.com\/fr\/wp-json\/wp\/v2\/posts\/592333","targetHints":{"allow":["GET"]}}],"collection":[{"href":"https:\/\/www.europesays.com\/fr\/wp-json\/wp\/v2\/posts"}],"about":[{"href":"https:\/\/www.europesays.com\/fr\/wp-json\/wp\/v2\/types\/post"}],"author":[{"embeddable":true,"href":"https:\/\/www.europesays.com\/fr\/wp-json\/wp\/v2\/users\/2"}],"replies":[{"embeddable":true,"href":"https:\/\/www.europesays.com\/fr\/wp-json\/wp\/v2\/comments?post=592333"}],"version-history":[{"count":0,"href":"https:\/\/www.europesays.com\/fr\/wp-json\/wp\/v2\/posts\/592333\/revisions"}],"wp:featuredmedia":[{"embeddable":true,"href":"https:\/\/www.europesays.com\/fr\/wp-json\/wp\/v2\/media\/592334"}],"wp:attachment":[{"href":"https:\/\/www.europesays.com\/fr\/wp-json\/wp\/v2\/media?parent=592333"}],"wp:term":[{"taxonomy":"category","embeddable":true,"href":"https:\/\/www.europesays.com\/fr\/wp-json\/wp\/v2\/categories?post=592333"},{"taxonomy":"post_tag","embeddable":true,"href":"https:\/\/www.europesays.com\/fr\/wp-json\/wp\/v2\/tags?post=592333"}],"curies":[{"name":"wp","href":"https:\/\/api.w.org\/{rel}","templated":true}]}}