{"id":592335,"date":"2025-12-11T07:42:15","date_gmt":"2025-12-11T07:42:15","guid":{"rendered":"https:\/\/www.europesays.com\/fr\/592335\/"},"modified":"2025-12-11T07:42:15","modified_gmt":"2025-12-11T07:42:15","slug":"joy-hallyday-de-retour-a-saint-barthelemy-pour-une-occasion-bien-speciale-avec-une-autre-fille-de-chanteur-qui-sest-recemment-mariee","status":"publish","type":"post","link":"https:\/\/www.europesays.com\/fr\/592335\/","title":{"rendered":"Joy Hallyday de retour \u00e0 Saint-Barthelemy pour une occasion bien sp\u00e9ciale, avec une autre fille de chanteur qui s&rsquo;est r\u00e9cemment mari\u00e9e"},"content":{"rendered":"<p>                <img loading=\"lazy\" decoding=\"async\" src=\"https:\/\/www.europesays.com\/fr\/wp-content\/uploads\/2025\/10\/3c2234b771b1c4f4-35x35-1.png\" class=\"author-article-picture\" width=\"35\" height=\"35\"\/><\/p>\n<p>                    Par<\/p>\n<p>                                            Melissa Ad\u00e8le<\/p>\n<p>                    |<\/p>\n<p>                                            Coordinatrice \u00e9ditoriale<\/p>\n<p>\n                M\u00e9lissa Ad\u00e8le suit de pr\u00e8s l\u2019actualit\u00e9 des personnalit\u00e9s, entre cin\u00e9ma, sport et t\u00e9l\u00e9vision. Elle d\u00e9crypte les tendances, les parcours et les moments forts qui font vibrer le monde du divertissement.\n            <\/p>\n<p>\n    Chaque ann\u00e9e, les fans de Johnny Hallyday se r\u00e9unissent pour se souvenir du rockeur, et cette fois encore, la famille n\u2019a pas manqu\u00e9 l\u2019appel. Laeticia, sa veuve, et sa fille Joy se sont rendues \u00e0 Saint-Barthelemy et n&rsquo;ont pas manqu\u00e9 de partager des clich\u00e9s de leur s\u00e9jour sur les r\u00e9seaux sociaux.\n<\/p>\n<p>                            <img loading=\"lazy\" decoding=\"async\" class=\"player-thumbnail\" src=\"https:\/\/www.europesays.com\/fr\/wp-content\/uploads\/2025\/12\/b806ad1848edc3ec-580x326-2.jpg\" width=\"580\" height=\"326\"\/><\/p>\n<p>                            Joy Hallyday de retour \u00e0 Saint-Barthelemy pour une occasion bien sp\u00e9ciale, avec une autre fille de chanteur qui s&rsquo;est r\u00e9cemment mari\u00e9e<\/p>\n<p>La suite apr\u00e8s la publicit\u00e9<\/p>\n<p>Depuis la disparition tragique de <a href=\"https:\/\/www.purepeople.com\/people\/johnny-hallyday_p44\" target=\"_blank\" rel=\"noopener\">Johnny Hallyday<\/a>, le 5 d\u00e9cembre 2017, ses proches font de cette date un moment de m\u00e9moire et de recueillement. Cette ann\u00e9e encore, <a href=\"https:\/\/www.purepeople.com\/people\/laeticia-hallyday_p283\" target=\"_blank\" rel=\"noopener\">Laeticia Hallyday<\/a> a choisi Saint-Barth\u00e9lemy, lieu d\u2019inhumation et de recueillement, pour honorer la m\u00e9moire du chanteur <strong>: une c\u00e9r\u00e9monie s\u2019est tenue au cimeti\u00e8re de Lorient, suivie d\u2019une veill\u00e9e intime \u00e0 laquelle la famille et quelques proches ont particip\u00e9.\u00a0<\/strong><\/p>\n<p><a href=\"https:\/\/www.purepeople.com\/article\/laeticia-hallyday-en-couple-avec-serge-varsano-dimitri-le-fils-du-milliardaire-a-epouse-un-celebre-mannequin-dans-un-cadre-somptueux_a545234\/1\" target=\"_blank\" rel=\"noopener\">L&rsquo;actuelle compagne de Serge Varsano <\/a>a partag\u00e9 sur son compte Instagram plusieurs images et vid\u00e9os de cette journ\u00e9e pour le moins bouleversante pour les proches de Johnny et ses fans. Heureusement, Laeticia Hallyday a pu compter sur le soutien de sa fille Joy, 17 ans, qui \u00e9tait aussi pr\u00e9sente sur les lieux.\u00a0<\/p>\n<p>\u00a0<\/p>\n<p>Joy Hallyday avec Sasha Nikolic \u00e0 Saint-Barthelemy\u00a0<\/p>\n<p>Comme dit pr\u00e9c\u00e9demment, Laeticia ne s\u2019est pas d\u00e9plac\u00e9e seule : Joy \u00e9tait \u00e0 ses c\u00f4t\u00e9s pour cet hommage familial. Maman et fille ont \u00e9t\u00e9 aper\u00e7ues et photographi\u00e9es ensemble \u00e0 Saint-Barthelemy, participant \u00e0 la veill\u00e9e et partageant ensuite des images de leur s\u00e9jour sur les r\u00e9seaux sociaux.<\/p>\n<p>Joy, tr\u00e8s active sur Instagram a elle aussi post\u00e9 des photos de son voyage sur l\u2019\u00eele. \u00ab\u00a0De retour\u00a0\u00bb, a-t-elle \u00e9crit en l\u00e9gende de clich\u00e9s o\u00f9 elle montre couchers de soleil, plages et moments entre amis, t\u00e9moignant de son attachement \u00e0 ce refuge carib\u00e9en. Preuve que la jeune femme est<strong> tr\u00e8s attach\u00e9e \u00e0 l&rsquo;\u00eele o\u00f9 son p\u00e8re avait pour habitude de se reposer. <\/strong>Et parmi les multiples images qu&rsquo;elle a publi\u00e9es, on d\u00e9couvre qu&rsquo;une autre fille de chanteur se trouve \u00e0 Saint-Barth\u00e9lemy : Sasha Nikolic, fille de Filip Nikolic (d\u00e9c\u00e9d\u00e9 en septembre 2009 ), <a href=\"https:\/\/www.purepeople.com\/article\/A-20-ans-sasha-est-une-jeune-mariee-la-sublime-fille-de-filip-nikolic-a-dit-oui-loin-de-la-france-et-partage-des-photos-de-la-ceremonie_a541974\/1\" target=\"_blank\" rel=\"noopener\">qui s&rsquo;est mari\u00e9e il y a quelques mois<\/a> \u00e0 <a href=\"https:\/\/www.purepeople.com\/article\/filip-nikolic-2be3-sa-fille-sasha-est-mariee-a-un-ponte-du-milieu-de-la-mode-et-du-luxe-au-look-tres-affirme_a542515\/1\" target=\"_blank\" rel=\"noopener\">un ponte de la mode et du luxe<\/a>. Saha a elle aussi publi\u00e9 des photos de son s\u00e9jour sur l&rsquo;\u00eele paradisiaque et on la d\u00e9couvre portant le m\u00eame bikini que sur la photo de Joy&#8230;\u00a0<\/p>\n<p>N\u00e9anmoins, sur ces photos, sa grande s\u0153ur Jade brille par son absence. A savoir que la jeune femme \u00e2g\u00e9e de 21 ans poursuit actuellement des \u00e9tudes d&rsquo;Art et de Design en plein c\u0153ur de la ville de Los Angeles. Son objectif ? Se faire un pr\u00e9nom dans le monde de la mode. Une ambition qui pourrait, de temps en temps, l&rsquo;obliger \u00e0 faire de de plus en plus de sacrifices et repousser les retrouvailles familiales dans l&rsquo;int\u00e9r\u00eat de ses \u00e9tudes.\u00a0<\/p>\n<p>Jade Hallyday en vadrouille romantique avec son ch\u00e9ri Aaron Thomas<\/p>\n","protected":false},"excerpt":{"rendered":"Par Melissa Ad\u00e8le | Coordinatrice \u00e9ditoriale M\u00e9lissa Ad\u00e8le suit de pr\u00e8s l\u2019actualit\u00e9 des personnalit\u00e9s, entre cin\u00e9ma, sport et&hellip;\n","protected":false},"author":2,"featured_media":592336,"comment_status":"","ping_status":"","sticky":false,"template":"","format":"standard","meta":{"footnotes":""},"categories":[1359],"tags":[58,59,1011,27,973],"class_list":{"0":"post-592335","1":"post","2":"type-post","3":"status-publish","4":"format-standard","5":"has-post-thumbnail","7":"category-people","8":"tag-divertissement","9":"tag-entertainment","10":"tag-fr","11":"tag-france","12":"tag-people"},"share_on_mastodon":{"url":"https:\/\/pubeurope.com\/@fr\/115699815172002614","error":""},"_links":{"self":[{"href":"https:\/\/www.europesays.com\/fr\/wp-json\/wp\/v2\/posts\/592335","targetHints":{"allow":["GET"]}}],"collection":[{"href":"https:\/\/www.europesays.com\/fr\/wp-json\/wp\/v2\/posts"}],"about":[{"href":"https:\/\/www.europesays.com\/fr\/wp-json\/wp\/v2\/types\/post"}],"author":[{"embeddable":true,"href":"https:\/\/www.europesays.com\/fr\/wp-json\/wp\/v2\/users\/2"}],"replies":[{"embeddable":true,"href":"https:\/\/www.europesays.com\/fr\/wp-json\/wp\/v2\/comments?post=592335"}],"version-history":[{"count":0,"href":"https:\/\/www.europesays.com\/fr\/wp-json\/wp\/v2\/posts\/592335\/revisions"}],"wp:featuredmedia":[{"embeddable":true,"href":"https:\/\/www.europesays.com\/fr\/wp-json\/wp\/v2\/media\/592336"}],"wp:attachment":[{"href":"https:\/\/www.europesays.com\/fr\/wp-json\/wp\/v2\/media?parent=592335"}],"wp:term":[{"taxonomy":"category","embeddable":true,"href":"https:\/\/www.europesays.com\/fr\/wp-json\/wp\/v2\/categories?post=592335"},{"taxonomy":"post_tag","embeddable":true,"href":"https:\/\/www.europesays.com\/fr\/wp-json\/wp\/v2\/tags?post=592335"}],"curies":[{"name":"wp","href":"https:\/\/api.w.org\/{rel}","templated":true}]}}