{"id":592337,"date":"2025-12-11T07:43:24","date_gmt":"2025-12-11T07:43:24","guid":{"rendered":"https:\/\/www.europesays.com\/fr\/592337\/"},"modified":"2025-12-11T07:43:24","modified_gmt":"2025-12-11T07:43:24","slug":"decouvrez-les-23-laureats-des-ajap-2025","status":"publish","type":"post","link":"https:\/\/www.europesays.com\/fr\/592337\/","title":{"rendered":"D\u00e9couvrez les 23 laur\u00e9ats des AJAP 2025"},"content":{"rendered":"<p>Ils sont 23 laur\u00e9ats, en individuel ou en \u00e9quipes, 23 AJAP, un acronyme prestigieux, qui va compter dans leur carri\u00e8re. Anciens de promotions pr\u00e9c\u00e9dentes, jury, partenaires du palmar\u00e8s, officiels et institutionnels, journalistes\u00a0: la grande famille des architectes, des paysagistes et des acteurs du cadre de vie \u00e9taient rassembl\u00e9s \u00e0 leur c\u00f4t\u00e9 en ce 10 d\u00e9cembre, \u00e0 l&rsquo;occasion de la remise de leur dipl\u00f4me des AJAP 2025, par la ministre de la Culture Rachida Dati en personne. Et c&rsquo;est dans les salons dor\u00e9s de la rue de Valois, au Minist\u00e8re de la Culture, qu&rsquo;ils se sont tous retrouv\u00e9s et\/ou rencontr\u00e9s dans une ambiance bonne enfant, m\u00ealant excitation et fiert\u00e9, m\u00eame si beaucoup \u00e9taient impressionn\u00e9s, forc\u00e9ment, par la solennit\u00e9 du moment.\n<\/p>\n<p class=\"para r3\">\u00a0<\/p>\n<blockquote><p>\u00ab\u00a0Je me r\u00e9jouis de mettre en lumi\u00e8re cette nouvelle g\u00e9n\u00e9ration de talents\u00a0! (&#8230;) C&rsquo;est une jeune g\u00e9n\u00e9ration \u00e0 la fois responsable, cr\u00e9ative et qui porte des transformations, des innovations qui fa\u00e7onneront le monde de demain.\u00a0\u00bb Rachida Dati, le 10 d\u00e9cembre, extrait de discours.  <\/p><\/blockquote>\n<p class=\"para r3\">\u00a0<\/p>\n<p>Un panorama de l&rsquo;architecture et du paysagisme contemporains  <\/p>\n<p class=\"para r3\">\u00a0<\/p>\n<p>Ils sont ainsi quinze laur\u00e9ats en architecture, trois en paysagisme et cinq dans la cat\u00e9gorie \u00ab\u00a0autre voie de l&rsquo;architecture\u00a0\u00bb*, qui vivent en ce jour, une \u00e9tape essentielle de leur parcours professionnel en devenir, une reconnaissance leur pr\u00e9sageant un avenir sous les meilleurs auspices. Car ils b\u00e9n\u00e9ficieront gr\u00e2ce \u00e0 cette distinction, en plus d&rsquo;une mise en lumi\u00e8re exceptionnelle (retomb\u00e9es presse, expositions, en France et \u00e0 l&rsquo;\u00e9tranger), d&rsquo;un accompagnement de deux ans par le minist\u00e8re et ses partenaires, au service du d\u00e9veloppement de leur activit\u00e9 naissante (voir encadr\u00e9). Et qui sait\u00a0? Peut-\u00eatre pourront-ils marcher ainsi sur les traces de leurs illustres a\u00een\u00e9s, tels Gilles Perraudin, Grand Prix de l&rsquo;architecture 2025, laur\u00e9at lors de la deuxi\u00e8me session en 1982 avec H\u00e9l\u00e8ne Jourda (dont le fils, Jean-Manuel, \u00e9tait membre du jury cette ann\u00e9e), <a title=\"D\u00e9couvrez nos articles sur le th\u00e8me DOMINIQUE PERRAULT\" class=\"specialterms \" href=\"https:\/\/www.batiactu.com\/theme\/theme-dominique-perrault.php\" target=\"_blank\" rel=\"noopener\">Dominique Perrault<\/a> (1983), <a title=\"D\u00e9couvrez nos articles sur le th\u00e8me ODILE DECQ\" class=\"specialterms \" href=\"https:\/\/www.batiactu.com\/theme\/theme-odile-decq.php\" target=\"_blank\" rel=\"noopener\">Odile Decq<\/a> (1986), ou encore les Pritzker Anne Lacaton et Jean-Philippe Vassal (1991), etc. <\/p>\n<p class=\"para r3\">\u00a0<\/p>\n<p class=\"para r3\">\u00a0<\/p>\n<p>Les AJAP s&rsquo;inscrivent aussi \u00ab\u00a0pleinement dans <a href=\"https:\/\/www.batiactu.com\/edito\/strategie-nationale-architecture-veut-donner-un-coup-70581.php\" target=\"_blank\" rel=\"noopener\">la nouvelle strat\u00e9gie nationale de l&rsquo;architecture<\/a>\u00a0\u00bb d\u00e9voil\u00e9e en d\u00e9but d&rsquo;ann\u00e9e, a soulign\u00e9 la ministre de la Culture, visant notamment \u00e0 \u00ab\u00a0rapprocher l&rsquo;architecture des r\u00e9alit\u00e9s locales\u00a0\u00bb et \u00ab\u00a0changer le regard port\u00e9 sur l&rsquo;architecture, l&rsquo;architecture de demain, celle de la r\u00e9habilitation, celle qui prend soin de nos h\u00e9ritages aussi pour leur donner une seconde vie.\u00a0\u00bb Rachida Dati a d&rsquo;ailleurs annonc\u00e9 que l&rsquo;ann\u00e9e 2026 sera aussi l&rsquo;occasion de \u00ab\u00a0formuler des propositions\u00a0\u00bb sur ce sujet. <\/p>\n<p class=\"para r3\">\u00a0<\/p>\n<p>                <img decoding=\"async\" onclick=\"bati.show_image('https:\/\/www.batiactu.com\/images\/normal\/20251210_173544_img0576.jpg','AJAP 2025');\" height=\"350\" src=\"https:\/\/www.europesays.com\/fr\/wp-content\/uploads\/2025\/12\/20251210_173544_img0576.jpg\" title=\"AJAP 2025\" alt=\"AJAP 2025\"\/><br \/>\n                La ministre Rachida Dati a annonc\u00e9 vouloir donner un nouvel \u00e9lan \u00e0 l&rsquo;accompagnement des AJAP.  \u00a9 P.P. pour Batiactu<\/p>\n<p class=\"para r3\">\u00a0<\/p>\n<p>Des AJAP vecteurs des messages et d\u00e9fis que portent les professionnels au quotidien<\/p>\n<p class=\"para r3\">\u00a0<\/p>\n<blockquote><p>\u00ab\u00a0Aujourd&rsquo;hui, nous avons pu constater \u00e0 quel point, chers laur\u00e9ates et chers laur\u00e9ats, vous avez contribu\u00e9 \u00e0 de nouvelles dynamiques, avec des projets qui montrent combien l&rsquo;architecture et le paysage sont porteurs de solutions (&#8230;) Et chacun de vous illustre l&rsquo;\u00e9volution des m\u00e9tiers, notamment par des approches collectives, des m\u00e9thodes renouvel\u00e9es, pour r\u00e9pondre d&rsquo;ailleurs aux grands d\u00e9fis auxquels nous faisons face, la limitation des ressources, le respect du vivant, et la cr\u00e9ation du lien social.\u00a0\u00bb Rachida Dati, le 10 d\u00e9cembre, extrait de discours.  <\/p><\/blockquote>\n<p class=\"para r3\">\u00a0<\/p>\n<p>Chaque palmar\u00e8s des AJAP, parce qu&rsquo;il r\u00e9compense \u00ab\u00a0des jeunes professionnels de moins de 37 ans pour la qualit\u00e9 de leurs projets, la pertinence de leurs propositions architecturales, urbaines et paysag\u00e8res, pour la coh\u00e9rence de leur d\u00e9marche et pour leur engagement soci\u00e9tal\u00a0\u00bb, permet ainsi de se plonger dans des d\u00e9marches naissantes qui en disent ainsi long sur le pr\u00e9sent et le futur de l&rsquo;architecture comme du paysagisme en France. Il souligne \u00e9galement l&rsquo;excellence nationale du savoir-faire et de la cr\u00e9ativit\u00e9 dans ces domaines, dont on ne peut que se r\u00e9jouir. La ministre Dati n&rsquo;a d&rsquo;ailleurs pas manqu\u00e9 de rappeler dans son discours la reconnaissance internationale dont b\u00e9n\u00e9ficie l&rsquo;architecture fran\u00e7aise\u00a0: \u00ab\u00a0il n&rsquo;y a pas d&rsquo;h\u00e9sitation possible, nous sommes vraiment les premiers et les meilleurs.\u00a0\u00bb<\/p>\n<p class=\"para r3 for-lire-aussi\">\u00a0<\/p>\n<p class=\"head r1\">D\u00e9couvrez en pages suivantes, un diaporama complet des exemples de projets des laur\u00e9ats des AJAP 2025. <\/p>\n<p class=\"para r3\">\u00a0<\/p>\n<p><\/p>\n","protected":false},"excerpt":{"rendered":"Ils sont 23 laur\u00e9ats, en individuel ou en \u00e9quipes, 23 AJAP, un acronyme prestigieux, qui va compter dans&hellip;\n","protected":false},"author":2,"featured_media":592338,"comment_status":"","ping_status":"","sticky":false,"template":"","format":"standard","meta":{"footnotes":""},"categories":[1358],"tags":[1348,1384,1385,1386,58,59,1011,27],"class_list":{"0":"post-592337","1":"post","2":"type-post","3":"status-publish","4":"format-standard","5":"has-post-thumbnail","7":"category-arts-et-design","8":"tag-arts","9":"tag-arts-and-design","10":"tag-arts-et-design","11":"tag-design","12":"tag-divertissement","13":"tag-entertainment","14":"tag-fr","15":"tag-france"},"share_on_mastodon":{"url":"https:\/\/pubeurope.com\/@fr\/115699817387880179","error":""},"_links":{"self":[{"href":"https:\/\/www.europesays.com\/fr\/wp-json\/wp\/v2\/posts\/592337","targetHints":{"allow":["GET"]}}],"collection":[{"href":"https:\/\/www.europesays.com\/fr\/wp-json\/wp\/v2\/posts"}],"about":[{"href":"https:\/\/www.europesays.com\/fr\/wp-json\/wp\/v2\/types\/post"}],"author":[{"embeddable":true,"href":"https:\/\/www.europesays.com\/fr\/wp-json\/wp\/v2\/users\/2"}],"replies":[{"embeddable":true,"href":"https:\/\/www.europesays.com\/fr\/wp-json\/wp\/v2\/comments?post=592337"}],"version-history":[{"count":0,"href":"https:\/\/www.europesays.com\/fr\/wp-json\/wp\/v2\/posts\/592337\/revisions"}],"wp:featuredmedia":[{"embeddable":true,"href":"https:\/\/www.europesays.com\/fr\/wp-json\/wp\/v2\/media\/592338"}],"wp:attachment":[{"href":"https:\/\/www.europesays.com\/fr\/wp-json\/wp\/v2\/media?parent=592337"}],"wp:term":[{"taxonomy":"category","embeddable":true,"href":"https:\/\/www.europesays.com\/fr\/wp-json\/wp\/v2\/categories?post=592337"},{"taxonomy":"post_tag","embeddable":true,"href":"https:\/\/www.europesays.com\/fr\/wp-json\/wp\/v2\/tags?post=592337"}],"curies":[{"name":"wp","href":"https:\/\/api.w.org\/{rel}","templated":true}]}}