{"id":592339,"date":"2025-12-11T07:45:22","date_gmt":"2025-12-11T07:45:22","guid":{"rendered":"https:\/\/www.europesays.com\/fr\/592339\/"},"modified":"2025-12-11T07:45:22","modified_gmt":"2025-12-11T07:45:22","slug":"competition-gourmandise-et-larmes-de-mercotte-pour-la-finale","status":"publish","type":"post","link":"https:\/\/www.europesays.com\/fr\/592339\/","title":{"rendered":"comp\u00e9tition, gourmandise et larmes de Mercotte pour la finale"},"content":{"rendered":"<p>    Le troph\u00e9e de la finale de la saison 14 du \u00abMeilleur P\u00e2tissier\u00bb<br \/>\n                Marie ETCHEGOYEN\/M6<\/p>\n<p>\n    La saison 14 du concours amateur touche \u00e0 sa fin avec trois ultimes \u00e9preuves jug\u00e9es par Cyril Lignac et son ins\u00e9parable acolyte, qui participe \u00e0 sa derni\u00e8re \u00e9mission.<\/p>\n<p class=\"fig-paragraph\">La finale de la quatorzi\u00e8me saison du\u00a0<a href=\"https:\/\/tvmag.lefigaro.fr\/programme-tv\/programme\/le-meilleur-patissier-d1471557853\" target=\"_blank\" rel=\"noopener\" data-gtm-custom-categorie=\"navigation\" data-gtm-custom-action=\"crossclick\" data-gtm-custom-label=\"Contextuel\" data-gtm-event=\"customEventSPE\"><strong>\u00abMeilleur P\u00e2tissier\u00bb<\/strong><\/a>, diffus\u00e9e ce jeudi 11 d\u00e9cembre \u00e0 21 h 10 sur\u00a0<a href=\"https:\/\/tvmag.lefigaro.fr\/programme-tv\/chaine\/118\/tous-les-programmes-de-m6\" target=\"_blank\" rel=\"noopener\" data-gtm-custom-categorie=\"navigation\" data-gtm-custom-action=\"crossclick\" data-gtm-custom-label=\"Contextuel\" data-gtm-event=\"customEventSPE\">M6<\/a>\u00a0s\u2019annonce aussi gourmande que spectaculaire. Trois candidats sont qualifi\u00e9s pour la finale\u00a0: Margot, polici\u00e8re en Meurthe-et-Moselle \u00e2g\u00e9e de 32 ans, Seb, 54 ans, instituteur \u00e0 Bucy-le-Long et enfin Victoria, 43 ans, cheffe de rayon en Alsace.<\/p>\n<p class=\"fig-paragraph\">Accueillis par la troupe du Roi Soleil, ils devront d\u2019abord travailler le saint-honor\u00e9 (saint patron des boulangers) et g\u00e2teau pr\u00e9f\u00e9r\u00e9 de\u00a0<a href=\"https:\/\/www.lefigaro.fr\/tag\/mercotte\" target=\"_blank\" rel=\"noopener\" data-gtm-custom-categorie=\"navigation\" data-gtm-custom-action=\"crossclick\" data-gtm-custom-label=\"Contextuel\" data-gtm-event=\"customEventSPE\"><strong>Mercotte<\/strong><\/a> \u00a0dans l\u2019\u00e9preuve de\u00a0<a href=\"https:\/\/www.lefigaro.fr\/tag\/cyril-lignac\" target=\"_blank\" rel=\"noopener\" data-gtm-custom-categorie=\"navigation\" data-gtm-custom-action=\"crossclick\" data-gtm-custom-label=\"Contextuel\" data-gtm-event=\"customEventSPE\"><strong>Cyril Lignac<\/strong><\/a> . L\u2019une des difficult\u00e9s\u00a0? R\u00e9ussir la p\u00e2te feuillet\u00e9e dans un temps record.<\/p>\n<p class=\"fig-body-link\">\n            \u00c0 lire aussi<br \/>\n        <a class=\"fig-body-link__link\" href=\"http:\/\/tvmag.lefigaro.fr\/programme-tv\/ce-soir-tele\/le-retour-aux-sources-pour-le-meilleur-patissier-20250910\" target=\"_blank\" data-fig-type=\"Article\" rel=\"noopener\" data-gtm-custom-categorie=\"navigation\" data-gtm-custom-action=\"crossclick\" data-gtm-custom-label=\"Contextuel\" data-gtm-event=\"customEventSPE\" data-fig-domain=\"TVMAG\"><\/p>\n<p>        \u00ab\u00a0Le meilleur p\u00e2tissier\u00a0\u00bb\u00a0: une nouvelle saison \u00e0 la saveur particuli\u00e8re<br \/>\n    <\/a>\n<\/p>\n<p>                                                                <a class=\"fig-a11y-skip\" href=\"#fig-a11y-skip-main-inarticle\" data-module=\"a11y-skip\" data-context=\"was @visible\"><br \/>\n    Passer la publicit\u00e9<br \/>\n<\/a>            <\/p>\n<p class=\"fig-paragraph\">Puis, viendra le temps du grimoire de Mercotte. La jur\u00e9e pr\u00e9f\u00e9r\u00e9e des t\u00e9l\u00e9spectateurs a d\u00e9cid\u00e9, \u00e0 83 ans, de tirer sa r\u00e9v\u00e9rence dans l\u2019\u00e9mission par \u00ab\u200a\u00e9thique et d\u00e9cence\u00a0\u00bb. Elle proposera ainsi aux trois candidats une \u00e9preuve technique particuli\u00e8rement redoutable permettant de faire rena\u00eetre un g\u00e2teau oubli\u00e9 n\u00e9cessitant une ma\u00eetrise p\u00e2tissi\u00e8re impeccable\u00a0: la charlotte princi\u00e8re \u00e0 l\u2019ananas.<\/p>\n<p class=\"fig-paragraph\">Les finalistes devront lire entre les lignes dans l\u2019\u00e9nonc\u00e9 de sa recette qui contiendra, comme toujours, quelques pi\u00e8ges. Pas question de changer ses bonnes habitudes, m\u00eame pour son ultime d\u00e9fi\u00a0!<\/p>\n<p class=\"fig-paragraph\">Dans la troisi\u00e8me et derni\u00e8re \u00e9preuve, les candidats devront r\u00e9aliser leur plus beau g\u00e2teau de f\u00eate install\u00e9 au c\u0153ur d\u2019une sc\u00e9nographie impressionnante et enti\u00e8rement comestible.<a href=\"https:\/\/www.lefigaro.fr\/tag\/christophe-michalak\" target=\"_blank\" rel=\"noopener\" data-gtm-custom-categorie=\"navigation\" data-gtm-custom-action=\"crossclick\" data-gtm-custom-label=\"Contextuel\" data-gtm-event=\"customEventSPE\">\u00a0Christophe Michalak<\/a>, champion du monde de p\u00e2tisserie, rejoindra Cyril Lignac et Mercotte afin d\u2019apporter son avis \u00e9clair\u00e9 pour d\u00e9partager les finalistes et d\u00e9signer celle ou celui qui remportera la saison 14 du concours.<\/p>\n<p class=\"fig-paragraph\">La comp\u00e9tition sera intense et l\u2019\u00e9motion au rendez-vous gr\u00e2ce \u00e0 Mercotte. Jur\u00e9e incontournable et inimitable depuis le lancement de l\u2019\u00e9mission, elle a forg\u00e9 le concours de son empreinte avec sa rigueur, son franc-parler et son humour. Elle partira avec les honneurs puisque de nombreuses surprises lui seront concoct\u00e9es. La passionn\u00e9e de p\u00e2tisserie, habituellement si pudique laissera m\u00eame \u00e9chapper quelques larmes&#8230; et nous aussi.<\/p>\n","protected":false},"excerpt":{"rendered":"Le troph\u00e9e de la finale de la saison 14 du \u00abMeilleur P\u00e2tissier\u00bb Marie ETCHEGOYEN\/M6 La saison 14 du&hellip;\n","protected":false},"author":2,"featured_media":592340,"comment_status":"","ping_status":"","sticky":false,"template":"","format":"standard","meta":{"footnotes":""},"categories":[1356],"tags":[46556,58,59,1011,27,494,46555,252,1364],"class_list":{"0":"post-592339","1":"post","2":"type-post","3":"status-publish","4":"format-standard","5":"has-post-thumbnail","7":"category-television","8":"tag-cyril-lignac","9":"tag-divertissement","10":"tag-entertainment","11":"tag-fr","12":"tag-france","13":"tag-m6","14":"tag-mercotte","15":"tag-television","16":"tag-tv"},"share_on_mastodon":{"url":"https:\/\/pubeurope.com\/@fr\/115699824887777558","error":""},"_links":{"self":[{"href":"https:\/\/www.europesays.com\/fr\/wp-json\/wp\/v2\/posts\/592339","targetHints":{"allow":["GET"]}}],"collection":[{"href":"https:\/\/www.europesays.com\/fr\/wp-json\/wp\/v2\/posts"}],"about":[{"href":"https:\/\/www.europesays.com\/fr\/wp-json\/wp\/v2\/types\/post"}],"author":[{"embeddable":true,"href":"https:\/\/www.europesays.com\/fr\/wp-json\/wp\/v2\/users\/2"}],"replies":[{"embeddable":true,"href":"https:\/\/www.europesays.com\/fr\/wp-json\/wp\/v2\/comments?post=592339"}],"version-history":[{"count":0,"href":"https:\/\/www.europesays.com\/fr\/wp-json\/wp\/v2\/posts\/592339\/revisions"}],"wp:featuredmedia":[{"embeddable":true,"href":"https:\/\/www.europesays.com\/fr\/wp-json\/wp\/v2\/media\/592340"}],"wp:attachment":[{"href":"https:\/\/www.europesays.com\/fr\/wp-json\/wp\/v2\/media?parent=592339"}],"wp:term":[{"taxonomy":"category","embeddable":true,"href":"https:\/\/www.europesays.com\/fr\/wp-json\/wp\/v2\/categories?post=592339"},{"taxonomy":"post_tag","embeddable":true,"href":"https:\/\/www.europesays.com\/fr\/wp-json\/wp\/v2\/tags?post=592339"}],"curies":[{"name":"wp","href":"https:\/\/api.w.org\/{rel}","templated":true}]}}