{"id":592359,"date":"2025-12-11T07:56:18","date_gmt":"2025-12-11T07:56:18","guid":{"rendered":"https:\/\/www.europesays.com\/fr\/592359\/"},"modified":"2025-12-11T07:56:18","modified_gmt":"2025-12-11T07:56:18","slug":"totalement-embrase-le-repute-restaurant-chez-yvonne-a-ete-detruit","status":"publish","type":"post","link":"https:\/\/www.europesays.com\/fr\/592359\/","title":{"rendered":"totalement embras\u00e9, le r\u00e9put\u00e9 restaurant Chez Yvonne a \u00e9t\u00e9 d\u00e9truit"},"content":{"rendered":"<p>                    Par<br \/>\n        <strong><br \/>\n            <a href=\"https:\/\/actu.fr\/auteur\/mareva-laville-actu-fr\" title=\"Consulter tous les articles de Mar\u00e9va Laville\" target=\"_blank\" rel=\"noopener\">Mar\u00e9va Laville<\/a><br \/>\n                    <\/strong><\/p>\n<p>        Publi\u00e9 le<\/p>\n<p>            11 d\u00e9c. 2025 \u00e0 7h28        <\/p>\n<p>Les camions de pompiers \u00e9clairent l\u2019avenue Prat Gimont \u00e0 Balma, pr\u00e8s de <a href=\"http:\/\/www.actu.fr\/toulouse\" target=\"_blank\" rel=\"noopener\">Toulouse<\/a>, t\u00f4t ce jeudi 11\u00a0d\u00e9cembre 2025 matin. Depuis 5h30 environ, 34 sapeurs-pompiers de Haute-Garonne sont engag\u00e9s pour \u00e9teindre un feu qui \u00ab\u2009a<strong> totalement embras\u00e9\u2009\u00bb<\/strong> le <strong>restaurant <a href=\"https:\/\/actu.fr\/occitanie\/balma_31044\/pres-de-toulouse-ce-desormais-celebre-restaurant-vitamine-sa-terrasse-pour-l-ete_61185669.html\" target=\"_blank\" rel=\"noopener\">Chez Yvonne, <\/a><\/strong><a href=\"https:\/\/actu.fr\/occitanie\/balma_31044\/pres-de-toulouse-ce-desormais-celebre-restaurant-vitamine-sa-terrasse-pour-l-ete_61185669.html\" target=\"_blank\" rel=\"noopener\">r\u00e9put\u00e9 pour la qualit\u00e9 de ses viandes<\/a> et ses plats copieux.<\/p>\n<p>    <a href=\"https:\/\/www.google.com\/maps\/embed?pb=!1m18!1m12!1m3!1d5776.048159917967!2d1.4820486768171417!3d43.62685775413308!2m3!1f0!2f0!3f0!3m2!1i1024!2i768!4f13.1!3m3!1m2!1s0x12aebd2b21a864e5%3A0x513a1d275db1ca23!2sChez%20Yvonne!5e0!3m2!1sfr!2sfr!4v1765436294014!5m2!1sfr!2sfr\" title=\"Ouvrie le lien\" target=\"_blank\" rel=\"noopener\">Cliquez ici pour visualiser le contenu<\/a><\/p>\n<p>Les soldats du feu face \u00e0 \u00ab\u00a0un brasier\u00a0\u00bb<\/p>\n<p class=\" wall-content\">D\u00e8s l\u2019arriv\u00e9e des soldats du feu, \u00ab\u2009le brasier s\u2019\u00e9tait<strong> g\u00e9n\u00e9ralis\u00e9 \u00e0 l\u2019\u00e9tablissement<\/strong> avec des risques cons\u00e9quents de propagation aux structures adjacentes\u2009\u00bb, explique le Sdis 31 qui pr\u00e9voit une \u00ab\u2009op\u00e9ration de plusieurs heures\u2009\u00bb.<\/p>\n<p class=\" wall-content\">\n    <img   decoding=\"async\" loading=\"lazy\" src=\"https:\/\/www.europesays.com\/fr\/wp-content\/uploads\/2025\/12\/des-larrivee-des-soldats-du-feu2-960x640.jpeg\" alt=\"Voici le brasier auquel les pompiers ont \u00e9t\u00e9 confront\u00e9s dans le nuit de ce jeudi 11 d\u00e9cembre 2025, juste avant l'aube.\" width=\"960\" height=\"640\"\/><br \/>\n    Voici le brasier auquel les pompiers ont \u00e9t\u00e9 confront\u00e9s dans le nuit de ce jeudi 11 d\u00e9cembre 2025, juste avant l\u2019aube. (\u00a9Sdis 31)<br \/>\n    <img   decoding=\"async\" loading=\"lazy\" src=\"https:\/\/www.europesays.com\/fr\/wp-content\/uploads\/2025\/12\/feu-balma-chez-yvonne-960x640.jpeg\" alt=\"Le feu a totalement embras\u00e9 le restaurant.\" width=\"960\" height=\"640\"\/><br \/>\n    Le feu a totalement embras\u00e9 le restaurant. (\u00a9Sdis 31)<\/p>\n<p>Le feu est circonscrit<\/p>\n<p class=\" wall-content\">Peu avant 7h, le <strong>feu<\/strong> \u00e9tait <strong>circonscrit<\/strong> au moyen de quatre lances \u00e0 eau et une \u00e9chelle a\u00e9rienne. \u00ab\u2009La propagation au magasin Running Conseils situ\u00e9 \u00e0 3\u00a0m\u00e8tres du restaurant a pu \u00eatre \u00e9vit\u00e9e\u2009\u00bb, pr\u00e9cise le Sdis 31.<\/p>\n<p>    <img   decoding=\"async\" loading=\"lazy\" src=\"https:\/\/www.europesays.com\/fr\/wp-content\/uploads\/2025\/12\/img-8911-1-960x640.jpeg\" alt=\"Le magasin de sport ainsi que le restaurant chinois voisins ont pu \u00eatre sauv\u00e9s.\" width=\"960\" height=\"640\"\/><br \/>\n    Le magasin de sport ainsi que le restaurant chinois voisin du restaurant ont pu \u00eatre sauv\u00e9s. (\u00a9Mar\u00e9va Laville \/ Actu Toulouse)<\/p>\n<p class=\" wall-content\">D\u2019apr\u00e8s nos r\u00e9centes informations<strong>, aucune victime<\/strong> n\u2019est \u00e0 d\u00e9plorer.\u00a0<\/p>\n<p>Vid\u00e9os : en ce moment sur Actu<\/p>\n<p class=\" wall-content\">La gendarmerie et GRDF sont \u00e9galement engag\u00e9s. <strong>La route est coup\u00e9e<\/strong> \u00e0 Balma pour rejoindre l\u2019avenue Prat-Gimont.<\/p>\n<p>    <img   decoding=\"async\" loading=\"lazy\" src=\"https:\/\/www.europesays.com\/fr\/wp-content\/uploads\/2025\/12\/img-8914-960x640.jpeg\" alt=\"29 pompiers sont engag\u00e9s sur place, d'apr\u00e8s le Sdis 31.\" width=\"960\" height=\"640\"\/><br \/>\n    Une trentaine de pompiers sont engag\u00e9s sur place, d\u2019apr\u00e8s le Sdis 31. (\u00a9Mar\u00e9va Laville \/ Actu Toulouse)<\/p>\n<p>Votre r\u00e9gion, votre actu !<\/p>\n<p>Recevez chaque jour les infos qui comptent pour vous.<\/p>\n<p>\t<a href=\"https:\/\/actu.fr\/newsletter\" class=\"ac-btn ac-btn--corner ac-btn--medium ac-btn--blue800\" target=\"_blank\" rel=\"noopener\">S&rsquo;incrire<\/a><br \/>\n\u00ab\u2009\u00c7a fait mal au c\u0153ur.\u2009\u00bb<\/p>\n<p class=\" wall-content\">Le feu a pu \u00eatre \u00e9teint sur les coups de 8h30. La raison du d\u00e9part de l\u2019incendie reste encore inconnue. <strong>Une enqu\u00eate est ouverte.<\/strong><\/p>\n<p class=\" wall-content\">Les employ\u00e9s du restaurant se sont rendus sur place t\u00f4t ce matin.<strong> \u00ab\u2009\u00c7a fait mal au c\u0153ur\u2009\u00bb,<\/strong> disent-ils en regardant leur lieu de travail parti en fum\u00e9e\u2026<\/p>\n<p class=\" wall-content\"><strong>49 personnes<\/strong> se retrouvent au <strong>ch\u00f4mage technique.<\/strong><\/p>\n<p class=\" wall-content\">Personnalisez votre actualit\u00e9 en ajoutant vos villes et m\u00e9dias en favori avec <a href=\"https:\/\/moncompte.actu.fr\" title=\"D\u00e9couvez Mon Actu\" rel=\"nofollow noopener\" data-trk=\"{&quot;cta&quot;:{&quot;action&quot;:&quot;https:\\\/\\\/moncompte.actu.fr&quot;,&quot;category&quot;:&quot;mon compte&quot;,&quot;from&quot;:&quot;article footer&quot;,&quot;name&quot;:&quot;Mon actu&quot;,&quot;type&quot;:&quot;cta&quot;}}\" target=\"_blank\">Mon Actu<\/a>.<\/p>\n","protected":false},"excerpt":{"rendered":"Par Mar\u00e9va Laville Publi\u00e9 le 11 d\u00e9c. 2025 \u00e0 7h28 Les camions de pompiers \u00e9clairent l\u2019avenue Prat Gimont&hellip;\n","protected":false},"author":2,"featured_media":592360,"comment_status":"","ping_status":"","sticky":false,"template":"","format":"standard","meta":{"footnotes":""},"categories":[2],"tags":[11,118,1011,27,1310,12,1311,2850],"class_list":{"0":"post-592359","1":"post","2":"type-post","3":"status-publish","4":"format-standard","5":"has-post-thumbnail","7":"category-actualites","8":"tag-actualites","9":"tag-faits-divers","10":"tag-fr","11":"tag-france","12":"tag-incendie","13":"tag-news","14":"tag-pompiers","15":"tag-restaurants-de-toulouse"},"share_on_mastodon":{"url":"https:\/\/pubeurope.com\/@fr\/115699869259017100","error":""},"_links":{"self":[{"href":"https:\/\/www.europesays.com\/fr\/wp-json\/wp\/v2\/posts\/592359","targetHints":{"allow":["GET"]}}],"collection":[{"href":"https:\/\/www.europesays.com\/fr\/wp-json\/wp\/v2\/posts"}],"about":[{"href":"https:\/\/www.europesays.com\/fr\/wp-json\/wp\/v2\/types\/post"}],"author":[{"embeddable":true,"href":"https:\/\/www.europesays.com\/fr\/wp-json\/wp\/v2\/users\/2"}],"replies":[{"embeddable":true,"href":"https:\/\/www.europesays.com\/fr\/wp-json\/wp\/v2\/comments?post=592359"}],"version-history":[{"count":0,"href":"https:\/\/www.europesays.com\/fr\/wp-json\/wp\/v2\/posts\/592359\/revisions"}],"wp:featuredmedia":[{"embeddable":true,"href":"https:\/\/www.europesays.com\/fr\/wp-json\/wp\/v2\/media\/592360"}],"wp:attachment":[{"href":"https:\/\/www.europesays.com\/fr\/wp-json\/wp\/v2\/media?parent=592359"}],"wp:term":[{"taxonomy":"category","embeddable":true,"href":"https:\/\/www.europesays.com\/fr\/wp-json\/wp\/v2\/categories?post=592359"},{"taxonomy":"post_tag","embeddable":true,"href":"https:\/\/www.europesays.com\/fr\/wp-json\/wp\/v2\/tags?post=592359"}],"curies":[{"name":"wp","href":"https:\/\/api.w.org\/{rel}","templated":true}]}}