{"id":592361,"date":"2025-12-11T07:57:23","date_gmt":"2025-12-11T07:57:23","guid":{"rendered":"https:\/\/www.europesays.com\/fr\/592361\/"},"modified":"2025-12-11T07:57:23","modified_gmt":"2025-12-11T07:57:23","slug":"lia-fait-peur-aux-pme-un-hub-loire-veut-en-faire-leur-moteur","status":"publish","type":"post","link":"https:\/\/www.europesays.com\/fr\/592361\/","title":{"rendered":"L&rsquo;IA fait peur\u00a0aux PME ? Un \u00ab\u00a0hub Loire\u00a0\u00bb veut en faire leur \u00ab\u00a0moteur \u00bb"},"content":{"rendered":"<p class=\"is-style-chapo\">Il a \u00e9t\u00e9 pr\u00e9sent\u00e9 \u00e0 Saint-Etienne puisque soutenu par sa municipalit\u00e9 et sa M\u00e9tropole mais le lancement du \u00ab\u00a0hub\u00a0\u00bb de l\u2019Intelligence Artificielle (IA) Loire\u00a0\u00bb port\u00e9 par la CPME en partenariat avec la CCI, vise bien tout le d\u00e9partement puis sa duplication ailleurs. Objectif d\u2019un accompagnement local annonc\u00e9 d\u2019ampleur \u00ab\u00a0in\u00e9dite\u00a0\u00bb\u00a0: toucher les TPE et PME pour d\u00e9mystifier l\u2019IA et la faire int\u00e9grer comme levier de performance plut\u00f4t que repoussoir. \u00a0<\/p>\n<p><img fetchpriority=\"high\" decoding=\"async\" width=\"1024\" height=\"576\" src=\"https:\/\/www.europesays.com\/fr\/wp-content\/uploads\/2025\/12\/Capture-decran-2025-12-10-163021-1024x576.jpg\" alt=\"\" class=\"wp-image-81321\"  \/>Offrir un portail efficace aux chefs d\u2019entreprises isol\u00e9s face leurs questionnements : c\u2019est l\u2019ambition du Hub IA Loire de la CPME. <\/p>\n<p>L\u2019initiative se veut \u00ab\u00a0in\u00e9dite\u00a0\u00bb. Alors \u00e0 l\u2019\u00e9chelle d\u2019un d\u00e9partement, de notre r\u00e9gion du moins puisqu\u2019au niveau national, il existe d\u00e9j\u00e0 cela\u00a0: le \u00ab\u00a0<a href=\"https:\/\/www.hub-franceia.fr\/a-propos-de-nous\/\" target=\"_blank\" rel=\"noreferrer noopener\">Hub France IA\u00a0<\/a>\u00bb, cr\u00e9\u00e9 d\u00e8s 2017 et qui compte pl\u00e9thore d\u2019adh\u00e9rents allant du groupe international \u00e0 la PME en passant par des banques, des entreprises d\u2019Etat, l\u2019Etat lui-m\u00eame et <a href=\"https:\/\/www.cci.fr\/actualites\/lobjectif-du-partenariat-entre-le-hub-france-ia-et-le-reseau-des-cci-est-de-donner-envie-dia\" target=\"_blank\" rel=\"noreferrer noopener\">CCI France<\/a>. Certes\u00a0: mais pour r\u00e9pondre de mani\u00e8re chirurgicale aux entreprises \u00e0 leurs besoins, leur n\u00e9cessit\u00e9 de r\u00e9seauter, \u00e0 se former, leurs interrogations et angoisses aussi, vis-\u00e0-vis de l\u2019int\u00e9gration de l\u2019IA, rien ne vaut la d\u00e9centralisation. A fortiori lorsqu\u2019il s\u2019agit de TPE \/ PME.<\/p>\n<p>Cet accompagnement de proximit\u00e9, r\u00e9actif, sur mesure, c\u2019est en tout cas ce que pr\u00f4ne et promet la <a href=\"https:\/\/www.cpmeloire.fr\/\" target=\"_blank\" rel=\"noreferrer noopener\">CPME<\/a> avec la cr\u00e9ation progressive du \u00ab\u00a0hub\u00a0\u00bb de l\u2019Intelligence Artificielle (IA) Loire. Lancement pr\u00e9sent\u00e9 comme pionnier en partenariat avec la CCI Lyon M\u00e9tropole Saint-Etienne Roanne dont l\u2019initiative qu\u2019est <a href=\"https:\/\/www.if-saint-etienne.fr\/breves\/ia-tour-42-la-cpme-loire-et-la-cci-pronent-lintelligence-collective-pour-faire-face\" target=\"_blank\" rel=\"noreferrer noopener\">l\u2019IA tour<\/a>, aux c\u00f4t\u00e9s d\u00e9j\u00e0 de <a href=\"https:\/\/www.ene.fr\/\" target=\"_blank\" rel=\"noreferrer noopener\">l\u2019ENE<\/a> et la CPME est finalement \u00e0 interpr\u00e9ter comme une \u00ab\u00a0pr\u00e9face\u00a0\u00bb de l\u2019ouvrage \u00e0 venir. Ce dernier est appel\u00e9 \u00e0 devenir exemple, \u00e0 l\u2019\u00e9chelle r\u00e9gionale dans un premier temps puis national ensuite, ambitionne carr\u00e9ment Daniel <a href=\"https:\/\/www.if-saint-etienne.fr\/breves\/daniel-villareale-nomme-au-bureau-confederal-de-la-cpme-nationale\" target=\"_blank\" rel=\"noreferrer noopener\">Villareale<\/a>, pr\u00e9sident de la CPME Loire et AuRa \u00e0 propos de la \u00ab\u00a0plateforme\u00a0\u00bb de contact et de mise en contact que doivent abriter les locaux lig\u00e9riens de l\u2019organisation patronale d\u2019ici d\u00e9but 2027 au plus tard. Ce qui implique le recrutement d\u2019un salari\u00e9 s\u2019y consacrant \u00e0 plein temps.<\/p>\n<p>Chasseur plut\u00f4t qu\u2019autruche<\/p>\n<p>Pour ce qui est donc une exp\u00e9rimentation amen\u00e9e \u00e0 faire des petits, la CPME Loire est partie de ce constat\u00a0relev\u00e9 par une \u00e9tude de la BPI France\u00a0: \u00ab\u00a0Pr\u00e8s de deux tiers des dirigeants d\u2019entreprises pensent que l\u2019intelligence artificielle n\u2019est pas un sujet strat\u00e9gique aujourd\u2019hui \u00bb mais que cependant \u00ab\u00a051 % pensent que l\u2019IA deviendra strat\u00e9gique pour la p\u00e9rennit\u00e9 de leur entreprise dans un d\u00e9lai de 3 \u00e0 5 ans\u00a0\u00bb. D\u2019ailleurs, autre constat\u00a0: les sollicitations toujours plus nombreuses des TPE PME aupr\u00e8s de la CPME Aura pour les aider \u00e0 mieux appr\u00e9hender le sujet alors que parall\u00e8lement 450 acteurs \u00e9taient identifi\u00e9s dans la r\u00e9gion cet automne \u2013 leur d\u00e9veloppement est fulgurant \u2013 comme en mesure de leur proposer des solutions techniques ou technologiques. La plateforme que va mettre en place le hub, accessible gratuitement, vise donc \u00e0 donner des premi\u00e8res r\u00e9ponses, orienter et, si affinit\u00e9s, \u00e0 mettre en relation avec d\u2019autres entreprises pour tout simplement partager, sinon acheter aux acteurs sp\u00e9cialis\u00e9s des prestations\u00a0: diagnostic, conseils, formations, installation etc.<\/p>\n<p><img loading=\"lazy\" decoding=\"async\" width=\"1024\" height=\"576\" src=\"https:\/\/www.europesays.com\/fr\/wp-content\/uploads\/2025\/10\/computer-8499917_1280-1-1024x576.jpg\" alt=\"Intelligence artificielle\" class=\"wp-image-80815\"  \/><a href=\"https:\/\/www.epures.com\/\" target=\"_blank\" rel=\"noreferrer noopener\">Epures<\/a> estime qu\u2019un peu moins d\u2019un emploi sur deux dans le d\u00e9partement sera t\u00f4t ou tard impact\u00e9 par l\u2019IA (46 %).\u00a0<\/p>\n<p>Le hub doit conduire \u00e0 intensifier localement la R&amp;D, le transfert de technologies (conf\u00e9rences projets collaboratifs), d\u00e9velopper les usages (inventaires, diagnostic, ateliers) et \u00e0 dispenser des formations. Car derri\u00e8re, si l\u2019IA peut faire peur, la philosophie est d\u2019\u00eatre chasseur plut\u00f4t qu\u2019autruche en appr\u00e9hendant ce virage technologique manifestement historique \u00ab\u00a0non comme un obstacle mais comme moteur de performance\u00a0\u00bb. Ce qui ne signifie pas forc\u00e9ment mur infranchissable d\u2019investissements co\u00fbteux, d\u00e9fendent les promoteurs du hub. Encore faut-il savoir de qui \/ de quoi on a besoin. Au niveau de la seule Loire, <a href=\"https:\/\/www.if-saint-etienne.fr\/economie\/intelligence-artificielle-quels-secteurs-seront-les-plus-impactes-dans-la-loire\" target=\"_blank\" rel=\"noreferrer noopener\">l\u2019\u00e9tude<\/a> sp\u00e9cifique sur l\u2019IA publi\u00e9e en septembre dernier par <a href=\"https:\/\/www.epures.com\/\" target=\"_blank\" rel=\"noreferrer noopener\">Epures<\/a> estime qu\u2019un peu moins d\u2019un emploi sur deux dans le d\u00e9partement sera t\u00f4t ou tard impact\u00e9 par l\u2019IA (46 %).\u00a0<\/p>\n<p>Le rapport de No\u00ebl Paul<\/p>\n<p>Sur les 2 580 entreprises lig\u00e9riennes analys\u00e9es dans cette \u00e9tude (s\u00e9lection cal\u00e9e sur la m\u00e9thodologie d\u2019une \u00e9tude Insee pr\u00e9alable), environ 260 d\u2019entreprises utilisent une technologie relevant de l\u2019IA. Une part proche du niveau national (10,2 % contre 9,9 %). La Loire ne regarde donc pas plus ailleurs que dans le reste du pays. Toutefois, si un tiers des entreprises de 250 salari\u00e9s et plus s\u2019en servent (33 %), ce chiffre chute \u00e0 7 % dans les \u00e9tablissements de moins de 20 personnes. Et si dans l\u2019information et la communication, cette part d\u00e9passe les 40 %, elle est situ\u00e9e entre 10 % et 20 % pour l\u2019ing\u00e9nierie, moins de 10 % c\u00f4t\u00e9 construction et industrie. Ing\u00e9nierie et industrie de pointe font pourtant bon m\u00e9nage dans la Loire, o\u00f9 la part du secteur secondaire r\u00e9siste depuis plus d\u2019une d\u00e9cennie avec un taux d\u2019emploi se <a href=\"https:\/\/www.if-saint-etienne.fr\/economie\/dans-quel-etat-se-trouve-lemploi-prive-dans-la-loire-en-2024-et-debut-2025\" target=\"_blank\" rel=\"noreferrer noopener\">maintenant<\/a> \u00e0 pr\u00e8s de 25 %, nettement au-dessus des moyennes r\u00e9gionale, encore plus nationale.<\/p>\n<p>Un substrat solide qui ne peut que logiquement pousser l\u2019agglom\u00e9ration \u00ab\u00a0d\u2019ing\u00e9nierie\u00a0\u00bb qu\u2019est Saint-Etienne \u00e0 prendre le taureau IA par les cornes, souligne No\u00ebl Paul. Professeur agr\u00e9g\u00e9 de physique, l\u2019ex vice-pr\u00e9sident de Saint-Etienne M\u00e9tropole\u00a0en charge de l\u2019enseignement sup\u00e9rieur et de la recherche a \u00e9t\u00e9 sollicit\u00e9 par Daniel Villareale pour avoir son point de vue sur le projet du hub au moment de l\u2019initier au printemps 2024.\u00a0Le \u00ab\u00a0conseil\u00a0\u00bb s\u2019est transform\u00e9 en pointilleux et fouill\u00e9 rapport strat\u00e9gique \u2013 L\u2019intelligence artificielle et les PME\/TPE \u2013 de plus de 40 pages, envoy\u00e9 au gouvernement et derri\u00e8re, para\u00eet-il, bel et bien pris en compte par Bercy. Valid\u00e9 aussi et sans rien \u00e0 y redire par Jean-Charles <a href=\"https:\/\/www.emse.fr\/~pinoli\/\" target=\"_blank\" rel=\"noreferrer noopener\">Pinoli<\/a>, signal\u00e9 par No\u00ebl Paul, comme \u00ab\u00a0la 47e personnalit\u00e9 mondiale la plus cap\u00e9e dans le domaine sur 160 000 identifi\u00e9es\u2026\u00a0\u00bb<\/p>\n<p>60 000 \u20ac de soutien par la M\u00e9tropole et Saint-Etienne<\/p>\n<p><img loading=\"lazy\" decoding=\"async\" width=\"1024\" height=\"576\" src=\"https:\/\/www.europesays.com\/fr\/wp-content\/uploads\/2025\/12\/thumbnail_20251128_084024-1024x576.jpg\" alt=\"\" class=\"wp-image-81324\"  \/>Pr\u00e9sentation du hub en mairie de Saint-Etienne le 28 novembre. \u00a9If Saint-Etienne \/ XA<\/p>\n<p>En attendant des soutiens \u00e9ventuels du D\u00e9partement \u2013 proactif sur la fibre et la cybers\u00e9curit\u00e9 \u2013 puis de la R\u00e9gion en cas de duplication \u00e0 son \u00e9chelle, collectivit\u00e9s avec qui la CPME est d\u00e9j\u00e0 en contact sur le sujet, la mise en \u0153uvre du hub \u2013 100 000 \u20ac \u00e0 investir en deux fois, r\u00e9partis entre les partenaires \u2013 a d\u00e9j\u00e0 le soutien public de la Ville de Saint-Etienne et de la M\u00e9tropole (30 000 \u20ac chacune). D\u2019o\u00f9 une pr\u00e9sentation du projet \u00e0 l\u2019h\u00f4tel de ville de Saint-Etienne le 28 novembre dernier en pr\u00e9sence de Ga\u00ebl Perdriau, pour son ultime conf\u00e9rence de presse, d\u2019ailleurs, en tant que maire avant le proc\u00e8s. Ce n\u2019est pas Nora Berroukeche, vice-pr\u00e9sidente m\u00e9tropolitaine au d\u00e9veloppement \u00e9conomique et \u00e0 l\u2019innovation mais Marc Chassaub\u00e9n\u00e9, au titre de sa vice-pr\u00e9sidence au design, \u00e0 la culture et au num\u00e9rique qui \u00e9tait pr\u00e9sent pour \u00e9tayer ce soutien \u00e0 l\u2019\u00e9chelle m\u00e9tropolitaine.<\/p>\n<p>Celui-ci fait fortement sens, a insist\u00e9 l\u2019\u00e9lu, au regard de la politique de soutien d\u00e9j\u00e0 men\u00e9e par l\u2019agglom\u00e9ration en faveur des start-ups sur l\u2019innovation technologique, en particulier num\u00e9rique. En plus de la subvention, le serveur appartenant \u00e0 Saint-Etienne M\u00e9tropole pourra \u00eatre mis \u00e0 disposition des TPE PME sollicitant le hub et qui dans le cadre de leur \u00e9volution en auraient besoin. S\u2019ajoutent aussi un d\u00e9but d\u2019expertise concret commun entre l\u2019agglom\u00e9ration et la Ville par le d\u00e9ploiement de programmes d\u2019utilisation dans son fonctionnement interne (programme Victor) et vis-\u00e0-vis des administr\u00e9s pointe, enfin, c\u00f4t\u00e9 Ville, Lionel Jouffre, adjoint \u00e0 la vie num\u00e9rique, aux nouvelles technologies et \u00e0 l\u2019intelligence artificielle.<\/p>\n","protected":false},"excerpt":{"rendered":"Il a \u00e9t\u00e9 pr\u00e9sent\u00e9 \u00e0 Saint-Etienne puisque soutenu par sa municipalit\u00e9 et sa M\u00e9tropole mais le lancement du&hellip;\n","protected":false},"author":2,"featured_media":592362,"comment_status":"","ping_status":"","sticky":false,"template":"","format":"standard","meta":{"footnotes":""},"categories":[9653],"tags":[1111,11,2430,70543,70544,1777,674,11536,1011,27,861,60427,5701,27861,3995,60428,12,8331,25,4001,8330],"class_list":{"0":"post-592361","1":"post","2":"type-post","3":"status-publish","4":"format-standard","5":"has-post-thumbnail","7":"category-saint-etienne","8":"tag-actu","9":"tag-actualites","10":"tag-auvergne-rhone-alpes","11":"tag-cpme-42-loire","12":"tag-daniel-villareale","13":"tag-eu","14":"tag-europe","15":"tag-evolutif","16":"tag-fr","17":"tag-france","18":"tag-ia","19":"tag-ia-entreprises-loire","20":"tag-innovation","21":"tag-innovation-technologique","22":"tag-intelligence-artificielle-ia","23":"tag-intelligence-artificielle-loire","24":"tag-news","25":"tag-pme","26":"tag-republique-francaise","27":"tag-saint-etienne","28":"tag-tpe"},"share_on_mastodon":{"url":"https:\/\/pubeurope.com\/@fr\/115699872358887693","error":""},"_links":{"self":[{"href":"https:\/\/www.europesays.com\/fr\/wp-json\/wp\/v2\/posts\/592361","targetHints":{"allow":["GET"]}}],"collection":[{"href":"https:\/\/www.europesays.com\/fr\/wp-json\/wp\/v2\/posts"}],"about":[{"href":"https:\/\/www.europesays.com\/fr\/wp-json\/wp\/v2\/types\/post"}],"author":[{"embeddable":true,"href":"https:\/\/www.europesays.com\/fr\/wp-json\/wp\/v2\/users\/2"}],"replies":[{"embeddable":true,"href":"https:\/\/www.europesays.com\/fr\/wp-json\/wp\/v2\/comments?post=592361"}],"version-history":[{"count":0,"href":"https:\/\/www.europesays.com\/fr\/wp-json\/wp\/v2\/posts\/592361\/revisions"}],"wp:featuredmedia":[{"embeddable":true,"href":"https:\/\/www.europesays.com\/fr\/wp-json\/wp\/v2\/media\/592362"}],"wp:attachment":[{"href":"https:\/\/www.europesays.com\/fr\/wp-json\/wp\/v2\/media?parent=592361"}],"wp:term":[{"taxonomy":"category","embeddable":true,"href":"https:\/\/www.europesays.com\/fr\/wp-json\/wp\/v2\/categories?post=592361"},{"taxonomy":"post_tag","embeddable":true,"href":"https:\/\/www.europesays.com\/fr\/wp-json\/wp\/v2\/tags?post=592361"}],"curies":[{"name":"wp","href":"https:\/\/api.w.org\/{rel}","templated":true}]}}