{"id":592370,"date":"2025-12-11T08:03:15","date_gmt":"2025-12-11T08:03:15","guid":{"rendered":"https:\/\/www.europesays.com\/fr\/592370\/"},"modified":"2025-12-11T08:03:15","modified_gmt":"2025-12-11T08:03:15","slug":"noel-a-toulon-les-7-temps-forts-a-ne-pas-manquer","status":"publish","type":"post","link":"https:\/\/www.europesays.com\/fr\/592370\/","title":{"rendered":"No\u00ebl \u00e0 Toulon\u00a0: les 7 temps forts \u00e0 ne pas manquer"},"content":{"rendered":"<p>Toulon vibre au rythme de <a href=\"https:\/\/mesinfos.fr\/tag\/noel\" rel=\"noopener\" target=\"_blank\">No\u00ebl<\/a> depuis fin novembre. Entre les <strong>53 chalets<\/strong>, dont 19 consacr\u00e9s \u00e0 l\u2019artisanat local, de la place de la Libert\u00e9, <strong>les man\u00e8ges et la patinoire<\/strong> du Village des enfants, place d\u2019Armes, les festivit\u00e9s vont bon train dans la capitale varoise. <\/p>\n<p>Zoom sur sept temps forts qui vont marquer <strong>les f\u00eates de fin d\u2019ann\u00e9e<\/strong>. <\/p>\n<p>Son et lumi\u00e8re sur la fa\u00e7ade de l\u2019Op\u00e9ra <\/p>\n<p>Top d\u00e9part <strong>le 19 d\u00e9cembre \u00e0 18 h 30<\/strong>. Pour la fin d\u2019ann\u00e9e, la fa\u00e7ade de l\u2019Op\u00e9ra de Toulon sera de nouveau le th\u00e9\u00e2tre d\u2019un <strong>spectacle son et lumi\u00e8re<\/strong> invitant les spectateurs dans un voyage sensoriel unique. \u00ab\u00a0Les images projet\u00e9es raconteront une histoire intemporelle o\u00f9 les traditions de No\u00ebl prendront vie \u00e0 travers des animations captivantes, transportant les spectateurs dans un monde o\u00f9 les r\u00eaves deviennent r\u00e9alit\u00e9\u00a0\u00bb, indique la Ville de Toulon. <\/p>\n<p>Le spectacle <strong>dure 9 min<\/strong>, toutes les 15 minutes. <\/p>\n<p>Place Victor-Hugo <\/p>\n<p>Du 19 au 31 d\u00e9cembre \u00e0 18 h 30.<\/p>\n<p> Jeu d\u2019eau et de lumi\u00e8re sur la Fontaine de la F\u00e9d\u00e9ration <\/p>\n<p>Les jeux de lumi\u00e8re s\u2019invitent \u00e9galement place de la Libert\u00e9, au niveau de la fontaine de la F\u00e9d\u00e9ration. Jusqu\u2019au 24 d\u00e9cembre, diff\u00e9rents effets d\u2019eau et de couleurs cr\u00e9ent<strong> un show aquatique<\/strong> : jets droits, pirouettes, volcans, \u00e9ventails ou corolles. <strong>Trois spectacles diff\u00e9rents<\/strong> sont jou\u00e9s en alternance sur des musiques de No\u00ebl. <\/p>\n<p>Place de la Libert\u00e9 <\/p>\n<p>Jusqu\u2019au 24 d\u00e9cembre, de 19 h \u00e0 21 h <\/p>\n<p>Show unique le 24 d\u00e9cembre \u00e0 18 h.<\/p>\n<p> Chants de No\u00ebl <\/p>\n<p><strong>Vive le vent, Jingle Bells, All I Want For Christmas\u2026<\/strong> sont autant de chansons qui rythment No\u00ebl. Au pied du sapin g\u00e9ant, <strong>Les ch\u0153urs du Sud<\/strong>, la chorale emmen\u00e9e par Franck Castellano, va partager sa passion et inviter le public \u00e0 entonner avec elle son r\u00e9pertoire festif m\u00ealant classiques de No\u00ebl et vari\u00e9t\u00e9s fran\u00e7aises et internationales. Venez chanter \u00e0 leurs c\u00f4t\u00e9s\u00a0! <\/p>\n<p>Place Victor-Hugo <\/p>\n<p>Les vendredis 12 et 19 d\u00e9cembre \u00e0 18 h 30, samedi 20 \u00e0 18 h.<\/p>\n<p>  <img decoding=\"async\" alt=\"\" class=\"img-align-center\" data-zoomable=\"\" height=\"1500\" loading=\"lazy\" src=\"https:\/\/www.europesays.com\/fr\/wp-content\/uploads\/2025\/12\/sapin-opera-toulon.jpg\" width=\"2000\"\/> \u00a9 K. Sarrazin &#8211; Le grand sapin et la place de l&rsquo;Op\u00e9ra seront le th\u00e9\u00e2tre de plusieurs festivit\u00e9s. Les commerces du centre-ville f\u00eatent No\u00ebl <\/p>\n<p>Les Vitrines de Toulon proposent plusieurs rendez-vous festifs destin\u00e9s \u00e0 mettre en lumi\u00e8re les commerces du centre-ville. <\/p>\n<p>Outre le concours de <strong>la plus belle vitrine de No\u00ebl <\/strong>(sur Instagram), une <strong>course de nounours<\/strong> est \u00e9galement organis\u00e9e jusqu\u2019au 31 d\u00e9cembre. Objectif\u00a0: retrouver les 10 boutiques accueillant un nounours, portant chacun un nom diff\u00e9rent. \u00ab\u00a0Les participants devront les rep\u00e9rer, compl\u00e9ter leur bulletin puis le d\u00e9poser dans l\u2019urne situ\u00e9e chez King Jouet\u00a0\u00bb, pr\u00e9cise l\u2019association des commer\u00e7ants. Les trois gagnants remporteront une carte CadoCity de 50 euros.<\/p>\n<p>A noter aussi <strong>le calendrier de l\u2019avent <\/strong>sur le compte Instagram <a href=\"https:\/\/www.instagram.com\/vitrinesdetoulon\/\" rel=\"noopener\" target=\"_blank\">@vitrinesdetoulon<\/a> permettant de remporter chaque jour des cadeaux. <\/p>\n<p>L\u2019arriv\u00e9e du P\u00e8re No\u00ebl <\/p>\n<p>Ce n\u2019est pas en tra\u00eeneau mais <strong>par bateau que le P\u00e8re No\u00ebl fera son arriv\u00e9e \u00e0 Toulon<\/strong>. Rendez-vous au carr\u00e9 du port, en face de la mairie d\u2019honneur, \u00e0 partir de 15 h pour voir l\u2019homme en rouge d\u00e9barquer. <strong>Escort\u00e9 par une parade color\u00e9e<\/strong>, il d\u00e9filera ensuite dans les rues de Toulon jusqu\u2019\u00e0 la place de la Libert\u00e9. <\/p>\n<p>Le 24 d\u00e9cembre \u00e0 15 h <\/p>\n<p>D\u00e9part du carr\u00e9 du port jusqu\u2019\u00e0 la place de la Libert\u00e9.<\/p>\n<p> Les parades dans les rues de Toulon <\/p>\n<p>Parades et animations musicales viendront rythmer les rues de Toulon jusque fin d\u00e9cembre. A commercer par <strong>D\u00e9a alba<\/strong>, une d\u00e9ambulation en musique, po\u00e9tique et onirique, sortie tout droit de la for\u00eat (le 13 d\u00e9cembre) ou <strong>Les souffleurs de r\u00eave<\/strong> qui transportent des po\u00e8mes enchant\u00e9s, chuchotant des mots empreints de sagesse \u00e0 l\u2019oreille de chacun gr\u00e2ce \u00e0 leurs myst\u00e9rieux \u00ab porte-sons \u00bb (19 d\u00e9cembre). Le lendemain, place \u00e0 la <strong>F\u00e9\u00e9rie blanche<\/strong>, une parade scintillante sur des aires de musique joyeux to\u00e9s du r\u00e9pertoire des f\u00eates de fin d\u2019ann\u00e9e. <\/p>\n<p>D\u00e9part du carr\u00e9 du port <\/p>\n<p>De 15 h 30 \u00e0 17 h 30.<\/p>\n<p>  La cr\u00e8che proven\u00e7ale anim\u00e9e <\/p>\n<p>Le boulanger, le p\u00eacheur, la lavandi\u00e8re\u2026 La <strong>cr\u00e8che anim\u00e9e<\/strong>, v\u00e9ritable immersion dans la culture et la vie quotidienne proven\u00e7ales au d\u00e9but du XIXe si\u00e8cle, est install\u00e9e dans un immense chapiteau de la place de la Libert\u00e9. \u00ab\u00a0Avec plus de 1 000 santons soigneusement dispos\u00e9s sur plus de 120 m\u00b2, cette \u00e9vocation d\u2019un Toulon du temps jadis offre une vue d\u2019ensemble fascinante de la vie dans cette ville portuaire embl\u00e9matique\u00a0\u00bb, note la Ville de Toulon. <\/p>\n<p>Parmi les nouveaut\u00e9s de cette ann\u00e9e 2025 : <strong>la tonte des moutons<\/strong> qui r\u00e9unit trois bergers et leurs b\u00eates autour de ce temps fort de la vie pastorale proven\u00e7ale et <strong>le Rugby Club Toulonnais<\/strong> repr\u00e9sent\u00e9 sous les traits de quatre joueurs embl\u00e9matiques. <\/p>\n<p>Le spectacle dure <strong>26 minutes<\/strong>. <\/p>\n<p>Place de la Libert\u00e9 <\/p>\n<p>Entr\u00e9e payante\u00a0: 3 euros pour les adultes, 1euro pour les 6-12 ans, gratuit pour les moins de 6 ans.<\/p>\n<p><script async src=\"\/\/www.instagram.com\/embed.js\"><\/script><\/p>\n","protected":false},"excerpt":{"rendered":"Toulon vibre au rythme de No\u00ebl depuis fin novembre. Entre les 53 chalets, dont 19 consacr\u00e9s \u00e0 l\u2019artisanat&hellip;\n","protected":false},"author":2,"featured_media":592371,"comment_status":"","ping_status":"","sticky":false,"template":"","format":"standard","meta":{"footnotes":""},"categories":[9619],"tags":[1111,11,1777,674,1011,27,65473,12,64981,882,25,2310],"class_list":{"0":"post-592370","1":"post","2":"type-post","3":"status-publish","4":"format-standard","5":"has-post-thumbnail","7":"category-toulon","8":"tag-actu","9":"tag-actualites","10":"tag-eu","11":"tag-europe","12":"tag-fr","13":"tag-france","14":"tag-marchu00e9-de-nou00ebl","15":"tag-news","16":"tag-nou00ebl","17":"tag-provence-alpes-cote-dazur","18":"tag-republique-francaise","19":"tag-toulon"},"share_on_mastodon":{"url":"https:\/\/pubeurope.com\/@fr\/115699896560387737","error":""},"_links":{"self":[{"href":"https:\/\/www.europesays.com\/fr\/wp-json\/wp\/v2\/posts\/592370","targetHints":{"allow":["GET"]}}],"collection":[{"href":"https:\/\/www.europesays.com\/fr\/wp-json\/wp\/v2\/posts"}],"about":[{"href":"https:\/\/www.europesays.com\/fr\/wp-json\/wp\/v2\/types\/post"}],"author":[{"embeddable":true,"href":"https:\/\/www.europesays.com\/fr\/wp-json\/wp\/v2\/users\/2"}],"replies":[{"embeddable":true,"href":"https:\/\/www.europesays.com\/fr\/wp-json\/wp\/v2\/comments?post=592370"}],"version-history":[{"count":0,"href":"https:\/\/www.europesays.com\/fr\/wp-json\/wp\/v2\/posts\/592370\/revisions"}],"wp:featuredmedia":[{"embeddable":true,"href":"https:\/\/www.europesays.com\/fr\/wp-json\/wp\/v2\/media\/592371"}],"wp:attachment":[{"href":"https:\/\/www.europesays.com\/fr\/wp-json\/wp\/v2\/media?parent=592370"}],"wp:term":[{"taxonomy":"category","embeddable":true,"href":"https:\/\/www.europesays.com\/fr\/wp-json\/wp\/v2\/categories?post=592370"},{"taxonomy":"post_tag","embeddable":true,"href":"https:\/\/www.europesays.com\/fr\/wp-json\/wp\/v2\/tags?post=592370"}],"curies":[{"name":"wp","href":"https:\/\/api.w.org\/{rel}","templated":true}]}}