{"id":592374,"date":"2025-12-11T08:05:12","date_gmt":"2025-12-11T08:05:12","guid":{"rendered":"https:\/\/www.europesays.com\/fr\/592374\/"},"modified":"2025-12-11T08:05:12","modified_gmt":"2025-12-11T08:05:12","slug":"un-musee-national-doit-aller-au-plus-pres-des-gens-yannick-lintz-a-choisi-montpellier-pour-exposer-les-chefs-doeuvre-du-musee-guimet","status":"publish","type":"post","link":"https:\/\/www.europesays.com\/fr\/592374\/","title":{"rendered":"\u00ab\u00a0Un mus\u00e9e national doit aller au plus pr\u00e8s des gens\u00a0\u00bb, Yannick Lintz a choisi Montpellier pour exposer les chefs-d\u2019\u0153uvre du mus\u00e9e Guimet"},"content":{"rendered":"<p>\n                                                                Le mus\u00e9e Guimet d\u00e9ploie ses chefs-d\u2019\u0153uvre en r\u00e9gion avec \u00ab\u00a0Guimet +\u00a0\u00bb, un dispositif visant \u00e0 rendre les arts asiatiques accessibles au-del\u00e0 de la capitale. \u00c0 l\u2019H\u00f4tel de Cabri\u00e8res-Sabatier d\u2019Espeyran\u00a0de Montpellier, une trentaine de pi\u00e8ces majeures \u2013 jades, porcelaines, textiles \u2013 sont pr\u00e9sent\u00e9es pendant un an dans une exposition immersive consacr\u00e9e \u00e0 la Chine, premi\u00e8re \u00e9tape d\u2019un cycle de quatre focus d\u00e9di\u00e9s aux grandes aires culturelles asiatiques. Yannick Lintz, pr\u00e9sidente du Mus\u00e9e Guimet, mus\u00e9e national des arts asiatiques, nous parle de ce dispositif et de ce qu\u2019il apporte au public de Montpellier.\n                            <\/p>\n<p class=\"txt-question\">Qu\u2019est-ce qui vous a motiv\u00e9e \u00e0 cr\u00e9er le dispositif\u00a0Guimet +\u00a0et \u00e0 d\u00e9ployer les tr\u00e9sors du mus\u00e9e national au c\u0153ur des territoires\u00a0?<\/p>\n<p>Pour moi, c\u2019est un engagement de plusieurs d\u00e9cennies. J\u2019exerce ce m\u00e9tier depuis 1992 et j\u2019ai commenc\u00e9 en collectivit\u00e9 territoriale \u00e0 Agen. Aujourd\u2019hui, diriger un mus\u00e9e national m\u2019a donn\u00e9 envie de rappeler qu\u2019un mus\u00e9e national ne s\u2019adresse pas seulement aux habitants de Paris et d\u2019\u00cele-de-France, mais qu\u2019il doit aller au plus pr\u00e8s des gens avec ses tr\u00e9sors et leur permettre d\u2019acc\u00e9der \u00e0 une culture souvent m\u00e9connue ailleurs qu\u2019\u00e0 Paris.<\/p>\n<p class=\"txt-question\">Alors pourquoi aujourd\u2019hui\u00a0seulement trois villes\u00a0?<\/p>\n<p>Le dispositif n\u2019a commenc\u00e9 qu\u2019il y a un an et il est encore en d\u00e9veloppement. J\u2019esp\u00e8re l\u2019\u00e9tendre bient\u00f4t dans d\u2019autres villes fran\u00e7aises et m\u00eame en Outre-mer, mais il faut du temps pour s\u00e9curiser les partenariats et garantir la qualit\u00e9 des expositions.<\/p>\n<p class=\"txt-question\">Pourquoi Montpellier\u00a0?<\/p>\n<p>Ce type de projet exige un engagement fort du maire et une r\u00e9elle conviction pour la culture. Montpellier s\u2019est impos\u00e9e naturellement\u00a0: la ville est jumel\u00e9e avec Chengdu, en Chine, et poss\u00e8de un fort enseignement du chinois. Elle est \u00e9galement culturellement dynamique dans le sud de la France. L\u2019entente avec la municipalit\u00e9 a permis de cr\u00e9er un projet solide et durable.<\/p>\n<p class=\"txt-question\">Vous misez sur\u00a0la longue dur\u00e9e, avec quatre expositions d\u2019un an chacune\u00a0?<\/p>\n<p>Mon exp\u00e9rience m\u2019a montr\u00e9 que les dispositifs courts ne suffisent pas. Les grands mus\u00e9es qui se d\u00e9placent en r\u00e9gion restent souvent seulement trois \u00e0 six mois, ce qui ne permet pas de cr\u00e9er un vrai travail \u00e9ducatif. Une exposition d\u2019un an permet de collaborer avec les \u00e9coles, les associations et les habitants, et de proposer des activit\u00e9s p\u00e9dagogiques approfondies. R\u00e9p\u00e9ter ce cycle sur quatre ans, avec chaque ann\u00e9e un focus sur un pays d\u2019Asie diff\u00e9rent, permet de d\u00e9couvrir progressivement la richesse et la diversit\u00e9 des arts asiatiques et d\u2019offrir au public un v\u00e9ritable parcours de connaissances.<\/p>\n<p>\u00ab\u00a0Ce sont des chefs-d\u2019\u0153uvre\u00a0\u00bb<\/p>\n<p class=\"txt-question\">Vous disposez de 60\u00a0000 \u0153uvres au mus\u00e9e Guimet. \u00c0 Montpellier, on n\u2019en verra qu\u2019une trentaine. Le potentiel est immense\u00a0?<\/p>\n<p>Oui, et c\u2019est ce qui motive ce partage du patrimoine national. Les \u0153uvres envoy\u00e9es \u00e0 Montpellier ne sont pas des pi\u00e8ces secondaires. Ce sont des chefs-d\u2019\u0153uvre.\u00a0Quand nous disons que nous poss\u00e9dons 60\u00a0000 \u0153uvres, j\u2019estime qu\u2019environ 10\u00a0% peuvent \u00eatre consid\u00e9r\u00e9es comme des chefs-d\u2019\u0153uvre. Et c\u2019est dans ce noyau que nous avons puis\u00e9 pour Montpellier et pour les autres \u00ab\u00a0Guimet +\u00a0\u00bb.<\/p>\n<p class=\"txt-question\">Qu\u2019apprend-on sur l\u2019art chinois avec cette exposition\u00a0?<\/p>\n<p>Nous abordons les \u0153uvres \u00e0 travers des th\u00e8mes universels\u00a0: le prestige, le sacr\u00e9, la transgression. Ces notions traversent toutes les civilisations et parlent aux jeunes publics. Elles servent de cl\u00e9 pour s\u00e9lectionner des \u0153uvres qui illustrent ces concepts, permettant de raconter la Chine \u00e0 travers 30 \u00e0 35 chefs-d\u2019\u0153uvre. Au-del\u00e0 de cette approche th\u00e9matique, nous cherchons aussi \u00e0 rendre sensible l\u2019art chinois. Nous pr\u00e9sentons une grande vari\u00e9t\u00e9 d\u2019objets\u00a0: des jades, des porcelaines, des textiles. Nous couvrons une large p\u00e9riode, de l\u2019Antiquit\u00e9 jusqu\u2019au XIXe\u00a0si\u00e8cle, afin de montrer la diversit\u00e9 des mat\u00e9riaux, des techniques et des formes de l\u2019art chinois.<\/p>\n<p class=\"txt-question\">Quelle est la pi\u00e8ce \u00ab\u00a0coup de c\u0153ur\u00a0\u00bb de cette premi\u00e8re exposition\u00a0?<\/p>\n<p>Personnellement, j\u2019ai une vraie faiblesse pour les sculptures en jade, mat\u00e9riau plus pr\u00e9cieux que l\u2019or en Chine, fascinant par sa transparence. Les porcelaines expos\u00e9es comptent parmi les plus rares au monde, comme un vase exceptionnel. Nous avons voulu faire d\u00e9couvrir la Chine \u00e0 travers ses plus grands chefs-d\u2019\u0153uvre, qui incarnent son histoire et sa cr\u00e9ativit\u00e9 artistique.<\/p>\n<p class=\"txt-question\">Apr\u00e8s la Chine viendront le monde indien, le Japon, puis le monde himalayen. Comment ces quatre expositions dessinent-elles une cartographie des arts asiatiques\u00a0?<\/p>\n<p>Cette cartographie n\u2019est pas exhaustive\u00a0: l\u2019Asie, telle que repr\u00e9sent\u00e9e au Guimet, s\u2019\u00e9tend de l\u2019Afghanistan au Japon et \u00e0 la Cor\u00e9e, en passant par l\u2019Inde et l\u2019Asie du Sud-Est. Ces quatre focus permettent n\u00e9anmoins de couvrir les grandes aires culturelles majeures des collections\u00a0: Chine, Japon, Inde et monde himalayen.<\/p>\n<p class=\"txt-question\">Vous proposez une exp\u00e9rience multisensorielle avec des dispositifs olfactifs, sonores et interactifs. Est-ce une mani\u00e8re de renouveler la mus\u00e9ographie traditionnelle\u00a0?<\/p>\n<p>Oui, c\u2019est une mani\u00e8re de plonger le visiteur dans une exp\u00e9rience immersive, sollicitant tous ses sens pour ressentir la Chine et comprendre les \u0153uvres dans leur contexte, tout en rendant la visite plus vivante et accessible, notamment pour les jeunes publics.<\/p>\n<p>Chine, chefs-d\u2019\u0153uvre du mus\u00e9e Guimet. Du 13\u00a0d\u00e9cembre au 1er\u00a0novembre 2026, du mardi au dimanche de 14\u00a0h \u00e0 18\u00a0h. H\u00f4tel de Cabri\u00e8res-Sabatier d\u2019Espeyran, 6 rue Montpelli\u00e9ret, Montpellier. Tarifs\u00a0: 3 et 5\u00a0\u20ac.<\/p>\n","protected":false},"excerpt":{"rendered":"Le mus\u00e9e Guimet d\u00e9ploie ses chefs-d\u2019\u0153uvre en r\u00e9gion avec \u00ab\u00a0Guimet +\u00a0\u00bb, un dispositif visant \u00e0 rendre les arts&hellip;\n","protected":false},"author":2,"featured_media":592375,"comment_status":"","ping_status":"","sticky":false,"template":"","format":"standard","meta":{"footnotes":""},"categories":[9599],"tags":[1111,11,872,1777,674,1011,27,7089,2208,12,2680,25],"class_list":{"0":"post-592374","1":"post","2":"type-post","3":"status-publish","4":"format-standard","5":"has-post-thumbnail","7":"category-montpellier","8":"tag-actu","9":"tag-actualites","10":"tag-culture-et-loisirs","11":"tag-eu","12":"tag-europe","13":"tag-fr","14":"tag-france","15":"tag-herault","16":"tag-montpellier","17":"tag-news","18":"tag-occitanie","19":"tag-republique-francaise"},"share_on_mastodon":{"url":"https:\/\/pubeurope.com\/@fr\/115699903822020912","error":""},"_links":{"self":[{"href":"https:\/\/www.europesays.com\/fr\/wp-json\/wp\/v2\/posts\/592374","targetHints":{"allow":["GET"]}}],"collection":[{"href":"https:\/\/www.europesays.com\/fr\/wp-json\/wp\/v2\/posts"}],"about":[{"href":"https:\/\/www.europesays.com\/fr\/wp-json\/wp\/v2\/types\/post"}],"author":[{"embeddable":true,"href":"https:\/\/www.europesays.com\/fr\/wp-json\/wp\/v2\/users\/2"}],"replies":[{"embeddable":true,"href":"https:\/\/www.europesays.com\/fr\/wp-json\/wp\/v2\/comments?post=592374"}],"version-history":[{"count":0,"href":"https:\/\/www.europesays.com\/fr\/wp-json\/wp\/v2\/posts\/592374\/revisions"}],"wp:featuredmedia":[{"embeddable":true,"href":"https:\/\/www.europesays.com\/fr\/wp-json\/wp\/v2\/media\/592375"}],"wp:attachment":[{"href":"https:\/\/www.europesays.com\/fr\/wp-json\/wp\/v2\/media?parent=592374"}],"wp:term":[{"taxonomy":"category","embeddable":true,"href":"https:\/\/www.europesays.com\/fr\/wp-json\/wp\/v2\/categories?post=592374"},{"taxonomy":"post_tag","embeddable":true,"href":"https:\/\/www.europesays.com\/fr\/wp-json\/wp\/v2\/tags?post=592374"}],"curies":[{"name":"wp","href":"https:\/\/api.w.org\/{rel}","templated":true}]}}