{"id":592380,"date":"2025-12-11T08:09:31","date_gmt":"2025-12-11T08:09:31","guid":{"rendered":"https:\/\/www.europesays.com\/fr\/592380\/"},"modified":"2025-12-11T08:09:31","modified_gmt":"2025-12-11T08:09:31","slug":"edeis-prendra-les-commandes-de-laeroport-grenoble-alpes-isere-pour-les-douze-prochaines-annees","status":"publish","type":"post","link":"https:\/\/www.europesays.com\/fr\/592380\/","title":{"rendered":"Edeis prendra les commandes de l\u2019a\u00e9roport Grenoble Alpes Is\u00e8re pour les douze prochaines ann\u00e9es"},"content":{"rendered":"<p>                                                        <img loading=\"lazy\" decoding=\"async\" width=\"2048\" height=\"1229\" src=\"data:image\/svg+xml,%3Csvg%20xmlns=\" http:=\"\" class=\"thumb img-responsive m-x-auto block w-full\" alt=\"lyon entreprises edeis\" caption=\"\" data-lazy-src=\"https:\/\/www.europesays.com\/fr\/wp-content\/uploads\/2025\/12\/lyon-entreprises-edeis.webp.webp\"\/><\/p>\n<p class=\"ez-toc-title ez-toc-toggle\" style=\"cursor: pointer\">Sommaire &amp; acc\u00e8s rapide<\/p>\n<p><a href=\"#\" class=\"ez-toc-pull-right ez-toc-btn ez-toc-btn-xs ez-toc-btn-default ez-toc-toggle\" aria-label=\"Toggle Table of Content\">Toggle<\/a><\/p>\n<p><strong>Le D\u00e9partement de l\u2019Is\u00e8re a retenu Edeis pour assurer l\u2019exploitation et le d\u00e9veloppement de l\u2019a\u00e9roport Grenoble Alpes Is\u00e8re, une infrastructure strat\u00e9gique pour l\u2019\u00e9conomie touristique et l\u2019attractivit\u00e9 alpine, accueillant chaque ann\u00e9e pr\u00e8s de 300 000 voyageurs.<\/strong><\/p>\n<p>Un nouveau mandat pour un a\u00e9roport cl\u00e9 du territoire<\/p>\n<p>\u00c0 partir du 1er juillet 2026, Edeis exercera la d\u00e9l\u00e9gation de service public confi\u00e9e par le D\u00e9partement de l\u2019Is\u00e8re pour une dur\u00e9e de douze ans. L\u2019a\u00e9roport Grenoble Alpes Is\u00e8re devient ainsi le 21e a\u00e9roport du r\u00e9seau Edeis, et le plus important de son p\u00e9rim\u00e8tre en m\u00e9tropole.<\/p>\n<p>Cr\u00e9\u00e9e \u00e0 l\u2019occasion des Jeux olympiques et forte de pr\u00e8s de soixante ans d\u2019histoire, la plateforme s\u2019est impos\u00e9e comme une porte d\u2019entr\u00e9e majeure vers les stations de l\u2019Is\u00e8re et des Alpes du Nord. Avec environ 300 000 voyageurs par an, elle joue un r\u00f4le d\u00e9terminant dans les mobilit\u00e9s touristiques et l\u2019\u00e9conomie locale.<\/p>\n<p>Un programme d\u2019investissement pour accompagner l\u2019\u00e9volution de la plateforme<\/p>\n<p>Edeis annonce un programme d\u2019investissement destin\u00e9 \u00e0 moderniser l\u2019infrastructure et \u00e0 soutenir une exploitation attentive aux enjeux contemporains, notamment environnementaux. La d\u00e9marche sera men\u00e9e en lien \u00e9troit avec le D\u00e9partement de l\u2019Is\u00e8re et les acteurs du territoire.<\/p>\n<p>L\u2019op\u00e9rateur pr\u00e9voit \u00e9galement une attention particuli\u00e8re port\u00e9e au parcours passagers, avec l\u2019objectif de rendre les d\u00e9placements plus fluides et plus lisibles, au b\u00e9n\u00e9fice des voyageurs, des compagnies a\u00e9riennes et de l\u2019image de la destination.<\/p>\n<p>Coordination renforc\u00e9e avec les mobilit\u00e9s touristiques<\/p>\n<p>Pour am\u00e9liorer la continuit\u00e9 entre l\u2019a\u00e9roport et les stations, notamment en p\u00e9riode hivernale, Edeis s\u2019appuiera sur un groupement avec CB Autocars afin de faciliter les correspondances et d\u2019accompagner les mobilit\u00e9s tout au long de l\u2019ann\u00e9e.<\/p>\n<p>Une reprise plac\u00e9e sous le signe du dialogue social<\/p>\n<p>Edeis se dit attentif aux pr\u00e9occupations li\u00e9es au changement d\u2019op\u00e9rateur. Le groupe affirme aborder la reprise avec une ligne claire : respect du cadre social, transparence et \u00e9coute. Les \u00e9quipes seront rencontr\u00e9es d\u00e8s que le cadre l\u00e9gal le permettra, afin de pr\u00e9parer la transition en s\u2019appuyant sur leur savoir-faire.<\/p>\n<p>Une ambition affich\u00e9e pour l\u2019attractivit\u00e9 du territoire<\/p>\n<p>Pour Martin Meyrier, pr\u00e9sident d\u2019Edeis Concessions, l\u2019a\u00e9roport constitue un levier essentiel pour l\u2019acc\u00e8s au massif alpin et l\u2019attractivit\u00e9 de l\u2019Is\u00e8re. Il \u00e9voque une d\u00e9l\u00e9gation men\u00e9e avec enthousiasme et humilit\u00e9, ainsi que la volont\u00e9 de renforcer durablement la qualit\u00e9 de service et l\u2019exp\u00e9rience des voyageurs.<\/p>\n","protected":false},"excerpt":{"rendered":"Sommaire &amp; acc\u00e8s rapide Toggle Le D\u00e9partement de l\u2019Is\u00e8re a retenu Edeis pour assurer l\u2019exploitation et le d\u00e9veloppement&hellip;\n","protected":false},"author":2,"featured_media":592381,"comment_status":"","ping_status":"","sticky":false,"template":"","format":"standard","meta":{"footnotes":""},"categories":[9566],"tags":[1111,11,2430,1777,674,1011,27,2731,12,25],"class_list":{"0":"post-592380","1":"post","2":"type-post","3":"status-publish","4":"format-standard","5":"has-post-thumbnail","7":"category-grenoble","8":"tag-actu","9":"tag-actualites","10":"tag-auvergne-rhone-alpes","11":"tag-eu","12":"tag-europe","13":"tag-fr","14":"tag-france","15":"tag-grenoble","16":"tag-news","17":"tag-republique-francaise"},"share_on_mastodon":{"url":"https:\/\/pubeurope.com\/@fr\/115699919443321547","error":""},"_links":{"self":[{"href":"https:\/\/www.europesays.com\/fr\/wp-json\/wp\/v2\/posts\/592380","targetHints":{"allow":["GET"]}}],"collection":[{"href":"https:\/\/www.europesays.com\/fr\/wp-json\/wp\/v2\/posts"}],"about":[{"href":"https:\/\/www.europesays.com\/fr\/wp-json\/wp\/v2\/types\/post"}],"author":[{"embeddable":true,"href":"https:\/\/www.europesays.com\/fr\/wp-json\/wp\/v2\/users\/2"}],"replies":[{"embeddable":true,"href":"https:\/\/www.europesays.com\/fr\/wp-json\/wp\/v2\/comments?post=592380"}],"version-history":[{"count":0,"href":"https:\/\/www.europesays.com\/fr\/wp-json\/wp\/v2\/posts\/592380\/revisions"}],"wp:featuredmedia":[{"embeddable":true,"href":"https:\/\/www.europesays.com\/fr\/wp-json\/wp\/v2\/media\/592381"}],"wp:attachment":[{"href":"https:\/\/www.europesays.com\/fr\/wp-json\/wp\/v2\/media?parent=592380"}],"wp:term":[{"taxonomy":"category","embeddable":true,"href":"https:\/\/www.europesays.com\/fr\/wp-json\/wp\/v2\/categories?post=592380"},{"taxonomy":"post_tag","embeddable":true,"href":"https:\/\/www.europesays.com\/fr\/wp-json\/wp\/v2\/tags?post=592380"}],"curies":[{"name":"wp","href":"https:\/\/api.w.org\/{rel}","templated":true}]}}