{"id":592382,"date":"2025-12-11T08:10:21","date_gmt":"2025-12-11T08:10:21","guid":{"rendered":"https:\/\/www.europesays.com\/fr\/592382\/"},"modified":"2025-12-11T08:10:21","modified_gmt":"2025-12-11T08:10:21","slug":"chantepie-une-conference-gesticulee-contre-la-grossophobie","status":"publish","type":"post","link":"https:\/\/www.europesays.com\/fr\/592382\/","title":{"rendered":"Chantepie. Une conf\u00e9rence gesticul\u00e9e contre la \u00ab\u00a0grossophobie\u00a0\u00bb"},"content":{"rendered":"<p>Samedi, l\u2019association Chantepie Initiatives propose la pi\u00e8ce Je suis grosse, gourmande et je t\u2019emm\u2026 de Ma\u00eblle Bulle.\u00a0Avec humour et tendresse, Ma\u00eblle Bulle invite les spectateurs dans sa cuisine. Elle y raconte son parcours de vie, en passant par l\u2019Indice masse corporelle (IMC), les facteurs d\u2019ob\u00e9sit\u00e9, les troubles du comportement et les imp\u00e9ratifs li\u00e9s \u00e0 la beaut\u00e9. Tout cela en pr\u00e9parant un g\u00e2teau\u00a0!<\/p>\n<p> <strong> <strong>\u00a0Ce spectacle nous a sembl\u00e9 avoir tout \u00e0 fait sa place entre Cuisines du monde que nous avons organis\u00e9 en novembre et les r\u00e9jouissances gustatives li\u00e9es \u00e0 la p\u00e9riode de No\u00ebl,<\/strong><\/strong> s\u2019amuse Genevi\u00e8ve Guiral, pr\u00e9sidente de Chantepie Initiatives. <strong>L\u2019actrice Ma\u00eblle Bergeot, alias Ma\u00eblle Bulle, y pourfend avec finesse ce que qu\u2019elle appelle la grossophobie<\/strong>.\u00a0\u00bb<\/p>\n<p>Samedi 13\u00a0d\u00e9cembre, la pi\u00e8ce Je suis grosse, gourmande et je t\u2019emm\u2026, \u00e0 20\u00a0h, salle Hallouvry. Dur\u00e9e\u00a0: 1\u00a0h\u00a045. Tarifs\u00a0: 8\u00a0\u20ac, r\u00e9duit 5\u00a0\u20ac (carte Sortir, jeunes de 12 \u00e0 18\u00a0ans). R\u00e9servation conseill\u00e9e\u00a0: chantepie.initiatives@gmail.com ou helloasso\/chantepie initiatives. Par t\u00e9l. 06\u00a041\u00a028\u00a035\u00a050 ou 06\u00a089\u00a048\u00a020\u00a002. Bus 13, arr\u00eat Hallouvry, rue Hallouvry.<\/p>\n<p>\u00a0<\/p>\n","protected":false},"excerpt":{"rendered":"Samedi, l\u2019association Chantepie Initiatives propose la pi\u00e8ce Je suis grosse, gourmande et je t\u2019emm\u2026 de Ma\u00eblle Bulle.\u00a0Avec humour&hellip;\n","protected":false},"author":2,"featured_media":592383,"comment_status":"","ping_status":"","sticky":false,"template":"","format":"standard","meta":{"footnotes":""},"categories":[2821],"tags":[1111,11,829,12790,6211,1777,674,1011,27,70546,44767,12,3086,584,25],"class_list":{"0":"post-592382","1":"post","2":"type-post","3":"status-publish","4":"format-standard","5":"has-post-thumbnail","7":"category-rennes","8":"tag-actu","9":"tag-actualites","10":"tag-bretagne","11":"tag-chantepie","12":"tag-conference","13":"tag-eu","14":"tag-europe","15":"tag-fr","16":"tag-france","17":"tag-gesticulee","18":"tag-grossophobie","19":"tag-news","20":"tag-redon","21":"tag-rennes","22":"tag-republique-francaise"},"share_on_mastodon":{"url":"https:\/\/pubeurope.com\/@fr\/115699923340239168","error":""},"_links":{"self":[{"href":"https:\/\/www.europesays.com\/fr\/wp-json\/wp\/v2\/posts\/592382","targetHints":{"allow":["GET"]}}],"collection":[{"href":"https:\/\/www.europesays.com\/fr\/wp-json\/wp\/v2\/posts"}],"about":[{"href":"https:\/\/www.europesays.com\/fr\/wp-json\/wp\/v2\/types\/post"}],"author":[{"embeddable":true,"href":"https:\/\/www.europesays.com\/fr\/wp-json\/wp\/v2\/users\/2"}],"replies":[{"embeddable":true,"href":"https:\/\/www.europesays.com\/fr\/wp-json\/wp\/v2\/comments?post=592382"}],"version-history":[{"count":0,"href":"https:\/\/www.europesays.com\/fr\/wp-json\/wp\/v2\/posts\/592382\/revisions"}],"wp:featuredmedia":[{"embeddable":true,"href":"https:\/\/www.europesays.com\/fr\/wp-json\/wp\/v2\/media\/592383"}],"wp:attachment":[{"href":"https:\/\/www.europesays.com\/fr\/wp-json\/wp\/v2\/media?parent=592382"}],"wp:term":[{"taxonomy":"category","embeddable":true,"href":"https:\/\/www.europesays.com\/fr\/wp-json\/wp\/v2\/categories?post=592382"},{"taxonomy":"post_tag","embeddable":true,"href":"https:\/\/www.europesays.com\/fr\/wp-json\/wp\/v2\/tags?post=592382"}],"curies":[{"name":"wp","href":"https:\/\/api.w.org\/{rel}","templated":true}]}}