{"id":592386,"date":"2025-12-11T08:12:12","date_gmt":"2025-12-11T08:12:12","guid":{"rendered":"https:\/\/www.europesays.com\/fr\/592386\/"},"modified":"2025-12-11T08:12:12","modified_gmt":"2025-12-11T08:12:12","slug":"cette-ville-du-grand-est-est-lune-des-meilleures-au-monde-pour-cette-activite-de-noel-selon-un-classement","status":"publish","type":"post","link":"https:\/\/www.europesays.com\/fr\/592386\/","title":{"rendered":"Cette ville du Grand Est est l&rsquo;une des meilleures au monde pour cette activit\u00e9 de No\u00ebl, selon un classement"},"content":{"rendered":"<p>                    Par<br \/>\n        <strong><br \/>\n            <a href=\"https:\/\/actu.fr\/auteur\/ivan-capecchi\" title=\"Consulter tous les articles de Ivan CAPECCHI\" target=\"_blank\" rel=\"noopener\">Ivan CAPECCHI<\/a><br \/>\n                    <\/strong><\/p>\n<p>        Publi\u00e9 le<\/p>\n<p>            11 d\u00e9c. 2025 \u00e0 7h02        <\/p>\n<p>Une ville du <a href=\"https:\/\/actu.fr\/grand-est\/\" target=\"_blank\" rel=\"noopener\">Grand Est<\/a> se hisse parmi les <strong>meilleures destinations au monde o\u00f9 vivre des visites guid\u00e9es<\/strong> de <a href=\"https:\/\/actu.fr\/tag\/noel\" target=\"_blank\" rel=\"noopener\">No\u00ebl<\/a>, selon un classement publi\u00e9 r\u00e9cemment et fond\u00e9 sur des donn\u00e9es <strong>Tripadvisor<\/strong> et <strong>Kayak<\/strong>. L\u2019\u00e9tude compare <strong>plus de 50 villes selon quatre crit\u00e8res<\/strong>, dont le nombre de<strong> \u00ab\u2009Christmas tours\u2009\u00bb<\/strong> \u2013 des visites guid\u00e9es sp\u00e9ciales d\u00e9di\u00e9es aux march\u00e9s, aux illuminations et aux traditions locales \u2013 ainsi que leur <strong>prix m\u00e9dian par heure<\/strong>, c\u2019est-\u00e0-dire le tarif habituel constat\u00e9 pour une heure de visite.<\/p>\n<p>Strasbourg, destination id\u00e9ale pour une visite guid\u00e9e de No\u00ebl<\/p>\n<p class=\" wall-content\">Il s\u2019agit de <strong>Strasbourg<\/strong>, class\u00e9e <strong>5e meilleure destination mondiale<\/strong> pour vivre une visite guid\u00e9e pendant No\u00ebl en 2025.<\/p>\n<p class=\" wall-content\">La capitale alsacienne se place devant des villes comme Prague (R\u00e9publique tch\u00e8que), Budapest (Hongrie), Qu\u00e9bec (Canada), Copenhague (Danemark) ou Rome (Italie).<\/p>\n<p class=\" wall-content\">\u00c0 noter que la ville de <strong>Colmar<\/strong> dans le Haut-Rhin se situe \u00e0 la <strong>11e position<\/strong>.<\/p>\n<p>L\u2019une des destinations les plus ch\u00e8res du top\u00a05<\/p>\n<p class=\" wall-content\">L\u2019\u00e9tude souligne n\u00e9anmoins que Strasbourg reste l\u2019une des destinations<strong> les plus ch\u00e8res du top\u00a05<\/strong> (dont la premi\u00e8re place est occup\u00e9e par Londres)\u2009: environ <strong>276\u00a0\u20ac la nuit\u00e9e en d\u00e9cembre<\/strong> et <strong>autour de 38\u00a0\u20ac pour une heure de visite<\/strong>.<\/p>\n<p class=\" wall-content\">Personnalisez votre actualit\u00e9 en ajoutant vos villes et m\u00e9dias en favori avec <a href=\"https:\/\/moncompte.actu.fr\" title=\"D\u00e9couvez Mon Actu\" rel=\"nofollow noopener\" data-trk=\"{&quot;cta&quot;:{&quot;action&quot;:&quot;https:\\\/\\\/moncompte.actu.fr&quot;,&quot;category&quot;:&quot;mon compte&quot;,&quot;from&quot;:&quot;article footer&quot;,&quot;name&quot;:&quot;Mon actu&quot;,&quot;type&quot;:&quot;cta&quot;}}\" target=\"_blank\">Mon Actu<\/a>.<\/p>\n","protected":false},"excerpt":{"rendered":"Par Ivan CAPECCHI Publi\u00e9 le 11 d\u00e9c. 2025 \u00e0 7h02 Une ville du Grand Est se hisse parmi&hellip;\n","protected":false},"author":2,"featured_media":592387,"comment_status":"","ping_status":"","sticky":false,"template":"","format":"standard","meta":{"footnotes":""},"categories":[2820],"tags":[1111,11,1777,674,1011,27,775,1652,56596,12,25,640],"class_list":{"0":"post-592386","1":"post","2":"type-post","3":"status-publish","4":"format-standard","5":"has-post-thumbnail","7":"category-strasbourg","8":"tag-actu","9":"tag-actualites","10":"tag-eu","11":"tag-europe","12":"tag-fr","13":"tag-france","14":"tag-grand-est","15":"tag-loisirs-culture","16":"tag-marche-de-noel-de-strasbourg","17":"tag-news","18":"tag-republique-francaise","19":"tag-strasbourg"},"share_on_mastodon":{"url":"https:\/\/pubeurope.com\/@fr\/115699931231332368","error":""},"_links":{"self":[{"href":"https:\/\/www.europesays.com\/fr\/wp-json\/wp\/v2\/posts\/592386","targetHints":{"allow":["GET"]}}],"collection":[{"href":"https:\/\/www.europesays.com\/fr\/wp-json\/wp\/v2\/posts"}],"about":[{"href":"https:\/\/www.europesays.com\/fr\/wp-json\/wp\/v2\/types\/post"}],"author":[{"embeddable":true,"href":"https:\/\/www.europesays.com\/fr\/wp-json\/wp\/v2\/users\/2"}],"replies":[{"embeddable":true,"href":"https:\/\/www.europesays.com\/fr\/wp-json\/wp\/v2\/comments?post=592386"}],"version-history":[{"count":0,"href":"https:\/\/www.europesays.com\/fr\/wp-json\/wp\/v2\/posts\/592386\/revisions"}],"wp:featuredmedia":[{"embeddable":true,"href":"https:\/\/www.europesays.com\/fr\/wp-json\/wp\/v2\/media\/592387"}],"wp:attachment":[{"href":"https:\/\/www.europesays.com\/fr\/wp-json\/wp\/v2\/media?parent=592386"}],"wp:term":[{"taxonomy":"category","embeddable":true,"href":"https:\/\/www.europesays.com\/fr\/wp-json\/wp\/v2\/categories?post=592386"},{"taxonomy":"post_tag","embeddable":true,"href":"https:\/\/www.europesays.com\/fr\/wp-json\/wp\/v2\/tags?post=592386"}],"curies":[{"name":"wp","href":"https:\/\/api.w.org\/{rel}","templated":true}]}}